{"id":35260,"date":"2020-09-20T17:49:16","date_gmt":"2020-09-20T17:49:16","guid":{"rendered":"https:\/\/jorgezanoni.com.br\/2019\/?p=35260"},"modified":"2020-09-20T17:49:16","modified_gmt":"2020-09-20T17:49:16","slug":"empresario-milton-pennacchi-morre-aos-88-anos-em-presidente-prudente","status":"publish","type":"post","link":"https:\/\/jorgezanoni.com.br\/2019\/empresario-milton-pennacchi-morre-aos-88-anos-em-presidente-prudente\/","title":{"rendered":"Empres\u00e1rio Milton Pennacchi morre aos 88 anos em Presidente Prudente"},"content":{"rendered":"<h2 class=\"content-head__subtitle\" style=\"text-align: justify;\"><strong>Ele era diretor presidente da Associa\u00e7\u00e3o Educacional Toledo. Sepultamento ser\u00e1 no Cemit\u00e9rio Municipal Campal.<\/strong><\/h2>\n<div class=\"mc-column content-text active-extra-styles \" data-block-type=\"unstyled\" data-block-weight=\"24\" data-block-id=\"2\">\n<p class=\"content-text__container \" style=\"text-align: justify;\" data-track-category=\"Link no Texto\" data-track-links=\"\">Morreu na manh\u00e3 deste domingo (20), em\u00a0<a href=\"https:\/\/g1.globo.com\/sp\/presidente-prudente-regiao\/cidade\/presidente-prudente\/\">Presidente Prudente<\/a>, o empres\u00e1rio Milton Pennacchi, aos 88 anos. Ele era diretor presidente da Associa\u00e7\u00e3o Educacional Toledo.<\/p>\n<\/div>\n<div class=\"wall protected-content\">\n<div class=\"mc-column content-text active-extra-styles \" style=\"text-align: justify;\" data-block-type=\"unstyled\" data-block-weight=\"13\" data-block-id=\"3\">\n<p class=\"content-text__container \" data-track-category=\"Link no Texto\" data-track-links=\"\">A causa da morte foi insufici\u00eancia respirat\u00f3ria, segundo informa\u00e7\u00f5es da institui\u00e7\u00e3o de ensino.<\/p>\n<\/div>\n<div class=\"mc-column content-text active-extra-styles \" style=\"text-align: justify;\" data-block-type=\"unstyled\" data-block-weight=\"50\" data-block-id=\"4\">\n<p class=\"content-text__container \" data-track-category=\"Link no Texto\" data-track-links=\"\">\u201c\u00c9 com imensa tristeza, que a Toledo Prudente Centro Universit\u00e1rio comunica o falecimento do Diretor Presidente da Associa\u00e7\u00e3o Educacional Toledo, Milton Pennacchi. O empreendedor, foi o \u2018bra\u00e7o direito\u2019 do Doutor Ant\u00f4nio Eufr\u00e1sio de Toledo, na funda\u00e7\u00e3o da institui\u00e7\u00e3o de ensino superior em Presidente Prudente\u201d, diz o comunicado no site oficial da Toledo.<\/p>\n<\/div>\n<div class=\"mc-column content-text active-extra-styles \" style=\"text-align: justify;\" data-block-type=\"unstyled\" data-block-weight=\"31\" data-block-id=\"5\">\n<p class=\"content-text__container \" data-track-category=\"Link no Texto\" data-track-links=\"\">Ainda conforme a institui\u00e7\u00e3o, a despedida ser\u00e1 das 15h \u00e0s 16h, no Espa\u00e7o Toledo, na Vila Furquim, onde sair\u00e1 com cortejo at\u00e9 o Cemit\u00e9rio Municipal Campal de Presidente Prudente, para sepultamento.<\/p>\n<\/div>\n<div class=\"mc-column content-text active-extra-styles \" style=\"text-align: justify;\" data-block-type=\"unstyled\" data-block-weight=\"34\" data-block-id=\"6\">\n<p class=\"content-text__container \" data-track-category=\"Link no Texto\" data-track-links=\"\">A institui\u00e7\u00e3o ressaltou que, devido \u00e0 pandemia, a despedida ser\u00e1 em formato drive-thru no estacionamento do Espa\u00e7o Toledo. \u201cPedimos que todos respeitem as medidas de distanciamento social e protocolos de seguran\u00e7a\u201d, diz o comunicado.<\/p>\n<\/div>\n<div class=\"mc-column content-text active-extra-styles \" style=\"text-align: justify;\" data-block-type=\"unstyled\" data-block-weight=\"18\" data-block-id=\"7\">\n<p class=\"content-text__container \" data-track-category=\"Link no Texto\" data-track-links=\"\">O Centro Universit\u00e1rio decretou luto oficial e nesta segunda-feira (21) estar\u00e3o suspensas todas as atividades acad\u00eamicas e administrativas.<\/p>\n<\/div>\n<div class=\"row medium-uncollapsed content-media content-photo\" style=\"text-align: justify;\" data-block-type=\"backstage-photo\" data-block-id=\"8\">\n<div class=\"mc-column content-media__container\">\n<figure><img decoding=\"async\" class=\"i-amphtml-fill-content i-amphtml-replaced-content\" src=\"https:\/\/s2.glbimg.com\/8w6s-kKS6kV8wzsF7vhr9cmTWpc=\/0x0:1280x853\/984x0\/smart\/filters:strip_icc()\/i.s3.glbimg.com\/v1\/AUTH_59edd422c0c84a879bd37670ae4f538a\/internal_photos\/bs\/2020\/k\/H\/sec4agSGe5n6losskVhQ\/e7195f2a-5a97-43d9-b9ad-da6ec9dbbfcc.jpg\" sizes=\"(max-width: 1366px) 648px, 100vw\" srcset=\"https:\/\/s2.glbimg.com\/pGRgCHdKUywG_l-X6PXSTFjKTf8=\/0x0:1280x853\/1000x0\/smart\/filters:strip_icc()\/i.s3.glbimg.com\/v1\/AUTH_59edd422c0c84a879bd37670ae4f538a\/internal_photos\/bs\/2020\/k\/H\/sec4agSGe5n6losskVhQ\/e7195f2a-5a97-43d9-b9ad-da6ec9dbbfcc.jpg 1000w, https:\/\/s2.glbimg.com\/8w6s-kKS6kV8wzsF7vhr9cmTWpc=\/0x0:1280x853\/984x0\/smart\/filters:strip_icc()\/i.s3.glbimg.com\/v1\/AUTH_59edd422c0c84a879bd37670ae4f538a\/internal_photos\/bs\/2020\/k\/H\/sec4agSGe5n6losskVhQ\/e7195f2a-5a97-43d9-b9ad-da6ec9dbbfcc.jpg 984w, https:\/\/s2.glbimg.com\/YvkNbLe6oILxmkEa5nIF9_ISVcc=\/0x0:1280x853\/640x0\/smart\/filters:strip_icc()\/i.s3.glbimg.com\/v1\/AUTH_59edd422c0c84a879bd37670ae4f538a\/internal_photos\/bs\/2020\/k\/H\/sec4agSGe5n6losskVhQ\/e7195f2a-5a97-43d9-b9ad-da6ec9dbbfcc.jpg 640w, https:\/\/s2.glbimg.com\/UjHKOEgrUEC77A3-Z4hPUCpELrg=\/0x0:1280x853\/600x0\/smart\/filters:strip_icc()\/i.s3.glbimg.com\/v1\/AUTH_59edd422c0c84a879bd37670ae4f538a\/internal_photos\/bs\/2020\/k\/H\/sec4agSGe5n6losskVhQ\/e7195f2a-5a97-43d9-b9ad-da6ec9dbbfcc.jpg 600w\" alt=\"Milton Pennacchi e sua fam\u00edlia \u2014 Foto: Assessoria de Comunica\u00e7\u00e3o Toledo Centro Universit\u00e1rio\" \/><\/figure>\n<p class=\"content-media__description \">Milton Pennacchi e sua fam\u00edlia \u2014 Foto: Assessoria de Comunica\u00e7\u00e3o Toledo Centro Universit\u00e1rio<\/p>\n<\/div>\n<\/div>\n<div class=\"mc-column content-text active-extra-styles\" style=\"text-align: justify;\" data-block-type=\"raw\" data-block-weight=\"1\" data-block-id=\"10\">\n<div class=\"content-intertitle\">\n<h2>Hist\u00f3ria<\/h2>\n<\/div>\n<\/div>\n<div class=\"mc-column content-text active-extra-styles \" style=\"text-align: justify;\" data-block-type=\"unstyled\" data-block-weight=\"44\" data-block-id=\"11\">\n<p class=\"content-text__container \" data-track-category=\"Link no Texto\" data-track-links=\"\">Natural de Ouro Fino (MG), Milton Pennacchi nasceu em 9 de maio de 1932. Filho de \u00c2ngelo Pennacchi e Maria Joana Guidi Pennacchi, passou sua inf\u00e2ncia na regi\u00e3o. Com 14 anos j\u00e1 trabalhava na sorveteria do tio, onde produzia e criava sabores de sorvetes.<\/p>\n<\/div>\n<div class=\"mc-column content-text active-extra-styles \" style=\"text-align: justify;\" data-block-type=\"unstyled\" data-block-weight=\"34\" data-block-id=\"12\">\n<p class=\"content-text__container \" data-track-category=\"Link no Texto\" data-track-links=\"\">\u201cSeo Milton\u201d como todos o chamavam, atuou tamb\u00e9m no Banco Nacional de Minas Gerais, uma institui\u00e7\u00e3o financeira brasileira fundada por Waldomiro de Magalh\u00e3es Pinto e pelo ex-governador de Minas Gerais Jos\u00e9 de Magalh\u00e3es Pinto.<\/p>\n<\/div>\n<div class=\"mc-column content-text active-extra-styles \" style=\"text-align: justify;\" data-block-type=\"unstyled\" data-block-weight=\"10\" data-block-id=\"13\">\n<p class=\"content-text__container \" data-track-category=\"Link no Texto\" data-track-links=\"\">O jovem trabalhou, ainda, na Escola de Engenharia de Lins.<\/p>\n<\/div>\n<div class=\"mc-column content-text active-extra-styles\" style=\"text-align: justify;\" data-block-type=\"raw\" data-block-weight=\"1\" data-block-id=\"14\">\n<div class=\"content-intertitle\">\n<h2>Casamento<\/h2>\n<\/div>\n<\/div>\n<div class=\"mc-column content-text active-extra-styles \" style=\"text-align: justify;\" data-block-type=\"unstyled\" data-block-weight=\"44\" data-block-id=\"15\">\n<p class=\"content-text__container \" data-track-category=\"Link no Texto\" data-track-links=\"\">Marlene de Toledo e Milton Pennacchi se conheceram quando ela tinha 14 anos e ele 16. Sete anos depois eles se casaram. O casal passou a morar em Bauru (SP), na fazenda da fam\u00edlia Toledo. Onde j\u00e1 existia uma sede da Toledo de Ensino.<\/p>\n<\/div>\n<div class=\"mc-column content-text active-extra-styles \" style=\"text-align: justify;\" data-block-type=\"unstyled\" data-block-weight=\"25\" data-block-id=\"16\">\n<p class=\"content-text__container \" data-track-category=\"Link no Texto\" data-track-links=\"\">Marlene de Toledo Pennacchi vem de uma fam\u00edlia de nove irm\u00e3os, filhos de Maria do Carmo Leite e Ant\u00f4nio Eufr\u00e1sio de Toledo, o Doutor Toledo.<\/p>\n<\/div>\n<div class=\"mc-column content-text active-extra-styles\" style=\"text-align: justify;\" data-block-type=\"raw\" data-block-weight=\"4\" data-block-id=\"17\">\n<div class=\"content-intertitle\">\n<h2>In\u00edcio de um sonho<\/h2>\n<\/div>\n<\/div>\n<div class=\"mc-column content-text active-extra-styles \" style=\"text-align: justify;\" data-block-type=\"unstyled\" data-block-weight=\"37\" data-block-id=\"18\">\n<p class=\"content-text__container \" data-track-category=\"Link no Texto\" data-track-links=\"\">Jovens da regi\u00e3o procuraram o Doutor Toledo, por saber que ele era um educador, e apontaram a necessidade em construir uma institui\u00e7\u00e3o de ensino superior em Presidente Prudente. Foi ent\u00e3o que ele visitou a cidade para conhec\u00ea-la.<\/p>\n<\/div>\n<div class=\"mc-column content-text active-extra-styles \" style=\"text-align: justify;\" data-block-type=\"unstyled\" data-block-weight=\"69\" data-block-id=\"19\">\n<p class=\"content-text__container \" data-track-category=\"Link no Texto\" data-track-links=\"\">Amauri Toledo, irm\u00e3o de Marlene, era respons\u00e1vel pela Escola de Engenharia de Lins e convidou Milton Pennacchi, em 1959, para trabalhar na institui\u00e7\u00e3o. Em um dia de conversa entre cunhados, Amauri disse: meu pai acha que vai mudar sua vida. Foi ent\u00e3o que Doutor Toledo fez a proposta para que o jovem Milton estivesse \u00e0 frente da Institui\u00e7\u00e3o Toledo de Ensino de Presidente Prudente, que j\u00e1 estava em obras.<\/p>\n<\/div>\n<div class=\"mc-column content-text active-extra-styles\" style=\"text-align: justify;\" data-block-type=\"raw\" data-block-weight=\"2\" data-block-id=\"20\">\n<div class=\"content-intertitle\">\n<h2>Presidente Prudente<\/h2>\n<\/div>\n<\/div>\n<div class=\"mc-column content-text active-extra-styles \" style=\"text-align: justify;\" data-block-type=\"unstyled\" data-block-weight=\"55\" data-block-id=\"21\">\n<p class=\"content-text__container \" data-track-category=\"Link no Texto\" data-track-links=\"\">Milton Pennacchi e Marlene de Toledo Pennacchi chegaram em Presidente Prudente, com quatro filhos: Andreia, Angela, Antonio e Maria do Carmo. Na \u00e9poca, o munic\u00edpio tinha cerca de 70 mil habitantes e estava em expans\u00e3o. A fam\u00edlia passou a morar na Vila Maristela. Ao longo dos anos, chegaram mais dois filhos: Maria In\u00eas e Zelly.<\/p>\n<\/div>\n<div class=\"mc-column content-text active-extra-styles \" style=\"text-align: justify;\" data-block-type=\"unstyled\" data-block-weight=\"53\" data-block-id=\"23\">\n<p class=\"content-text__container \" data-track-category=\"Link no Texto\" data-track-links=\"\">O Parque Furquim, onde foi instalada a institui\u00e7\u00e3o de ensino, tratava-se de um bairro calmo, tranquilo e com poucas casas. Marlene estava \u00e0 frente como secret\u00e1ria geral. J\u00e1 Milton fazia \u201cde tudo um pouco\u201d, desde receber um aluno na secretaria, at\u00e9 realizar as contrata\u00e7\u00f5es e atender \u00e0s solicita\u00e7\u00f5es do Minist\u00e9rio da Educa\u00e7\u00e3o (MEC).<\/p>\n<\/div>\n<div class=\"mc-column content-text active-extra-styles \" style=\"text-align: justify;\" data-block-type=\"unstyled\" data-block-weight=\"47\" data-block-id=\"24\">\n<p class=\"content-text__container \" data-track-category=\"Link no Texto\" data-track-links=\"\">O primeiro curso, Direito, iniciou em 13 de maio de 1961. Na \u00e9poca, era uma sala em um pr\u00e9dio do Estado na Vila Liberdade. Depois, em 1962, com quatro salas e 121 alunos, transferiram-se para onde \u00e9 a Toledo Prudente atualmente, pois as obras tinham sido conclu\u00eddas.<\/p>\n<\/div>\n<div class=\"mc-column content-text active-extra-styles \" data-block-type=\"unstyled\" data-block-weight=\"13\" data-block-id=\"25\">\n<p class=\"content-text__container \" style=\"text-align: justify;\" data-track-category=\"Link no Texto\" data-track-links=\"\">Em 2016, Milton passou a reitoria para as filhas, que assumiram a administra\u00e7\u00e3o.<\/p>\n<p style=\"text-align: justify;\" data-track-category=\"Link no Texto\" data-track-links=\"\">Fonte: G1<\/p>\n<\/div>\n<\/div>\n","protected":false},"excerpt":{"rendered":"<p>Ele era diretor presidente da Associa\u00e7\u00e3o Educacional Toledo. Sepultamento ser\u00e1 no Cemit\u00e9rio Municipal Campal. Morreu na manh\u00e3 deste domingo (20), em\u00a0Presidente Prudente, o empres\u00e1rio Milton Pennacchi, aos 88 anos. Ele era diretor presidente da Associa\u00e7\u00e3o Educacional Toledo. A causa da morte foi insufici\u00eancia respirat\u00f3ria, segundo informa\u00e7\u00f5es da institui\u00e7\u00e3o de ensino. \u201c\u00c9 com imensa tristeza, que [&hellip;]<\/p>\n","protected":false},"author":1,"featured_media":35261,"comment_status":"closed","ping_status":"open","sticky":false,"template":"","format":"standard","meta":{"footnotes":""},"categories":[178,110],"tags":[],"class_list":["post-35260","post","type-post","status-publish","format-standard","has-post-thumbnail","hentry","category-notadefalecimento","category-noticiasdestaque"],"_links":{"self":[{"href":"https:\/\/jorgezanoni.com.br\/2019\/wp-json\/wp\/v2\/posts\/35260","targetHints":{"allow":["GET"]}}],"collection":[{"href":"https:\/\/jorgezanoni.com.br\/2019\/wp-json\/wp\/v2\/posts"}],"about":[{"href":"https:\/\/jorgezanoni.com.br\/2019\/wp-json\/wp\/v2\/types\/post"}],"author":[{"embeddable":true,"href":"https:\/\/jorgezanoni.com.br\/2019\/wp-json\/wp\/v2\/users\/1"}],"replies":[{"embeddable":true,"href":"https:\/\/jorgezanoni.com.br\/2019\/wp-json\/wp\/v2\/comments?post=35260"}],"version-history":[{"count":0,"href":"https:\/\/jorgezanoni.com.br\/2019\/wp-json\/wp\/v2\/posts\/35260\/revisions"}],"wp:featuredmedia":[{"embeddable":true,"href":"https:\/\/jorgezanoni.com.br\/2019\/wp-json\/wp\/v2\/media\/35261"}],"wp:attachment":[{"href":"https:\/\/jorgezanoni.com.br\/2019\/wp-json\/wp\/v2\/media?parent=35260"}],"wp:term":[{"taxonomy":"category","embeddable":true,"href":"https:\/\/jorgezanoni.com.br\/2019\/wp-json\/wp\/v2\/categories?post=35260"},{"taxonomy":"post_tag","embeddable":true,"href":"https:\/\/jorgezanoni.com.br\/2019\/wp-json\/wp\/v2\/tags?post=35260"}],"curies":[{"name":"wp","href":"https:\/\/api.w.org\/{rel}","templated":true}]}}