{"id":35257,"date":"2020-09-20T17:22:26","date_gmt":"2020-09-20T17:22:26","guid":{"rendered":"https:\/\/jorgezanoni.com.br\/2019\/?p=35257"},"modified":"2020-09-20T17:22:26","modified_gmt":"2020-09-20T17:22:26","slug":"homem-morre-no-hospital-regional-apos-ser-atingido-por-golpes-de-faca-em-ribeirao-dos-indios","status":"publish","type":"post","link":"https:\/\/jorgezanoni.com.br\/2019\/homem-morre-no-hospital-regional-apos-ser-atingido-por-golpes-de-faca-em-ribeirao-dos-indios\/","title":{"rendered":"Homem morre no Hospital Regional ap\u00f3s ser atingido por golpes de faca em Ribeir\u00e3o dos \u00cdndios"},"content":{"rendered":"<h2 class=\"content-head__subtitle\" style=\"text-align: justify;\"><strong>Crime ocorreu em um bar, no Jardim Pioneiro, depois de uma discuss\u00e3o entre a v\u00edtima e o suspeito, que foi preso.<\/strong><\/h2>\n<div class=\"mc-column content-text active-extra-styles \" data-block-type=\"unstyled\" data-block-weight=\"37\" data-block-id=\"2\">\n<p class=\"content-text__container \" style=\"text-align: justify;\" data-track-category=\"Link no Texto\" data-track-links=\"\">Um homem de 37 anos morreu na madrugada deste domingo (20) no Hospital Regional de Presidente Prudente (HR) ap\u00f3s ser esfaqueado em um bar, em\u00a0<a href=\"https:\/\/g1.globo.com\/sp\/presidente-prudente-regiao\/cidade\/ribeirao-dos-indios\/\">Ribeir\u00e3o dos \u00cdndios<\/a>. O suspeito de ter cometido o crime foi preso.<\/p>\n<\/div>\n<div class=\"wall protected-content\">\n<div class=\"mc-column content-text active-extra-styles \" style=\"text-align: justify;\" data-block-type=\"unstyled\" data-block-weight=\"37\" data-block-id=\"3\">\n<p class=\"content-text__container \" data-track-category=\"Link no Texto\" data-track-links=\"\">De acordo com informa\u00e7\u00f5es fornecidas ao\u00a0<strong>G1\u00a0<\/strong>pela Pol\u00edcia Militar, o suspeito, um homem de 20 anos, empinava sua motocicleta em uma estrada de terra, em frente ao s\u00edtio da v\u00edtima, que amea\u00e7ou de morte o motociclista.<\/p>\n<\/div>\n<div class=\"mc-column content-text active-extra-styles \" style=\"text-align: justify;\" data-block-type=\"unstyled\" data-block-weight=\"17\" data-block-id=\"4\">\n<p class=\"content-text__container \" data-track-category=\"Link no Texto\" data-track-links=\"\">Na noite deste s\u00e1bado (19), ambos estavam em um bar no Jardim Pioneiro, quando tiveram uma discuss\u00e3o.<\/p>\n<\/div>\n<div class=\"mc-column content-text active-extra-styles \" style=\"text-align: justify;\" data-block-type=\"unstyled\" data-block-weight=\"31\" data-block-id=\"5\">\n<p class=\"content-text__container \" data-track-category=\"Link no Texto\" data-track-links=\"\">Segundo a PM, no local, a v\u00edtima voltou a amea\u00e7ar o suspeito, que desferiu facadas contra o homem de 37 anos. Os golpes atingiram os bra\u00e7os e as costas da v\u00edtima.<\/p>\n<\/div>\n<div class=\"mc-column content-text active-extra-styles \" style=\"text-align: justify;\" data-block-type=\"unstyled\" data-block-weight=\"25\" data-block-id=\"6\">\n<p class=\"content-text__container \" data-track-category=\"Link no Texto\" data-track-links=\"\">O homem foi socorrido por populares e levado para a Santa Casa de Santo Anast\u00e1cio. Posteriormente, ele foi transferido para o HR em\u00a0<a href=\"https:\/\/g1.globo.com\/sp\/presidente-prudente-regiao\/cidade\/presidente-prudente\/\">Presidente Prudente<\/a>.<\/p>\n<\/div>\n<div class=\"mc-column content-text active-extra-styles \" style=\"text-align: justify;\" data-block-type=\"unstyled\" data-block-weight=\"46\" data-block-id=\"7\">\n<p class=\"content-text__container \" data-track-category=\"Link no Texto\" data-track-links=\"\">O HR informou ao\u00a0<strong>G1\u00a0<\/strong>na manh\u00e3 deste domingo (20) que o paciente deu entrada na unidade \u00e0s 23h37 de s\u00e1bado (19), recebendo os cuidados da equipe m\u00e9dica e multiprofissional. Devido \u00e0 gravidade do seu quadro cl\u00ednico, morreu \u00e0s 5h34 deste domingo (20), segundo o hospital.<\/p>\n<\/div>\n<div class=\"mc-column content-text active-extra-styles \" data-block-type=\"unstyled\" data-block-weight=\"21\" data-block-id=\"8\">\n<p class=\"content-text__container \" style=\"text-align: justify;\" data-track-category=\"Link no Texto\" data-track-links=\"\">De acordo com a PM, dentro da caminhonete da v\u00edtima foram encontradas 42 c\u00e1psulas deflagradas e cinco intactas de calibre 38.<\/p>\n<p style=\"text-align: justify;\" data-track-category=\"Link no Texto\" data-track-links=\"\">Fonte: G1<\/p>\n<\/div>\n<\/div>\n","protected":false},"excerpt":{"rendered":"<p>Crime ocorreu em um bar, no Jardim Pioneiro, depois de uma discuss\u00e3o entre a v\u00edtima e o suspeito, que foi preso. Um homem de 37 anos morreu na madrugada deste domingo (20) no Hospital Regional de Presidente Prudente (HR) ap\u00f3s ser esfaqueado em um bar, em\u00a0Ribeir\u00e3o dos \u00cdndios. O suspeito de ter cometido o crime [&hellip;]<\/p>\n","protected":false},"author":1,"featured_media":35258,"comment_status":"closed","ping_status":"open","sticky":false,"template":"","format":"standard","meta":{"footnotes":""},"categories":[110,2],"tags":[],"class_list":["post-35257","post","type-post","status-publish","format-standard","has-post-thumbnail","hentry","category-noticiasdestaque","category-policial"],"_links":{"self":[{"href":"https:\/\/jorgezanoni.com.br\/2019\/wp-json\/wp\/v2\/posts\/35257","targetHints":{"allow":["GET"]}}],"collection":[{"href":"https:\/\/jorgezanoni.com.br\/2019\/wp-json\/wp\/v2\/posts"}],"about":[{"href":"https:\/\/jorgezanoni.com.br\/2019\/wp-json\/wp\/v2\/types\/post"}],"author":[{"embeddable":true,"href":"https:\/\/jorgezanoni.com.br\/2019\/wp-json\/wp\/v2\/users\/1"}],"replies":[{"embeddable":true,"href":"https:\/\/jorgezanoni.com.br\/2019\/wp-json\/wp\/v2\/comments?post=35257"}],"version-history":[{"count":0,"href":"https:\/\/jorgezanoni.com.br\/2019\/wp-json\/wp\/v2\/posts\/35257\/revisions"}],"wp:featuredmedia":[{"embeddable":true,"href":"https:\/\/jorgezanoni.com.br\/2019\/wp-json\/wp\/v2\/media\/35258"}],"wp:attachment":[{"href":"https:\/\/jorgezanoni.com.br\/2019\/wp-json\/wp\/v2\/media?parent=35257"}],"wp:term":[{"taxonomy":"category","embeddable":true,"href":"https:\/\/jorgezanoni.com.br\/2019\/wp-json\/wp\/v2\/categories?post=35257"},{"taxonomy":"post_tag","embeddable":true,"href":"https:\/\/jorgezanoni.com.br\/2019\/wp-json\/wp\/v2\/tags?post=35257"}],"curies":[{"name":"wp","href":"https:\/\/api.w.org\/{rel}","templated":true}]}}