{"id":35224,"date":"2020-09-20T00:17:18","date_gmt":"2020-09-20T00:17:18","guid":{"rendered":"https:\/\/jorgezanoni.com.br\/2019\/?p=35224"},"modified":"2020-09-20T00:17:18","modified_gmt":"2020-09-20T00:17:18","slug":"gravida-perde-o-bebe-apos-ser-esfaqueada-por-ex-companheiro-da-mae-em-pirajui","status":"publish","type":"post","link":"https:\/\/jorgezanoni.com.br\/2019\/gravida-perde-o-bebe-apos-ser-esfaqueada-por-ex-companheiro-da-mae-em-pirajui\/","title":{"rendered":"Gr\u00e1vida perde o beb\u00ea ap\u00f3s ser esfaqueada por ex-companheiro da m\u00e3e em Piraju\u00ed"},"content":{"rendered":"<h2 class=\"content-head__subtitle\" style=\"text-align: justify;\"><strong>Homem est\u00e1 foragido e a Pol\u00edcia Civil pediu a pris\u00e3o tempor\u00e1ria. Jovem de 24 anos est\u00e1 internada em estado grave no Hospital Estadual de Bauru.<\/strong><\/h2>\n<div class=\"mc-column content-text active-extra-styles \" data-block-type=\"unstyled\" data-block-weight=\"35\" data-block-id=\"2\">\n<p class=\"content-text__container \" style=\"text-align: justify;\" data-track-category=\"Link no Texto\" data-track-links=\"\">Uma gr\u00e1vida, com 9 meses de gesta\u00e7\u00e3o, perdeu o beb\u00ea e est\u00e1 internada em estado grave ap\u00f3s ser esfaqueada pelo ex-companheiro da m\u00e3e em Piraju\u00ed (SP). A agress\u00e3o aconteceu na noite desta sexta-feira (18).<\/p>\n<\/div>\n<div class=\"wall protected-content\">\n<div class=\"mc-column content-text active-extra-styles \" style=\"text-align: justify;\" data-block-type=\"unstyled\" data-block-weight=\"43\" data-block-id=\"3\">\n<p class=\"content-text__container \" data-track-category=\"Link no Texto\" data-track-links=\"\">Segundo informa\u00e7\u00f5es da Pol\u00edcia Civil, Nat\u00e1lia Patr\u00edcia Gimenes, de 24 anos, foi atingida no bra\u00e7o e no abd\u00f4men ap\u00f3s uma discuss\u00e3o com Davi Ant\u00f4nio de Souza, de 38 anos, que teve um relacionamento com a m\u00e3e dela e estaria perseguindo a ex-companheira.<\/p>\n<\/div>\n<div class=\"mc-column content-text active-extra-styles \" style=\"text-align: justify;\" data-block-type=\"unstyled\" data-block-weight=\"45\" data-block-id=\"4\">\n<p class=\"content-text__container \" data-track-category=\"Link no Texto\" data-track-links=\"\">O crime aconteceu em frente a casa da v\u00edtima na Vila Ortiz. O marido de Nat\u00e1lia e a m\u00e3e dela tentaram impedir a discuss\u00e3o, mas o agressor acabou esfaqueando a jovem e fugiu em seguida. A faca usada no crime foi apreendida pela pol\u00edcia.<\/p>\n<\/div>\n<div class=\"row medium-uncollapsed content-media content-photo\" style=\"text-align: justify;\" data-block-type=\"backstage-photo\" data-block-id=\"5\">\n<div class=\"mc-column content-media__container\">\n<figure><img decoding=\"async\" class=\"i-amphtml-fill-content i-amphtml-replaced-content\" src=\"https:\/\/s2.glbimg.com\/Sciy33FKb6bchSEpVxoKNvnt8ZQ=\/0x0:1600x777\/984x0\/smart\/filters:strip_icc()\/i.s3.glbimg.com\/v1\/AUTH_59edd422c0c84a879bd37670ae4f538a\/internal_photos\/bs\/2020\/a\/b\/SJxSisQ9WvtQWAGLdYgg\/whatsapp-image-2020-09-19-at-13.57.55.jpeg\" sizes=\"(max-width: 1366px) 648px, 100vw\" srcset=\"https:\/\/s2.glbimg.com\/0Zbz9DBHSf-T5s2EbbJ-Efurduo=\/0x0:1600x777\/1000x0\/smart\/filters:strip_icc()\/i.s3.glbimg.com\/v1\/AUTH_59edd422c0c84a879bd37670ae4f538a\/internal_photos\/bs\/2020\/a\/b\/SJxSisQ9WvtQWAGLdYgg\/whatsapp-image-2020-09-19-at-13.57.55.jpeg 1000w, https:\/\/s2.glbimg.com\/Sciy33FKb6bchSEpVxoKNvnt8ZQ=\/0x0:1600x777\/984x0\/smart\/filters:strip_icc()\/i.s3.glbimg.com\/v1\/AUTH_59edd422c0c84a879bd37670ae4f538a\/internal_photos\/bs\/2020\/a\/b\/SJxSisQ9WvtQWAGLdYgg\/whatsapp-image-2020-09-19-at-13.57.55.jpeg 984w, https:\/\/s2.glbimg.com\/B-K_elKebA9FhWmGFSanYjPYZy4=\/0x0:1600x777\/640x0\/smart\/filters:strip_icc()\/i.s3.glbimg.com\/v1\/AUTH_59edd422c0c84a879bd37670ae4f538a\/internal_photos\/bs\/2020\/a\/b\/SJxSisQ9WvtQWAGLdYgg\/whatsapp-image-2020-09-19-at-13.57.55.jpeg 640w, https:\/\/s2.glbimg.com\/oP2CQyJSPmYvpl7yxDtuYrEOqtQ=\/0x0:1600x777\/600x0\/smart\/filters:strip_icc()\/i.s3.glbimg.com\/v1\/AUTH_59edd422c0c84a879bd37670ae4f538a\/internal_photos\/bs\/2020\/a\/b\/SJxSisQ9WvtQWAGLdYgg\/whatsapp-image-2020-09-19-at-13.57.55.jpeg 600w\" alt=\"Faca usada no crime foi apreendida pela pol\u00edcia em Piraju\u00ed  \u2014 Foto: Pol\u00edcia Civil\/ Divulga\u00e7\u00e3o \" \/><\/figure>\n<p class=\"content-media__description \">Faca usada no crime foi apreendida pela pol\u00edcia em Piraju\u00ed \u2014 Foto: Pol\u00edcia Civil\/ Divulga\u00e7\u00e3o<\/p>\n<\/div>\n<\/div>\n<div class=\"content-ads content-ads--reveal\" style=\"text-align: justify;\" data-block-type=\"ads\" data-block-id=\"6\">\n<div id=\"banner_materia2\" class=\"tag-manager-publicidade-container mc-has-reveal mc-has-ad-lazyload\" data-id=\"banner_materia2\"><\/div>\n<\/div>\n<div class=\"mc-column content-text active-extra-styles \" style=\"text-align: justify;\" data-block-type=\"unstyled\" data-block-weight=\"46\" data-block-id=\"7\">\n<p class=\"content-text__container \" data-track-category=\"Link no Texto\" data-track-links=\"\">Nat\u00e1lia foi socorrida e levada para Santa Casa de Piraju\u00ed , mas por conta da gravidade da les\u00e3o no abd\u00f4men precisou ser transferida para o Hospital Estadual para uma cirurgia de emerg\u00eancia. Devido ao ferimento, Nat\u00e1lia acabou sofrendo um aborto e perdeu o beb\u00ea.<\/p>\n<\/div>\n<div class=\"mc-column content-text active-extra-styles \" style=\"text-align: justify;\" data-block-type=\"unstyled\" data-block-weight=\"27\" data-block-id=\"8\">\n<p class=\"content-text__container \" data-track-category=\"Link no Texto\" data-track-links=\"\">A Justi\u00e7a j\u00e1 decretou a pris\u00e3o tempor\u00e1ria de Davi, que segue foragido, pelo crime de tentativa de feminic\u00eddio e por ter provocado o aborto da v\u00edtima.<\/p>\n<\/div>\n<div class=\"row medium-uncollapsed content-media content-photo\" data-block-type=\"backstage-photo\" data-block-id=\"9\">\n<div class=\"mc-column content-media__container\">\n<figure style=\"text-align: justify;\"><img decoding=\"async\" class=\"i-amphtml-fill-content i-amphtml-replaced-content\" src=\"https:\/\/s2.glbimg.com\/k2M1tfRLpkT0APjjyEPDkBVRQXA=\/0x0:1070x600\/984x0\/smart\/filters:strip_icc()\/i.s3.glbimg.com\/v1\/AUTH_59edd422c0c84a879bd37670ae4f538a\/internal_photos\/bs\/2018\/1\/A\/UtyZYARA6t5CbXLJMlZw\/heb.jpg\" sizes=\"(max-width: 1366px) 648px, 100vw\" srcset=\"https:\/\/s2.glbimg.com\/Gvx0ZJFitJgPVw7_7iVMiY0SxyQ=\/0x0:1070x600\/1000x0\/smart\/filters:strip_icc()\/i.s3.glbimg.com\/v1\/AUTH_59edd422c0c84a879bd37670ae4f538a\/internal_photos\/bs\/2018\/1\/A\/UtyZYARA6t5CbXLJMlZw\/heb.jpg 1000w, https:\/\/s2.glbimg.com\/k2M1tfRLpkT0APjjyEPDkBVRQXA=\/0x0:1070x600\/984x0\/smart\/filters:strip_icc()\/i.s3.glbimg.com\/v1\/AUTH_59edd422c0c84a879bd37670ae4f538a\/internal_photos\/bs\/2018\/1\/A\/UtyZYARA6t5CbXLJMlZw\/heb.jpg 984w, https:\/\/s2.glbimg.com\/Meo0dlNRBVkOj0U8-qt6AoHI0tw=\/0x0:1070x600\/640x0\/smart\/filters:strip_icc()\/i.s3.glbimg.com\/v1\/AUTH_59edd422c0c84a879bd37670ae4f538a\/internal_photos\/bs\/2018\/1\/A\/UtyZYARA6t5CbXLJMlZw\/heb.jpg 640w, https:\/\/s2.glbimg.com\/EIJrTv7hbYvblZGJc3MPzxz-xaE=\/0x0:1070x600\/600x0\/smart\/filters:strip_icc()\/i.s3.glbimg.com\/v1\/AUTH_59edd422c0c84a879bd37670ae4f538a\/internal_photos\/bs\/2018\/1\/A\/UtyZYARA6t5CbXLJMlZw\/heb.jpg 600w\" alt=\"Jovem foi transferida para o Hospital Estadual de Bauru  \u2014 Foto: TV TEM\/Reprodu\u00e7\u00e3o\" \/><\/figure>\n<p class=\"content-media__description \" style=\"text-align: justify;\">Jovem foi transferida para o Hospital Estadual de Bauru \u2014 Foto: TV TEM\/Reprodu\u00e7\u00e3o<\/p>\n<p style=\"text-align: justify;\">Fonte: G1<\/p>\n<\/div>\n<\/div>\n<\/div>\n","protected":false},"excerpt":{"rendered":"<p>Homem est\u00e1 foragido e a Pol\u00edcia Civil pediu a pris\u00e3o tempor\u00e1ria. Jovem de 24 anos est\u00e1 internada em estado grave no Hospital Estadual de Bauru. Uma gr\u00e1vida, com 9 meses de gesta\u00e7\u00e3o, perdeu o beb\u00ea e est\u00e1 internada em estado grave ap\u00f3s ser esfaqueada pelo ex-companheiro da m\u00e3e em Piraju\u00ed (SP). A agress\u00e3o aconteceu na [&hellip;]<\/p>\n","protected":false},"author":1,"featured_media":35225,"comment_status":"closed","ping_status":"open","sticky":false,"template":"","format":"standard","meta":{"footnotes":""},"categories":[110,2],"tags":[],"class_list":["post-35224","post","type-post","status-publish","format-standard","has-post-thumbnail","hentry","category-noticiasdestaque","category-policial"],"_links":{"self":[{"href":"https:\/\/jorgezanoni.com.br\/2019\/wp-json\/wp\/v2\/posts\/35224","targetHints":{"allow":["GET"]}}],"collection":[{"href":"https:\/\/jorgezanoni.com.br\/2019\/wp-json\/wp\/v2\/posts"}],"about":[{"href":"https:\/\/jorgezanoni.com.br\/2019\/wp-json\/wp\/v2\/types\/post"}],"author":[{"embeddable":true,"href":"https:\/\/jorgezanoni.com.br\/2019\/wp-json\/wp\/v2\/users\/1"}],"replies":[{"embeddable":true,"href":"https:\/\/jorgezanoni.com.br\/2019\/wp-json\/wp\/v2\/comments?post=35224"}],"version-history":[{"count":0,"href":"https:\/\/jorgezanoni.com.br\/2019\/wp-json\/wp\/v2\/posts\/35224\/revisions"}],"wp:featuredmedia":[{"embeddable":true,"href":"https:\/\/jorgezanoni.com.br\/2019\/wp-json\/wp\/v2\/media\/35225"}],"wp:attachment":[{"href":"https:\/\/jorgezanoni.com.br\/2019\/wp-json\/wp\/v2\/media?parent=35224"}],"wp:term":[{"taxonomy":"category","embeddable":true,"href":"https:\/\/jorgezanoni.com.br\/2019\/wp-json\/wp\/v2\/categories?post=35224"},{"taxonomy":"post_tag","embeddable":true,"href":"https:\/\/jorgezanoni.com.br\/2019\/wp-json\/wp\/v2\/tags?post=35224"}],"curies":[{"name":"wp","href":"https:\/\/api.w.org\/{rel}","templated":true}]}}