{"id":35180,"date":"2020-09-19T02:34:57","date_gmt":"2020-09-19T02:34:57","guid":{"rendered":"https:\/\/jorgezanoni.com.br\/2019\/?p=35180"},"modified":"2020-09-19T02:34:57","modified_gmt":"2020-09-19T02:34:57","slug":"a-favor-ou-contra","status":"publish","type":"post","link":"https:\/\/jorgezanoni.com.br\/2019\/a-favor-ou-contra\/","title":{"rendered":"A favor ou contra?"},"content":{"rendered":"<p style=\"text-align: justify;\"><strong>A FAVOR OU CONTRA?\u00a0 \u00a0 \u00a0 \u00a0 \u00a0 \u00a0 \u00a0 \u00a0 \u00a0 \u00a0 \u00a0 \u00a0 \u00a0 \u00a0 \u00a0 \u00a0 \u00a0 \u00a0 \u00a0 \u00a0 \u00a0 \u00a0 \u00a0 \u00a0 \u00a0 \u00a0 \u00a0 \u00a0 \u00a0 \u00a0 \u00a0 \u00a0 \u00a0 \u00a0 \u00a0 \u00a0 \u00a0 \u00a0 \u00a0 \u00a0 \u00a0 \u00a0 \u00a0 \u00a0 \u00a0 \u00a0 \u00a0 \u00a0 \u00a0 \u00a0<\/strong><\/p>\n<p style=\"text-align: justify;\"><strong>\u00a0<\/strong><\/p>\n<p style=\"text-align: justify;\"><strong>*CLAUDIVAL CLEMENTE.<\/strong><\/p>\n<p style=\"text-align: justify;\"><strong>**CLAUDIVAL MOURA CLEMENTE<\/strong><\/p>\n<p style=\"text-align: justify;\">O Supremo Tribunal Federal vai julgar uma a\u00e7\u00e3o na qual o Minist\u00e9rio P\u00fablico de S\u00e3o Paulo est\u00e1 pleiteando que a justi\u00e7a obrigue os pais de um garoto a seguir o calend\u00e1rio de vacina\u00e7\u00e3o, pois entende que o bem da crian\u00e7a est\u00e1 acima da vontade familiar. A a\u00e7\u00e3o foi julgada improcedente em primeira inst\u00e2ncia, sustentando que os pais possuem liberdade de decidir.\u00a0 O processo foi para julgamento de um recurso no Tribunal de Justi\u00e7a de S\u00e3o Paulo e a senten\u00e7a foi modificada, com fundamento de que n\u00e3o h\u00e1 base cient\u00edfica para os alegados riscos trazidos pela vacina\u00e7\u00e3o infantil. Argumentou, ainda, que os movimentos antivacinas trazem grave risco \u00e0 cobertura imunol\u00f3gica de doen\u00e7as infecciosas na sociedade.<\/p>\n<p style=\"text-align: justify;\">O processo chegou ao Supremo, com alega\u00e7\u00e3o de que os pais s\u00e3o veganos \u2013 \u00e9 uma forma de viver que busca excluir, na medida do poss\u00edvel e do pratic\u00e1vel, todas as formas de explora\u00e7\u00e3o e de crueldade contra animais, seja para a alimenta\u00e7\u00e3o, para o vestu\u00e1rio ou para qualquer outra finalidade &#8211; \u00a0e que o filho \u00e9 saud\u00e1vel e acompanhado por m\u00e9dicos e que a escolha em n\u00e3o vacinar o filho \u00e9 ideol\u00f3gica. Considerando a relev\u00e2ncia do tema, o Relator determinou que o caso seja julgado em repercuss\u00e3o geral, ou seja, o resultado ser\u00e1 v\u00e1lido para todos os outros casos semelhantes que estejam sendo julgados ou que venham a ser apresentados ao Tribunal.<\/p>\n<p style=\"text-align: justify;\">A discuss\u00e3o sobre a obrigatoriedade da vacina no Brasil n\u00e3o \u00e9 nova e tampouco in\u00e9dita. Em 1904 quando uma lei tornou obrigat\u00f3ria a vacina\u00e7\u00e3o contra var\u00edola, alguns antivacinistas se colocaram contra esta lei, entre eles o ilustre Rui Barbosa. O famoso m\u00e9dico e sanitarista Oswaldo Cruz se colocou \u00e0 frente das discuss\u00f5es e excluindo os exageros da \u00e9poca, a quase totalidade da popula\u00e7\u00e3o foi vacinada e a var\u00edola foi completamente erradicada, mas gra\u00e7as aos esfor\u00e7os do governo para que todos fossem vacinados.<\/p>\n<p style=\"text-align: justify;\">Os antivacinistas se colocam contra a cultura da \u201cimuniza\u00e7\u00e3o\u201d, pois defendem a ideia de que a vacina traz muitos malef\u00edcios, al\u00e9m dos raros efeitos adversos, sendo insuficientes para conter o avan\u00e7o das doen\u00e7as contagiosas.<\/p>\n<p style=\"text-align: justify;\">Por\u00e9m, a hist\u00f3ria e as pesquisas neste sentido t\u00eam mostrado exatamente o contr\u00e1rio, ou seja, a pr\u00f3pria var\u00edola \u00e9 uma doen\u00e7a que foi erradicada por meio da imuniza\u00e7\u00e3o vacinal, assim como o sarampo, a rub\u00e9ola e a caxumba, que durante anos foi o terror das crian\u00e7as brasileiras. Dados epidemiol\u00f3gicos demonstram que recentemente ocorreu uma queda na cobertura vacinal, talvez pelo medo da contamina\u00e7\u00e3o da Covid19, obrigando a Secretaria da Sa\u00fade a implementar uma campanha extra para refor\u00e7ar doses das vacinas tr\u00edplice viral (contra sarampo, rub\u00e9ola e caxumba) em pessoas at\u00e9 49 anos idade, com postos m\u00f3veis instalados nos metr\u00f4s e a vacina\u00e7\u00e3o normal nas pr\u00f3prias unidades b\u00e1sicas de sa\u00fade.<\/p>\n<p style=\"text-align: justify;\">O respeito ao calend\u00e1rio da vacina\u00e7\u00e3o \u00e9 uma medida profil\u00e1tica de extrema import\u00e2ncia e o Estado tem a obriga\u00e7\u00e3o de realizar todo os esfor\u00e7os poss\u00edveis para este objetivo, pois a Constitui\u00e7\u00e3o Federal, que \u00e9 a Lei Maior do pa\u00eds, estabelece em seu artigo 196 que \u201ca sa\u00fade \u00e9 direito de todos e dever do Estado, garantido mediante pol\u00edticas sociais e econ\u00f4micas que visem \u00e0 redu\u00e7\u00e3o do risco de doen\u00e7a e de outros agravos e ao acesso universal e igualit\u00e1rio \u00e0s a\u00e7\u00f5es e servi\u00e7os para sua promo\u00e7\u00e3o, prote\u00e7\u00e3o e recupera\u00e7\u00e3o\u201d.<\/p>\n<p style=\"text-align: justify;\">Foi exatamente interpretando este artigo que o Relator do processo acima mencionado no Supremo Tribunal Federal decidiu incluir o tema como repercuss\u00e3o nacional, pois se trata de um assunto extremamente importante para a sociedade brasileira.<\/p>\n<p style=\"text-align: justify;\">O tema se mostra mais atual do que nunca, porque recente pesquisa apurou que um consider\u00e1vel n\u00famero de pessoas se recusariam a tomar a vacina contra a Covid19 e apesar de todas as teorias em contr\u00e1rio, at\u00e9 mesmo a absurda \u201cimuniza\u00e7\u00e3o de rebanho\u201d \u2013 imuniza\u00e7\u00e3o por meio do cont\u00e1gio da doen\u00e7a \u2013 o caminho mais vi\u00e1vel e seguro \u00e9 imunizar toda a popula\u00e7\u00e3o atrav\u00e9s da vacina.<\/p>\n<p style=\"text-align: justify;\">Bilh\u00f5es e bilh\u00f5es est\u00e3o sendo investidos para desenvolver a vacina contra o SARS-Cov2, pois esta pandemia atingiu todos os pa\u00edses do globo e somente uma imuniza\u00e7\u00e3o total permitir\u00e1 que todos retomem as atividades sem o medo da contamina\u00e7\u00e3o. O grande desafio dos cientistas \u00e9 encontrar a resposta imunol\u00f3gica, pois a vacina n\u00e3o faz milagres, ela somente \u201cfor\u00e7a\u201d o pr\u00f3prio organismo a produzir anticorpos para lutar contra a doen\u00e7a. \u00c9 uma tarefa dif\u00edcil, mas desde a primeira vacina que foi desenvolvida em 1.796, de forma bem rudimentar, a medicina deu um salto de qualidade e muitas descobertas foram conquistadas neste campo.<\/p>\n<p style=\"text-align: justify;\">A favor ou contra a vacina, vamos sempre nos lembrar dos cuidados b\u00e1sicos para preven\u00e7\u00e3o da Covid19, lavando as m\u00e3os com frequ\u00eancia, com \u00e1gua e sab\u00e3o durante 20 segundos, ou utilizar o \u00e1lcool gel e sempre com as m\u00e1scaras protegendo a boca e o nariz. Evite aglomera\u00e7\u00f5es e o contato com pessoas de fora do conv\u00edvio dom\u00e9stico.<\/p>\n<p style=\"text-align: justify;\">Juntos somos mais fortes, juntos venceremos. \u00a0O Brasil ir\u00e1 vencer o v\u00edrus. O Brasil precisa de todos n\u00f3s.<\/p>\n<p style=\"text-align: justify;\">Participe enviando d\u00favidas, coment\u00e1rios ou sugest\u00f5es para\u00a0 \u00a0<a href=\"mailto:bcrcconsultoria@gmail.com\">bcrcnews.wixsite.<\/a>com e tamb\u00e9m \u00a0no face book, onde pode reler este e outros artigos. \u00a0At\u00e9 a pr\u00f3xima.<\/p>\n<p style=\"text-align: justify;\">*Formado em Direito pela UENP &#8211; Universidade Estadual de Direito do Norte Pioneiro em Jacarezinho e em Administra\u00e7\u00e3o de Empresas nas Faculdades Integradas de Ourinhos. MBA em Comunica\u00e7\u00e3o Corporativa pela Universidade Est\u00e1cio de S\u00e1(em curso) . S\u00f3cio s\u00eanior da BCRC Consultoria em Comunica\u00e7\u00e3o.<\/p>\n<p style=\"text-align: justify;\">** Revis\u00e3o e colabora\u00e7\u00e3o\u00a0 &#8211; \u00a0Administrador de Empresas pela Universidade Cidade de S\u00e3o Paulo &#8211; UNICID.<\/p>\n","protected":false},"excerpt":{"rendered":"<p>A FAVOR OU CONTRA?\u00a0 \u00a0 \u00a0 \u00a0 \u00a0 \u00a0 \u00a0 \u00a0 \u00a0 \u00a0 \u00a0 \u00a0 \u00a0 \u00a0 \u00a0 \u00a0 \u00a0 \u00a0 \u00a0 \u00a0 \u00a0 \u00a0 \u00a0 \u00a0 \u00a0 \u00a0 \u00a0 \u00a0 \u00a0 \u00a0 \u00a0 \u00a0 \u00a0 \u00a0 \u00a0 \u00a0 \u00a0 \u00a0 \u00a0 \u00a0 \u00a0 \u00a0 \u00a0 \u00a0 \u00a0 \u00a0 \u00a0 \u00a0 \u00a0 \u00a0 \u00a0 *CLAUDIVAL [&hellip;]<\/p>\n","protected":false},"author":1,"featured_media":35181,"comment_status":"closed","ping_status":"open","sticky":false,"template":"","format":"standard","meta":{"footnotes":""},"categories":[175],"tags":[],"class_list":["post-35180","post","type-post","status-publish","format-standard","has-post-thumbnail","hentry","category-artigos"],"_links":{"self":[{"href":"https:\/\/jorgezanoni.com.br\/2019\/wp-json\/wp\/v2\/posts\/35180","targetHints":{"allow":["GET"]}}],"collection":[{"href":"https:\/\/jorgezanoni.com.br\/2019\/wp-json\/wp\/v2\/posts"}],"about":[{"href":"https:\/\/jorgezanoni.com.br\/2019\/wp-json\/wp\/v2\/types\/post"}],"author":[{"embeddable":true,"href":"https:\/\/jorgezanoni.com.br\/2019\/wp-json\/wp\/v2\/users\/1"}],"replies":[{"embeddable":true,"href":"https:\/\/jorgezanoni.com.br\/2019\/wp-json\/wp\/v2\/comments?post=35180"}],"version-history":[{"count":0,"href":"https:\/\/jorgezanoni.com.br\/2019\/wp-json\/wp\/v2\/posts\/35180\/revisions"}],"wp:featuredmedia":[{"embeddable":true,"href":"https:\/\/jorgezanoni.com.br\/2019\/wp-json\/wp\/v2\/media\/35181"}],"wp:attachment":[{"href":"https:\/\/jorgezanoni.com.br\/2019\/wp-json\/wp\/v2\/media?parent=35180"}],"wp:term":[{"taxonomy":"category","embeddable":true,"href":"https:\/\/jorgezanoni.com.br\/2019\/wp-json\/wp\/v2\/categories?post=35180"},{"taxonomy":"post_tag","embeddable":true,"href":"https:\/\/jorgezanoni.com.br\/2019\/wp-json\/wp\/v2\/tags?post=35180"}],"curies":[{"name":"wp","href":"https:\/\/api.w.org\/{rel}","templated":true}]}}