{"id":35172,"date":"2020-09-19T01:25:38","date_gmt":"2020-09-19T01:25:38","guid":{"rendered":"https:\/\/jorgezanoni.com.br\/2019\/?p=35172"},"modified":"2020-09-19T01:27:48","modified_gmt":"2020-09-19T01:27:48","slug":"problemas-com-a-falta-de-agua-continuam-no-jardim-da-palmeiras","status":"publish","type":"post","link":"https:\/\/jorgezanoni.com.br\/2019\/problemas-com-a-falta-de-agua-continuam-no-jardim-da-palmeiras\/","title":{"rendered":"Problemas com a falta de \u00e1gua continuam no jardim das Palmeiras"},"content":{"rendered":"<p style=\"text-align: justify;\">Internauta envia v\u00eddeo de torneira sem um pingo de \u00e1gua, moradores da regi\u00e3o do jardim das Palmeiras n\u00e3o sabem mais o que fazer.<\/p>\n<div style=\"width: 640px;\" class=\"wp-video\"><video class=\"wp-video-shortcode\" id=\"video-35172-1\" width=\"640\" height=\"352\" preload=\"metadata\" controls=\"controls\"><source type=\"video\/mp4\" src=\"https:\/\/jorgezanoni.com.br\/2019\/wp-content\/uploads\/2020\/09\/WhatsApp-Video-2020-09-18-at-15.15.42.mp4?_=1\" \/><a href=\"https:\/\/jorgezanoni.com.br\/2019\/wp-content\/uploads\/2020\/09\/WhatsApp-Video-2020-09-18-at-15.15.42.mp4\">https:\/\/jorgezanoni.com.br\/2019\/wp-content\/uploads\/2020\/09\/WhatsApp-Video-2020-09-18-at-15.15.42.mp4<\/a><\/video><\/div>\n<p>SAIBA OS MOTIVOS DA FALTA DE \u00c1GUA. SOLU\u00c7\u00c3O VIR\u00c1 BREVEMENTE<\/p>\n<p style=\"text-align: justify;\">Nesta sexta-feira, a falta de \u00e1gua est\u00e1 afetando v\u00e1rias resid\u00eancias de toda a regi\u00e3o do Jardim das Palmeiras, Bairro Metr\u00f3pole, Parque Dracena, Bairro S\u00e3o Crist\u00f3v\u00e3o, parte do centro e outros setores. O problema j\u00e1 tinha sido registrado nas \u00faltimas semanas.<br \/>\nUma s\u00e9rie de fatores est\u00e1 contribuindo para o problema: altas temperaturas, excesso de consumo, limpeza de resid\u00eancias e cal\u00e7adas, sobretudo nas sextas-feiras e s\u00e1bados e a falta de reservat\u00f3rios em im\u00f3veis.<br \/>\nA Emdaep conta com um po\u00e7o no Jardim das Palmeiras IV, que est\u00e1 trabalhando dia e noite e n\u00e3o vem dando conta do alto consumo. O reservat\u00f3rio do local tem capacidade para 80 mil litros o que se mostra insuficiente neste momento.<\/p>\n<p style=\"text-align: justify;\">RECOMENDA\u00c7\u00d5ES<\/p>\n<p style=\"text-align: justify;\">A Emdaep orienta a popula\u00e7\u00e3o a economizar \u00e1gua durante toda a semana, evitando a limpeza de cal\u00e7adas, quintais e carros.<br \/>\nQuem ainda n\u00e3o tem reservat\u00f3rio no im\u00f3vel tamb\u00e9m deve providenciar sua caixa com capacidade superior a 24 horas de consumo.<br \/>\nNesta semana, a Emdaep j\u00e1 finalizou a concretagem da base do novo reservat\u00f3rio de 300 mil litros, que foi adquirido recentemente e ser\u00e1 instalado no Jardim das Palmeiras IV no decorrer de outubro. Se necess\u00e1rio, no futuro, haver\u00e1 a perfura\u00e7\u00e3o de novo po\u00e7o no local.<br \/>\nCom reservat\u00f3rio de maior capacidade, a Emdaep espera que os problemas sejam resolvidos e conta com a compreens\u00e3o de todos.<\/p>\n<p>Fonte: Bastidores da Noticia<\/p>\n<p style=\"text-align: justify;\">\n","protected":false},"excerpt":{"rendered":"<p>Internauta envia v\u00eddeo de torneira sem um pingo de \u00e1gua, moradores da regi\u00e3o do jardim das Palmeiras n\u00e3o sabem mais o que fazer. SAIBA OS MOTIVOS DA FALTA DE \u00c1GUA. SOLU\u00c7\u00c3O VIR\u00c1 BREVEMENTE Nesta sexta-feira, a falta de \u00e1gua est\u00e1 afetando v\u00e1rias resid\u00eancias de toda a regi\u00e3o do Jardim das Palmeiras, Bairro Metr\u00f3pole, Parque Dracena, [&hellip;]<\/p>\n","protected":false},"author":1,"featured_media":35174,"comment_status":"closed","ping_status":"open","sticky":false,"template":"","format":"standard","meta":{"footnotes":""},"categories":[179,184,110],"tags":[],"class_list":["post-35172","post","type-post","status-publish","format-standard","has-post-thumbnail","hentry","category-cidadeseregiao","category-dracena","category-noticiasdestaque"],"_links":{"self":[{"href":"https:\/\/jorgezanoni.com.br\/2019\/wp-json\/wp\/v2\/posts\/35172","targetHints":{"allow":["GET"]}}],"collection":[{"href":"https:\/\/jorgezanoni.com.br\/2019\/wp-json\/wp\/v2\/posts"}],"about":[{"href":"https:\/\/jorgezanoni.com.br\/2019\/wp-json\/wp\/v2\/types\/post"}],"author":[{"embeddable":true,"href":"https:\/\/jorgezanoni.com.br\/2019\/wp-json\/wp\/v2\/users\/1"}],"replies":[{"embeddable":true,"href":"https:\/\/jorgezanoni.com.br\/2019\/wp-json\/wp\/v2\/comments?post=35172"}],"version-history":[{"count":0,"href":"https:\/\/jorgezanoni.com.br\/2019\/wp-json\/wp\/v2\/posts\/35172\/revisions"}],"wp:featuredmedia":[{"embeddable":true,"href":"https:\/\/jorgezanoni.com.br\/2019\/wp-json\/wp\/v2\/media\/35174"}],"wp:attachment":[{"href":"https:\/\/jorgezanoni.com.br\/2019\/wp-json\/wp\/v2\/media?parent=35172"}],"wp:term":[{"taxonomy":"category","embeddable":true,"href":"https:\/\/jorgezanoni.com.br\/2019\/wp-json\/wp\/v2\/categories?post=35172"},{"taxonomy":"post_tag","embeddable":true,"href":"https:\/\/jorgezanoni.com.br\/2019\/wp-json\/wp\/v2\/tags?post=35172"}],"curies":[{"name":"wp","href":"https:\/\/api.w.org\/{rel}","templated":true}]}}