{"id":35166,"date":"2020-09-18T23:34:55","date_gmt":"2020-09-18T23:34:55","guid":{"rendered":"https:\/\/jorgezanoni.com.br\/2019\/?p=35166"},"modified":"2020-09-18T23:34:55","modified_gmt":"2020-09-18T23:34:55","slug":"presidente-prudente-passa-de-4-mil-casos-positivos-e-registra-mais-quatro-mortes-pela-covid-19","status":"publish","type":"post","link":"https:\/\/jorgezanoni.com.br\/2019\/presidente-prudente-passa-de-4-mil-casos-positivos-e-registra-mais-quatro-mortes-pela-covid-19\/","title":{"rendered":"Presidente Prudente passa de 4 mil casos positivos e registra mais quatro mortes pela Covid-19"},"content":{"rendered":"<h2 class=\"content-head__subtitle\" style=\"text-align: justify;\"><strong>Novas v\u00edtimas fatais s\u00e3o mulheres de 71, 85, 87 e 90 anos. Boletim oficial tamb\u00e9m apontou outros 30 registros positivos do novo coronav\u00edrus na maior cidade do Oeste Paulista.<\/strong><\/h2>\n<div class=\"mc-column content-text active-extra-styles \" data-block-type=\"unstyled\" data-block-weight=\"43\" data-block-id=\"2\">\n<p class=\"content-text__container \" style=\"text-align: justify;\" data-track-category=\"Link no Texto\" data-track-links=\"\">A Vigil\u00e2ncia Epidemiol\u00f3gica Municipal (VEM) divulgou nesta sexta-feira (18) mais quatro mortes causadas pela Covid-19, em\u00a0<a href=\"https:\/\/g1.globo.com\/sp\/presidente-prudente-regiao\/cidade\/presidente-prudente\/\">Presidente Prudente<\/a>, elevando o total de \u00f3bitos para 114. Al\u00e9m disso, foram registrados outros 30 novos casos positivos. Com isso, a cidade contabiliza 4.020 confirma\u00e7\u00f5es da doen\u00e7a.<\/p>\n<\/div>\n<div class=\"wall protected-content\">\n<div class=\"mc-column content-text active-extra-styles \" style=\"text-align: justify;\" data-block-type=\"unstyled\" data-block-weight=\"71\" data-block-id=\"3\">\n<p class=\"content-text__container \" data-track-category=\"Link no Texto\" data-track-links=\"\">Uma das v\u00edtimas, que morreu nesta sexta-feira (18), \u00e9 uma mulher de 87 anos que recebeu confirma\u00e7\u00e3o da doen\u00e7a no dia 4. Outra mulher, de 71 anos, diagnosticada com o novo coronav\u00edrus no dia 3, morreu nesta quinta-feira (17). Al\u00e9m dessas, foram liberados outros dois resultados de \u00f3bitos positivos, referentes a duas mulheres, uma de 90 anos e outra de 85, que morreram nos dias 11 e 13 deste m\u00eas, respectivamente.<\/p>\n<\/div>\n<div class=\"mc-column content-text active-extra-styles \" style=\"text-align: justify;\" data-block-type=\"unstyled\" data-block-weight=\"36\" data-block-id=\"4\">\n<p class=\"content-text__container \" data-track-category=\"Link no Texto\" data-track-links=\"\">A VEM tamb\u00e9m divulgou mais tr\u00eas \u00f3bitos suspeitos de Covid-19 que aconteceram nesta quinta-feira, sendo tr\u00eas homens com 58, 59 e 83 anos. Foi coletado material e enviado \u00e0 an\u00e1lise. Agora, a VEM aguarda pelos resultados.<\/p>\n<\/div>\n<div class=\"mc-column content-text active-extra-styles \" style=\"text-align: justify;\" data-block-type=\"unstyled\" data-block-weight=\"68\" data-block-id=\"5\">\n<p class=\"content-text__container \" data-track-category=\"Link no Texto\" data-track-links=\"\">Com rela\u00e7\u00e3o aos novos casos positivos, 14 s\u00e3o em pessoas do sexo feminino e 16 do masculino, nas seguintes faixas et\u00e1rias: quatro at\u00e9 dez anos, um entre 11 e 19 anos, seis entre 20 e 29 anos, quatro entre 40 e 49 anos, seis entre 50 e 59 anos, quatro entre 60 e 69 anos, quatro entre 70 e 79 anos, e um entre 80 e 89 anos.<\/p>\n<\/div>\n<div class=\"content-ads content-ads--reveal\" style=\"text-align: justify;\" data-block-type=\"ads\" data-block-id=\"6\">\n<div id=\"banner_materia2\" class=\"tag-manager-publicidade-container mc-has-reveal mc-has-ad-lazyload\" data-id=\"banner_materia2\"><\/div>\n<\/div>\n<div class=\"mc-column content-text active-extra-styles \" style=\"text-align: justify;\" data-block-type=\"unstyled\" data-block-weight=\"52\" data-block-id=\"7\">\n<p class=\"content-text__container \" data-track-category=\"Link no Texto\" data-track-links=\"\">O boletim oficial, atualizado \u00e0s 17h07, aponta que 44 pessoas est\u00e3o hospitalizadas, 20 delas Unidade de Terapia Intensiva (UTI). At\u00e9 o momento, contabilizando os 45 munic\u00edpios pertencentes ao Departamento Regional de Sa\u00fade (DRS-XI), a taxa de ocupa\u00e7\u00e3o de leitos est\u00e1 apurada em 65,8% para UTI e em 54,3% para leitos de enfermaria.<\/p>\n<\/div>\n<div class=\"mc-column content-text active-extra-styles \" style=\"text-align: justify;\" data-block-type=\"unstyled\" data-block-weight=\"28\" data-block-id=\"8\">\n<p class=\"content-text__container \" data-track-category=\"Link no Texto\" data-track-links=\"\">Presidente Prudente tem 16.029 notifica\u00e7\u00f5es para Covid-19, sendo que 11.022 j\u00e1 foram descartadas. O balan\u00e7o indica ainda que 987 pessoas aguardam resultados de exames, incluindo quatro \u00f3bitos suspeitos.<\/p>\n<\/div>\n<div class=\"mc-column content-text active-extra-styles \" style=\"text-align: justify;\" data-block-type=\"unstyled\" data-block-weight=\"28\" data-block-id=\"9\">\n<p class=\"content-text__container \" data-track-category=\"Link no Texto\" data-track-links=\"\">A VEM informou que mais 275 pessoas j\u00e1 podem ser consideradas curadas. Com a nova atualiza\u00e7\u00e3o, 3.785 moradores de Presidente Prudente j\u00e1 contra\u00edram e se curaram da doen\u00e7a.<\/p>\n<\/div>\n<div class=\"row medium-uncollapsed content-media content-photo\" data-block-type=\"backstage-photo\" data-block-id=\"10\">\n<div class=\"column medium-22 large-20 medium-centered content-media__container\">\n<figure style=\"text-align: justify;\"><img decoding=\"async\" class=\"i-amphtml-fill-content i-amphtml-replaced-content\" src=\"https:\/\/s2.glbimg.com\/WNIgrFYK7gWaKN8LVmo9sQp6IjY=\/0x0:1169x595\/1008x0\/smart\/filters:strip_icc()\/i.s3.glbimg.com\/v1\/AUTH_59edd422c0c84a879bd37670ae4f538a\/internal_photos\/bs\/2020\/I\/R\/nXse3IQBmHWV58QNn5Sg\/evolucao-corona-18-09-20.jpg\" srcset=\"\" alt=\"Evolu\u00e7\u00e3o de casos de Covid-19 em Presidente Prudente, em 18 de setembro \u2014 Foto: Reprodu\u00e7\u00e3o\" \/><\/figure>\n<p class=\"content-media__description \" style=\"text-align: justify;\">Evolu\u00e7\u00e3o de casos de Covid-19 em Presidente Prudente, em 18 de setembro \u2014 Foto: Reprodu\u00e7\u00e3o<\/p>\n<p style=\"text-align: justify;\">Fonte: G1<\/p>\n<\/div>\n<\/div>\n<\/div>\n","protected":false},"excerpt":{"rendered":"<p>Novas v\u00edtimas fatais s\u00e3o mulheres de 71, 85, 87 e 90 anos. Boletim oficial tamb\u00e9m apontou outros 30 registros positivos do novo coronav\u00edrus na maior cidade do Oeste Paulista. A Vigil\u00e2ncia Epidemiol\u00f3gica Municipal (VEM) divulgou nesta sexta-feira (18) mais quatro mortes causadas pela Covid-19, em\u00a0Presidente Prudente, elevando o total de \u00f3bitos para 114. Al\u00e9m disso, [&hellip;]<\/p>\n","protected":false},"author":1,"featured_media":35167,"comment_status":"closed","ping_status":"open","sticky":false,"template":"","format":"standard","meta":{"footnotes":""},"categories":[110,122],"tags":[],"class_list":["post-35166","post","type-post","status-publish","format-standard","has-post-thumbnail","hentry","category-noticiasdestaque","category-saudeeducacaoeconcurso"],"_links":{"self":[{"href":"https:\/\/jorgezanoni.com.br\/2019\/wp-json\/wp\/v2\/posts\/35166","targetHints":{"allow":["GET"]}}],"collection":[{"href":"https:\/\/jorgezanoni.com.br\/2019\/wp-json\/wp\/v2\/posts"}],"about":[{"href":"https:\/\/jorgezanoni.com.br\/2019\/wp-json\/wp\/v2\/types\/post"}],"author":[{"embeddable":true,"href":"https:\/\/jorgezanoni.com.br\/2019\/wp-json\/wp\/v2\/users\/1"}],"replies":[{"embeddable":true,"href":"https:\/\/jorgezanoni.com.br\/2019\/wp-json\/wp\/v2\/comments?post=35166"}],"version-history":[{"count":0,"href":"https:\/\/jorgezanoni.com.br\/2019\/wp-json\/wp\/v2\/posts\/35166\/revisions"}],"wp:featuredmedia":[{"embeddable":true,"href":"https:\/\/jorgezanoni.com.br\/2019\/wp-json\/wp\/v2\/media\/35167"}],"wp:attachment":[{"href":"https:\/\/jorgezanoni.com.br\/2019\/wp-json\/wp\/v2\/media?parent=35166"}],"wp:term":[{"taxonomy":"category","embeddable":true,"href":"https:\/\/jorgezanoni.com.br\/2019\/wp-json\/wp\/v2\/categories?post=35166"},{"taxonomy":"post_tag","embeddable":true,"href":"https:\/\/jorgezanoni.com.br\/2019\/wp-json\/wp\/v2\/tags?post=35166"}],"curies":[{"name":"wp","href":"https:\/\/api.w.org\/{rel}","templated":true}]}}