{"id":35098,"date":"2020-09-18T01:31:48","date_gmt":"2020-09-18T01:31:48","guid":{"rendered":"https:\/\/jorgezanoni.com.br\/2019\/?p=35098"},"modified":"2020-09-18T01:31:48","modified_gmt":"2020-09-18T01:31:48","slug":"caminhao-canavieiro-tomba-na-rodovia-da-integracao","status":"publish","type":"post","link":"https:\/\/jorgezanoni.com.br\/2019\/caminhao-canavieiro-tomba-na-rodovia-da-integracao\/","title":{"rendered":"Caminh\u00e3o Canavieiro tomba na rodovia da Integra\u00e7\u00e3o"},"content":{"rendered":"<p style=\"text-align: justify;\">Na noite de ontem (16), no per\u00edodo noturno, foi registrado um acidente de um caminh\u00e3o canavieiro, ocorrido na Rodovia General Euclides de Oliveira Figueiredo \u2013 SP 563 \u2013 km 130,000 \u2013 Dracena, por volta das 19:40 Horas. Houve o tombamento do pesado ve\u00edculo que estava carregado, sobre a pista. Ningu\u00e9m se feriu.<\/p>\n<p><img loading=\"lazy\" decoding=\"async\" class=\"alignnone size-full wp-image-35100\" src=\"https:\/\/jorgezanoni.com.br\/2019\/wp-content\/uploads\/2020\/09\/cana1.jpg\" alt=\"\" width=\"1280\" height=\"960\" srcset=\"https:\/\/jorgezanoni.com.br\/2019\/wp-content\/uploads\/2020\/09\/cana1.jpg 1280w, https:\/\/jorgezanoni.com.br\/2019\/wp-content\/uploads\/2020\/09\/cana1-300x225.jpg 300w, https:\/\/jorgezanoni.com.br\/2019\/wp-content\/uploads\/2020\/09\/cana1-1024x768.jpg 1024w, https:\/\/jorgezanoni.com.br\/2019\/wp-content\/uploads\/2020\/09\/cana1-768x576.jpg 768w, https:\/\/jorgezanoni.com.br\/2019\/wp-content\/uploads\/2020\/09\/cana1-80x60.jpg 80w, https:\/\/jorgezanoni.com.br\/2019\/wp-content\/uploads\/2020\/09\/cana1-265x198.jpg 265w, https:\/\/jorgezanoni.com.br\/2019\/wp-content\/uploads\/2020\/09\/cana1-696x522.jpg 696w, https:\/\/jorgezanoni.com.br\/2019\/wp-content\/uploads\/2020\/09\/cana1-1068x801.jpg 1068w, https:\/\/jorgezanoni.com.br\/2019\/wp-content\/uploads\/2020\/09\/cana1-560x420.jpg 560w\" sizes=\"auto, (max-width: 1280px) 100vw, 1280px\" \/><\/p>\n<p style=\"text-align: justify;\">Fotos de Internauta<\/p>\n","protected":false},"excerpt":{"rendered":"<p>Na noite de ontem (16), no per\u00edodo noturno, foi registrado um acidente de um caminh\u00e3o canavieiro, ocorrido na Rodovia General Euclides de Oliveira Figueiredo \u2013 SP 563 \u2013 km 130,000 \u2013 Dracena, por volta das 19:40 Horas. Houve o tombamento do pesado ve\u00edculo que estava carregado, sobre a pista. Ningu\u00e9m se feriu. Fotos de Internauta<\/p>\n","protected":false},"author":1,"featured_media":35099,"comment_status":"closed","ping_status":"open","sticky":false,"template":"","format":"standard","meta":{"footnotes":""},"categories":[170,110],"tags":[],"class_list":["post-35098","post","type-post","status-publish","format-standard","has-post-thumbnail","hentry","category-acidentes","category-noticiasdestaque"],"_links":{"self":[{"href":"https:\/\/jorgezanoni.com.br\/2019\/wp-json\/wp\/v2\/posts\/35098","targetHints":{"allow":["GET"]}}],"collection":[{"href":"https:\/\/jorgezanoni.com.br\/2019\/wp-json\/wp\/v2\/posts"}],"about":[{"href":"https:\/\/jorgezanoni.com.br\/2019\/wp-json\/wp\/v2\/types\/post"}],"author":[{"embeddable":true,"href":"https:\/\/jorgezanoni.com.br\/2019\/wp-json\/wp\/v2\/users\/1"}],"replies":[{"embeddable":true,"href":"https:\/\/jorgezanoni.com.br\/2019\/wp-json\/wp\/v2\/comments?post=35098"}],"version-history":[{"count":0,"href":"https:\/\/jorgezanoni.com.br\/2019\/wp-json\/wp\/v2\/posts\/35098\/revisions"}],"wp:featuredmedia":[{"embeddable":true,"href":"https:\/\/jorgezanoni.com.br\/2019\/wp-json\/wp\/v2\/media\/35099"}],"wp:attachment":[{"href":"https:\/\/jorgezanoni.com.br\/2019\/wp-json\/wp\/v2\/media?parent=35098"}],"wp:term":[{"taxonomy":"category","embeddable":true,"href":"https:\/\/jorgezanoni.com.br\/2019\/wp-json\/wp\/v2\/categories?post=35098"},{"taxonomy":"post_tag","embeddable":true,"href":"https:\/\/jorgezanoni.com.br\/2019\/wp-json\/wp\/v2\/tags?post=35098"}],"curies":[{"name":"wp","href":"https:\/\/api.w.org\/{rel}","templated":true}]}}