{"id":35093,"date":"2020-09-18T00:21:31","date_gmt":"2020-09-18T00:21:31","guid":{"rendered":"https:\/\/jorgezanoni.com.br\/2019\/?p=35093"},"modified":"2020-09-18T00:23:57","modified_gmt":"2020-09-18T00:23:57","slug":"advogada-oferece-quase-r-45-mil-a-policiais-militares-em-troca-de-liberdade-de-cliente-e-dupla-e-presa-por-corrupcao-ativa","status":"publish","type":"post","link":"https:\/\/jorgezanoni.com.br\/2019\/advogada-oferece-quase-r-45-mil-a-policiais-militares-em-troca-de-liberdade-de-cliente-e-dupla-e-presa-por-corrupcao-ativa\/","title":{"rendered":"Advogada oferece quase R$ 45 mil a policiais militares em troca de liberdade de &#8216;cliente&#8217; e dupla \u00e9 presa por corrup\u00e7\u00e3o ativa"},"content":{"rendered":"<h2 class=\"content-head__subtitle\" style=\"text-align: justify;\"><strong>Ao ser abordado pela PM, homem confessou o furto a uma resid\u00eancia em Presidente Prudente e tamb\u00e9m ofereceu dinheiro aos policiais para tentar se livrar da pris\u00e3o.<\/strong><\/h2>\n<div class=\"mc-column content-text active-extra-styles \" data-block-type=\"unstyled\" data-block-weight=\"49\" data-block-id=\"2\">\n<p class=\"content-text__container \" style=\"text-align: justify;\" data-track-category=\"Link no Texto\" data-track-links=\"\">A Pol\u00edcia Militar recuperou, nesta quarta-feira (16), quase R$ 45 mil em dinheiro que haviam sido furtados de uma casa, em\u00a0<a href=\"http:\/\/g1.globo.com\/sp\/presidente-prudente-regiao\/cidade\/presidente-prudente.html\">Presidente Prudente (SP)<\/a>. Al\u00e9m disso, duas pessoas foram presas por corrup\u00e7\u00e3o ativa ap\u00f3s oferecerem dinheiro aos militares em troca de liberdade. Elas foram abordadas em\u00a0<a href=\"https:\/\/g1.globo.com\/sp\/sao-paulo\/cidade\/sao-paulo\/\">S\u00e3o Paulo (SP)<\/a>.<\/p>\n<\/div>\n<div class=\"wall protected-content\">\n<div class=\"mc-column content-text active-extra-styles \" style=\"text-align: justify;\" data-block-type=\"unstyled\" data-block-weight=\"30\" data-block-id=\"3\">\n<p class=\"content-text__container \" data-track-category=\"Link no Texto\" data-track-links=\"\">De acordo com informa\u00e7\u00f5es da corpora\u00e7\u00e3o ao\u00a0<strong>G1<\/strong>, o condutor de um ve\u00edculo apresentou atitudes suspeitas ao se deparar com uma viatura policial, o que motivou uma abordagem pelos militares.<\/p>\n<\/div>\n<div class=\"mc-column content-text active-extra-styles \" style=\"text-align: justify;\" data-block-type=\"unstyled\" data-block-weight=\"56\" data-block-id=\"4\">\n<p class=\"content-text__container \" data-track-category=\"Link no Texto\" data-track-links=\"\">O homem foi revistado, mas nada foi localizado. Por\u00e9m, os policiais encontraram no ve\u00edculo ferramentas de arrombamento. Um levantamento de dados feito pelos militares indicou que o ve\u00edculo teria sido usado em um furto qualificado a uma resid\u00eancia, em Presidente Prudente. Haviam sido levados do im\u00f3vel a quantia de R$ 160 mil e aparelhos eletr\u00f4nicos.<\/p>\n<\/div>\n<div class=\"mc-column content-text active-extra-styles \" style=\"text-align: justify;\" data-block-type=\"unstyled\" data-block-weight=\"56\" data-block-id=\"5\">\n<p class=\"content-text__container \" data-track-category=\"Link no Texto\" data-track-links=\"\">Os policiais questionaram o motorista sobre o furto e, conforme a PM contou ao\u00a0<strong>G1<\/strong>, ele confessou a autoria do crime e ainda ofereceu R$ 50 mil aos militares para que fosse liberado no local. No entanto, na sequ\u00eancia, o homem recebeu voz de pris\u00e3o por corrup\u00e7\u00e3o ativa e acabou conduzido \u00e0 Delegacia da Pol\u00edcia Civil.<\/p>\n<\/div>\n<div class=\"mc-column content-text active-extra-styles \" style=\"text-align: justify;\" data-block-type=\"unstyled\" data-block-weight=\"60\" data-block-id=\"6\">\n<p class=\"content-text__container \" data-track-category=\"Link no Texto\" data-track-links=\"\">O preso solicitou contato com sua esposa e, quando chegaram a um estabelecimento comercial da fam\u00edlia, no Br\u00e1s, os policiais foram recebidos por uma mulher que se apresentou como advogada do suspeito. Na ocasi\u00e3o, segundo a PM, ela ofereceu e entregou a quantia de R$ 44.900 em c\u00e9dulas de R$ 100 aos militares em troca da liberdade do preso.<\/p>\n<\/div>\n<div class=\"mc-column content-text active-extra-styles \" style=\"text-align: justify;\" data-block-type=\"unstyled\" data-block-weight=\"30\" data-block-id=\"8\">\n<p class=\"content-text__container \" data-track-category=\"Link no Texto\" data-track-links=\"\">Por\u00e9m, a advogada tamb\u00e9m recebeu voz de pris\u00e3o pelo crime de corrup\u00e7\u00e3o ativa e foi levada \u00e0 Delegacia da Pol\u00edcia Civil, de acordo com informa\u00e7\u00f5es da PM ao\u00a0<strong>G1<\/strong>.<\/p>\n<\/div>\n<div class=\"mc-column content-text active-extra-styles \" style=\"text-align: justify;\" data-block-type=\"unstyled\" data-block-weight=\"22\" data-block-id=\"9\">\n<p class=\"content-text__container \" data-track-category=\"Link no Texto\" data-track-links=\"\">Na delegacia, as pris\u00f5es foram ratificadas. Com rela\u00e7\u00e3o \u00e0 mulher, tamb\u00e9m foram tomadas provid\u00eancias junto \u00e0 Ordem dos Advogados do Brasil (OAB).<\/p>\n<\/div>\n<div class=\"mc-column content-text active-extra-styles \" style=\"text-align: justify;\" data-block-type=\"unstyled\" data-block-weight=\"19\" data-block-id=\"10\">\n<p class=\"content-text__container \" data-track-category=\"Link no Texto\" data-track-links=\"\">A pol\u00edcia ainda busca um morador da regi\u00e3o de Presidente Prudente que tamb\u00e9m \u00e9 suspeito de envolvimento no furto.<\/p>\n<\/div>\n<div class=\"mc-column content-text active-extra-styles \" style=\"text-align: justify;\" data-block-type=\"unstyled\" data-block-weight=\"15\" data-block-id=\"11\">\n<p class=\"content-text__container \" data-track-category=\"Link no Texto\" data-track-links=\"\">O\u00a0<strong>G1\u00a0<\/strong>solicitou um posicionamento \u00e0 OAB sobre o caso, mas ainda n\u00e3o obteve retorno.<\/p>\n<\/div>\n<div class=\"row medium-uncollapsed content-media content-photo\" style=\"text-align: justify;\" data-block-type=\"backstage-photo\" data-block-id=\"12\">\n<div class=\"mc-column content-media__container\">\n<figure><img decoding=\"async\" class=\"i-amphtml-fill-content i-amphtml-replaced-content\" src=\"https:\/\/s2.glbimg.com\/QwmlhvzgrrGbuRPPB5NrgPdHGUs=\/0x0:1280x605\/984x0\/smart\/filters:strip_icc()\/i.s3.glbimg.com\/v1\/AUTH_59edd422c0c84a879bd37670ae4f538a\/internal_photos\/bs\/2020\/a\/V\/uWFPBuQvyDI5nmF1foIg\/whatsapp-image-2020-09-16-at-19.31.19.jpeg\" sizes=\"(max-width: 1366px) 648px, 100vw\" srcset=\"https:\/\/s2.glbimg.com\/LWUA-UjpvshHx_77Dm8iQ708n7c=\/0x0:1280x605\/1000x0\/smart\/filters:strip_icc()\/i.s3.glbimg.com\/v1\/AUTH_59edd422c0c84a879bd37670ae4f538a\/internal_photos\/bs\/2020\/a\/V\/uWFPBuQvyDI5nmF1foIg\/whatsapp-image-2020-09-16-at-19.31.19.jpeg 1000w, https:\/\/s2.glbimg.com\/QwmlhvzgrrGbuRPPB5NrgPdHGUs=\/0x0:1280x605\/984x0\/smart\/filters:strip_icc()\/i.s3.glbimg.com\/v1\/AUTH_59edd422c0c84a879bd37670ae4f538a\/internal_photos\/bs\/2020\/a\/V\/uWFPBuQvyDI5nmF1foIg\/whatsapp-image-2020-09-16-at-19.31.19.jpeg 984w, https:\/\/s2.glbimg.com\/cZUo04XgAOFB9lYTT4OxPZoSCIY=\/0x0:1280x605\/640x0\/smart\/filters:strip_icc()\/i.s3.glbimg.com\/v1\/AUTH_59edd422c0c84a879bd37670ae4f538a\/internal_photos\/bs\/2020\/a\/V\/uWFPBuQvyDI5nmF1foIg\/whatsapp-image-2020-09-16-at-19.31.19.jpeg 640w, https:\/\/s2.glbimg.com\/zvubqLUVtPEY6xyuWGxKWD5jWH0=\/0x0:1280x605\/600x0\/smart\/filters:strip_icc()\/i.s3.glbimg.com\/v1\/AUTH_59edd422c0c84a879bd37670ae4f538a\/internal_photos\/bs\/2020\/a\/V\/uWFPBuQvyDI5nmF1foIg\/whatsapp-image-2020-09-16-at-19.31.19.jpeg 600w\" alt=\"Dinheiro e aparelhos eletr\u00f4nicos foram subtra\u00eddos da resid\u00eancia, em Presidente Prudente \u2014 Foto: Pol\u00edcia Militar\" \/><\/figure>\n<p class=\"content-media__description \">Dinheiro e aparelhos eletr\u00f4nicos foram subtra\u00eddos da resid\u00eancia, em Presidente Prudente \u2014 Foto: Pol\u00edcia Militar<\/p>\n<\/div>\n<\/div>\n<div class=\"mc-column content-text active-extra-styles\" style=\"text-align: justify;\" data-block-type=\"raw\" data-block-weight=\"2\" data-block-id=\"13\">\n<div class=\"content-intertitle\">\n<h2>Furto qualificado<\/h2>\n<\/div>\n<\/div>\n<div class=\"mc-column content-text active-extra-styles \" style=\"text-align: justify;\" data-block-type=\"unstyled\" data-block-weight=\"44\" data-block-id=\"14\">\n<p class=\"content-text__container \" data-track-category=\"Link no Texto\" data-track-links=\"\">Na \u00faltima ter\u00e7a-feira (15), foi registrado o furto a uma resid\u00eancia na Vila Boa Vista, em Presidente Prudente. De acordo com informa\u00e7\u00f5es da PM ao\u00a0<strong>G1<\/strong>, do im\u00f3vel, onde reside um casal de idosos, foram levados mais de R$ 160 mil em dinheiro.<\/p>\n<\/div>\n<div class=\"mc-column content-text active-extra-styles \" style=\"text-align: justify;\" data-block-type=\"unstyled\" data-block-weight=\"24\" data-block-id=\"15\">\n<p class=\"content-text__container \" data-track-category=\"Link no Texto\" data-track-links=\"\">As v\u00edtimas s\u00e3o comerciantes e disseram que guardavam o dinheiro em casa havia muito tempo para poderem reformar a casa, conforme relatou a pol\u00edcia.<\/p>\n<\/div>\n<div class=\"mc-column content-text active-extra-styles \" style=\"text-align: justify;\" data-block-type=\"unstyled\" data-block-weight=\"26\" data-block-id=\"16\">\n<p class=\"content-text__container \" data-track-category=\"Link no Texto\" data-track-links=\"\">Quando os moradores chegaram em casa, por volta das 19h, constataram a invas\u00e3o, que a resid\u00eancia estava toda revirada e que o dinheiro havia sumido.<\/p>\n<\/div>\n<div class=\"mc-column content-text active-extra-styles \" style=\"text-align: justify;\" data-block-type=\"unstyled\" data-block-weight=\"37\" data-block-id=\"17\">\n<p class=\"content-text__container \" data-track-category=\"Link no Texto\" data-track-links=\"\">A Pol\u00edcia Militar foi em busca de c\u00e2meras de seguran\u00e7a pelas proximidades e conseguiu imagens dos suspeitos e de um carro. O ve\u00edculo era de outro munic\u00edpio e constava venda para uma locadora de S\u00e3o Paulo.<\/p>\n<\/div>\n<div class=\"mc-column content-text active-extra-styles \" style=\"text-align: justify;\" data-block-type=\"unstyled\" data-block-weight=\"42\" data-block-id=\"19\">\n<p class=\"content-text__container \" data-track-category=\"Link no Texto\" data-track-links=\"\">Segundo contou a PM ao\u00a0<strong>G1<\/strong>, os dados da placa do autom\u00f3vel foram inseridos em um sistema e na mesma noite foi identificado que o carro passava por v\u00e1rios pontos da capital paulista. Ainda foi informada a participa\u00e7\u00e3o em uma a\u00e7\u00e3o criminosa.<\/p>\n<\/div>\n<div class=\"mc-column content-text active-extra-styles \" style=\"text-align: justify;\" data-block-type=\"unstyled\" data-block-weight=\"34\" data-block-id=\"20\">\n<p class=\"content-text__container \" data-track-category=\"Link no Texto\" data-track-links=\"\">Nesta quarta-feira (16), ent\u00e3o, o ve\u00edculo foi abordado pela Pol\u00edcia Militar em S\u00e3o Paulo e houve a pris\u00e3o de um homem e de uma mulher, bem como a recupera\u00e7\u00e3o de parte do dinheiro.<\/p>\n<\/div>\n<div class=\"row medium-uncollapsed content-media content-photo\" style=\"text-align: justify;\" data-block-type=\"backstage-photo\" data-block-id=\"21\">\n<div class=\"mc-column content-media__container\">\n<figure><img decoding=\"async\" class=\"i-amphtml-fill-content i-amphtml-replaced-content\" src=\"https:\/\/s2.glbimg.com\/nzp6aflVMElIOKvTkanFBOsvawU=\/0x0:1280x605\/984x0\/smart\/filters:strip_icc()\/i.s3.glbimg.com\/v1\/AUTH_59edd422c0c84a879bd37670ae4f538a\/internal_photos\/bs\/2020\/C\/k\/dm9Mh6RFAhMQdj52VKvQ\/whatsapp-image-2020-09-16-at-19.31.18.jpeg\" sizes=\"(max-width: 1366px) 648px, 100vw\" srcset=\"https:\/\/s2.glbimg.com\/pMFIc5QxUkqPdaGFB7zujQalImI=\/0x0:1280x605\/1000x0\/smart\/filters:strip_icc()\/i.s3.glbimg.com\/v1\/AUTH_59edd422c0c84a879bd37670ae4f538a\/internal_photos\/bs\/2020\/C\/k\/dm9Mh6RFAhMQdj52VKvQ\/whatsapp-image-2020-09-16-at-19.31.18.jpeg 1000w, https:\/\/s2.glbimg.com\/nzp6aflVMElIOKvTkanFBOsvawU=\/0x0:1280x605\/984x0\/smart\/filters:strip_icc()\/i.s3.glbimg.com\/v1\/AUTH_59edd422c0c84a879bd37670ae4f538a\/internal_photos\/bs\/2020\/C\/k\/dm9Mh6RFAhMQdj52VKvQ\/whatsapp-image-2020-09-16-at-19.31.18.jpeg 984w, https:\/\/s2.glbimg.com\/hYJLM-Gpzwl2jgQFGJyRcVD0Gq8=\/0x0:1280x605\/640x0\/smart\/filters:strip_icc()\/i.s3.glbimg.com\/v1\/AUTH_59edd422c0c84a879bd37670ae4f538a\/internal_photos\/bs\/2020\/C\/k\/dm9Mh6RFAhMQdj52VKvQ\/whatsapp-image-2020-09-16-at-19.31.18.jpeg 640w, https:\/\/s2.glbimg.com\/s6SPMK90g-Ql8ZWY3zaU94r0VJs=\/0x0:1280x605\/600x0\/smart\/filters:strip_icc()\/i.s3.glbimg.com\/v1\/AUTH_59edd422c0c84a879bd37670ae4f538a\/internal_photos\/bs\/2020\/C\/k\/dm9Mh6RFAhMQdj52VKvQ\/whatsapp-image-2020-09-16-at-19.31.18.jpeg 600w\" alt=\"Dinheiro e aparelhos eletr\u00f4nicos foram subtra\u00eddos da resid\u00eancia, em Presidente Prudente \u2014 Foto: Pol\u00edcia Militar\" \/><\/figure>\n<p class=\"content-media__description \">Dinheiro e aparelhos eletr\u00f4nicos foram subtra\u00eddos da resid\u00eancia, em Presidente Prudente \u2014 Foto: Pol\u00edcia Militar<\/p>\n<\/div>\n<\/div>\n<div class=\"row medium-uncollapsed content-media content-photo\" data-block-type=\"backstage-photo\" data-block-id=\"22\">\n<div class=\"mc-column content-media__container\">\n<figure style=\"text-align: justify;\"><img decoding=\"async\" class=\"i-amphtml-fill-content i-amphtml-replaced-content\" src=\"https:\/\/s2.glbimg.com\/9Y_GzTZv2jy5hObx39pONma6VSE=\/0x0:1280x605\/984x0\/smart\/filters:strip_icc()\/i.s3.glbimg.com\/v1\/AUTH_59edd422c0c84a879bd37670ae4f538a\/internal_photos\/bs\/2020\/G\/U\/XmYDNaT6WoCWRC3J7TQQ\/whatsapp-image-2020-09-16-at-19.31.17.jpeg\" sizes=\"(max-width: 1366px) 648px, 100vw\" srcset=\"https:\/\/s2.glbimg.com\/xejC1N3_gpkbTfTq--Qon1nxjMk=\/0x0:1280x605\/1000x0\/smart\/filters:strip_icc()\/i.s3.glbimg.com\/v1\/AUTH_59edd422c0c84a879bd37670ae4f538a\/internal_photos\/bs\/2020\/G\/U\/XmYDNaT6WoCWRC3J7TQQ\/whatsapp-image-2020-09-16-at-19.31.17.jpeg 1000w, https:\/\/s2.glbimg.com\/9Y_GzTZv2jy5hObx39pONma6VSE=\/0x0:1280x605\/984x0\/smart\/filters:strip_icc()\/i.s3.glbimg.com\/v1\/AUTH_59edd422c0c84a879bd37670ae4f538a\/internal_photos\/bs\/2020\/G\/U\/XmYDNaT6WoCWRC3J7TQQ\/whatsapp-image-2020-09-16-at-19.31.17.jpeg 984w, https:\/\/s2.glbimg.com\/f0QRxKJLvavfNiKegmBAjGHVuQI=\/0x0:1280x605\/640x0\/smart\/filters:strip_icc()\/i.s3.glbimg.com\/v1\/AUTH_59edd422c0c84a879bd37670ae4f538a\/internal_photos\/bs\/2020\/G\/U\/XmYDNaT6WoCWRC3J7TQQ\/whatsapp-image-2020-09-16-at-19.31.17.jpeg 640w, https:\/\/s2.glbimg.com\/GteZeJHaCYsWjXvoFokH6BRThUk=\/0x0:1280x605\/600x0\/smart\/filters:strip_icc()\/i.s3.glbimg.com\/v1\/AUTH_59edd422c0c84a879bd37670ae4f538a\/internal_photos\/bs\/2020\/G\/U\/XmYDNaT6WoCWRC3J7TQQ\/whatsapp-image-2020-09-16-at-19.31.17.jpeg 600w\" alt=\"Dinheiro e aparelhos eletr\u00f4nicos foram subtra\u00eddos da resid\u00eancia, em Presidente Prudente \u2014 Foto: Pol\u00edcia Militar\" \/><\/figure>\n<p class=\"content-media__description \" style=\"text-align: justify;\">Dinheiro e aparelhos eletr\u00f4nicos foram subtra\u00eddos da resid\u00eancia, em Presidente Prudente \u2014 Foto: Pol\u00edcia Militar<\/p>\n<p style=\"text-align: justify;\">Fonte: G1<\/p>\n<\/div>\n<\/div>\n<\/div>\n","protected":false},"excerpt":{"rendered":"<p>Ao ser abordado pela PM, homem confessou o furto a uma resid\u00eancia em Presidente Prudente e tamb\u00e9m ofereceu dinheiro aos policiais para tentar se livrar da pris\u00e3o. A Pol\u00edcia Militar recuperou, nesta quarta-feira (16), quase R$ 45 mil em dinheiro que haviam sido furtados de uma casa, em\u00a0Presidente Prudente (SP). Al\u00e9m disso, duas pessoas foram [&hellip;]<\/p>\n","protected":false},"author":1,"featured_media":35094,"comment_status":"closed","ping_status":"open","sticky":false,"template":"","format":"standard","meta":{"footnotes":""},"categories":[110,2],"tags":[],"class_list":["post-35093","post","type-post","status-publish","format-standard","has-post-thumbnail","hentry","category-noticiasdestaque","category-policial"],"_links":{"self":[{"href":"https:\/\/jorgezanoni.com.br\/2019\/wp-json\/wp\/v2\/posts\/35093","targetHints":{"allow":["GET"]}}],"collection":[{"href":"https:\/\/jorgezanoni.com.br\/2019\/wp-json\/wp\/v2\/posts"}],"about":[{"href":"https:\/\/jorgezanoni.com.br\/2019\/wp-json\/wp\/v2\/types\/post"}],"author":[{"embeddable":true,"href":"https:\/\/jorgezanoni.com.br\/2019\/wp-json\/wp\/v2\/users\/1"}],"replies":[{"embeddable":true,"href":"https:\/\/jorgezanoni.com.br\/2019\/wp-json\/wp\/v2\/comments?post=35093"}],"version-history":[{"count":0,"href":"https:\/\/jorgezanoni.com.br\/2019\/wp-json\/wp\/v2\/posts\/35093\/revisions"}],"wp:featuredmedia":[{"embeddable":true,"href":"https:\/\/jorgezanoni.com.br\/2019\/wp-json\/wp\/v2\/media\/35094"}],"wp:attachment":[{"href":"https:\/\/jorgezanoni.com.br\/2019\/wp-json\/wp\/v2\/media?parent=35093"}],"wp:term":[{"taxonomy":"category","embeddable":true,"href":"https:\/\/jorgezanoni.com.br\/2019\/wp-json\/wp\/v2\/categories?post=35093"},{"taxonomy":"post_tag","embeddable":true,"href":"https:\/\/jorgezanoni.com.br\/2019\/wp-json\/wp\/v2\/tags?post=35093"}],"curies":[{"name":"wp","href":"https:\/\/api.w.org\/{rel}","templated":true}]}}