{"id":35087,"date":"2020-09-17T23:42:12","date_gmt":"2020-09-17T23:42:12","guid":{"rendered":"https:\/\/jorgezanoni.com.br\/2019\/?p=35087"},"modified":"2020-09-17T23:42:12","modified_gmt":"2020-09-17T23:42:12","slug":"incendio-no-parque-estadual-do-aguapei-mobiliza-corpo-de-bombeiros-pelo-5o-dia-consecutivo","status":"publish","type":"post","link":"https:\/\/jorgezanoni.com.br\/2019\/incendio-no-parque-estadual-do-aguapei-mobiliza-corpo-de-bombeiros-pelo-5o-dia-consecutivo\/","title":{"rendered":"Inc\u00eandio no Parque Estadual do Aguape\u00ed mobiliza Corpo de Bombeiros pelo 5\u00ba dia consecutivo"},"content":{"rendered":"<h2 class=\"content-head__subtitle\" style=\"text-align: justify;\"><strong>\u00c1reas em chamas ficam entre munic\u00edpios como Monte Castelo e S\u00e3o Jo\u00e3o do Pau d&#8217;Alho. Corpora\u00e7\u00e3o informou que cerca de 500 hectares j\u00e1 foram destru\u00eddos.<\/strong><\/h2>\n<div class=\"mc-column content-text active-extra-styles \" data-block-type=\"unstyled\" data-block-weight=\"42\" data-block-id=\"2\">\n<p class=\"content-text__container \" style=\"text-align: justify;\" data-track-category=\"Link no Texto\" data-track-links=\"\">Um inc\u00eandio em uma \u00c1rea de Preserva\u00e7\u00e3o Permanente (APP) no Parque Estadual do Aguape\u00ed mobiliza o Corpo de Bombeiros pelo quinto dia consecutivo nesta quinta-feira (17). As \u00e1reas em chamas ficam entre munic\u00edpios como\u00a0<a href=\"https:\/\/g1.globo.com\/sp\/presidente-prudente-regiao\/cidade\/monte-castelo-sp\/\">Monte Castelo<\/a>\u00a0e\u00a0<a href=\"https:\/\/g1.globo.com\/sp\/presidente-prudente-regiao\/cidade\/sao-joao-do-pau-dalho\/]\">S\u00e3o Jo\u00e3o do Pau D&#8217;Alho<\/a>.<\/p>\n<\/div>\n<div class=\"wall protected-content\">\n<div class=\"mc-column content-text active-extra-styles \" style=\"text-align: justify;\" data-block-type=\"unstyled\" data-block-weight=\"13\" data-block-id=\"3\">\n<p class=\"content-text__container \" data-track-category=\"Link no Texto\" data-track-links=\"\">Conforme a corpora\u00e7\u00e3o, v\u00e1rios pontos do parque est\u00e3o sendo queimados pelo fogo.<\/p>\n<\/div>\n<div class=\"mc-column content-text active-extra-styles \" style=\"text-align: justify;\" data-block-type=\"unstyled\" data-block-weight=\"37\" data-block-id=\"4\">\n<p class=\"content-text__container \" data-track-category=\"Link no Texto\" data-track-links=\"\">Os bombeiros ainda informaram \u00e0\u00a0<strong>TV Fronteira<\/strong>\u00a0que ainda tem focos de inc\u00eandio no local e que o trabalho de conten\u00e7\u00e3o tem sido ainda mais complicado devido ao tempo seco e a baixa umidade do ar.<\/p>\n<\/div>\n<div class=\"mc-column content-text active-extra-styles \" style=\"text-align: justify;\" data-block-type=\"unstyled\" data-block-weight=\"10\" data-block-id=\"5\">\n<p class=\"content-text__container \" data-track-category=\"Link no Texto\" data-track-links=\"\">O local, segundo a corpora\u00e7\u00e3o, \u00e9 de dif\u00edcil acesso.<\/p>\n<\/div>\n<div class=\"mc-column content-text active-extra-styles \" style=\"text-align: justify;\" data-block-type=\"unstyled\" data-block-weight=\"23\" data-block-id=\"6\">\n<p class=\"content-text__container \" data-track-category=\"Link no Texto\" data-track-links=\"\">O Corpo de Bombeiros estima que a queimada tenha destru\u00eddo cerca de 500 hectares de um total de 9.043,970 hectares do parque estadual.<\/p>\n<\/div>\n<div class=\"row medium-uncollapsed content-media content-photo\" style=\"text-align: justify;\" data-block-type=\"backstage-photo\" data-block-id=\"7\">\n<div class=\"mc-column content-media__container\">\n<figure><img decoding=\"async\" class=\"i-amphtml-fill-content i-amphtml-replaced-content\" src=\"https:\/\/s2.glbimg.com\/rlmDTWzz-YphCRcPZN6jfFrWzk8=\/0x0:1280x720\/984x0\/smart\/filters:strip_icc()\/i.s3.glbimg.com\/v1\/AUTH_59edd422c0c84a879bd37670ae4f538a\/internal_photos\/bs\/2020\/M\/z\/CmcPttTwy3GcN9euqOeA\/t182fl5f63576d89f2e.jpeg\" sizes=\"(max-width: 1366px) 648px, 100vw\" srcset=\"https:\/\/s2.glbimg.com\/rhl-NfkMhbctD4NxpAVY649IXxY=\/0x0:1280x720\/1000x0\/smart\/filters:strip_icc()\/i.s3.glbimg.com\/v1\/AUTH_59edd422c0c84a879bd37670ae4f538a\/internal_photos\/bs\/2020\/M\/z\/CmcPttTwy3GcN9euqOeA\/t182fl5f63576d89f2e.jpeg 1000w, https:\/\/s2.glbimg.com\/rlmDTWzz-YphCRcPZN6jfFrWzk8=\/0x0:1280x720\/984x0\/smart\/filters:strip_icc()\/i.s3.glbimg.com\/v1\/AUTH_59edd422c0c84a879bd37670ae4f538a\/internal_photos\/bs\/2020\/M\/z\/CmcPttTwy3GcN9euqOeA\/t182fl5f63576d89f2e.jpeg 984w, https:\/\/s2.glbimg.com\/YiREet_s2JjjB98_f1AT3Hi8780=\/0x0:1280x720\/640x0\/smart\/filters:strip_icc()\/i.s3.glbimg.com\/v1\/AUTH_59edd422c0c84a879bd37670ae4f538a\/internal_photos\/bs\/2020\/M\/z\/CmcPttTwy3GcN9euqOeA\/t182fl5f63576d89f2e.jpeg 640w, https:\/\/s2.glbimg.com\/LTjdXR3Wt4SjtpbG2zCRbt5lwOg=\/0x0:1280x720\/600x0\/smart\/filters:strip_icc()\/i.s3.glbimg.com\/v1\/AUTH_59edd422c0c84a879bd37670ae4f538a\/internal_photos\/bs\/2020\/M\/z\/CmcPttTwy3GcN9euqOeA\/t182fl5f63576d89f2e.jpeg 600w\" alt=\"\u00c1reas em chamas ficam entre Monte Castelo e S\u00e3o Jo\u00e3o do Pau D'Alho \u2014 Foto: Corpo de Bombeiros \" \/><\/figure>\n<p class=\"content-media__description \">\u00c1reas em chamas ficam entre Monte Castelo e S\u00e3o Jo\u00e3o do Pau D&#8217;Alho \u2014 Foto: Corpo de Bombeiros<\/p>\n<\/div>\n<\/div>\n<div class=\"content-ads content-ads--reveal\" style=\"text-align: justify;\" data-block-type=\"ads\" data-block-id=\"8\">\n<div id=\"banner_materia2\" class=\"tag-manager-publicidade-container mc-has-reveal mc-has-ad-lazyload\" data-id=\"banner_materia2\"><\/div>\n<\/div>\n<div class=\"mc-column content-text active-extra-styles\" style=\"text-align: justify;\" data-block-type=\"raw\" data-block-weight=\"4\" data-block-id=\"9\">\n<div class=\"content-intertitle\">\n<h2>Parque Estadual do Aguape\u00ed<\/h2>\n<\/div>\n<\/div>\n<div class=\"mc-column content-text active-extra-styles \" style=\"text-align: justify;\" data-block-type=\"unstyled\" data-block-weight=\"33\" data-block-id=\"10\">\n<p class=\"content-text__container \" data-track-category=\"Link no Texto\" data-track-links=\"\">Criado em 1998, o Parque Estadual do Aguape\u00ed e o Parque Estadual do Rio do Peixe fazem parte da regi\u00e3o conhecida como Pantaninho Paulista que, semelhante ao Pantanal brasileiro, apresenta ambiente predominantemente alagadi\u00e7o.<\/p>\n<\/div>\n<div class=\"mc-column content-text active-extra-styles \" style=\"text-align: justify;\" data-block-type=\"unstyled\" data-block-weight=\"68\" data-block-id=\"11\">\n<p class=\"content-text__container \" data-track-category=\"Link no Texto\" data-track-links=\"\">Embora os Parques Aguape\u00ed e Rio do Peixe estejam isolados por terra, eles est\u00e3o conectados pelas \u00e1guas dos rios que lhes emprestam nome, pois des\u00e1guam no rio Paran\u00e1 a algumas dezenas de quil\u00f4metros um do outro, num fluxo cont\u00ednuo de nutrientes e esp\u00e9cies. As principais forma\u00e7\u00f5es vegetacionais do parque s\u00e3o Floresta Estacional Semidecidual Sub-Montana (Mata Atl\u00e2ntica) e vegeta\u00e7\u00e3o de v\u00e1rzea, onde foram listadas 154 esp\u00e9cies da flora nativa.<\/p>\n<\/div>\n<div class=\"mc-column content-text active-extra-styles \" style=\"text-align: justify;\" data-block-type=\"unstyled\" data-block-weight=\"46\" data-block-id=\"12\">\n<p class=\"content-text__container \" data-track-category=\"Link no Texto\" data-track-links=\"\">Quanto \u00e0 fauna, como o cervo-do-pantanal, o lobo-guar\u00e1, o bugio, o jacar\u00e9-de-papo-amarelo e o jacar\u00e9-an\u00e3o, e in\u00fameras esp\u00e9cies de aves, como a anhuma, o cardeal-do-pantanal, o jaburu, entre outros, dependem diretamente dos ambientes lacustres, pois est\u00e3o inseridos na teia alimentar que sustenta a biodiversidade deste lugar.<\/p>\n<\/div>\n<div class=\"mc-column content-text active-extra-styles \" style=\"text-align: justify;\" data-block-type=\"unstyled\" data-block-weight=\"8\" data-block-id=\"13\">\n<p class=\"content-text__container \" data-track-category=\"Link no Texto\" data-track-links=\"\">O Parque Estadual do Aguape\u00ed possui 9.043,970 hectares.<\/p>\n<\/div>\n<div class=\"row medium-uncollapsed content-media content-photo\" style=\"text-align: justify;\" data-block-type=\"backstage-photo\" data-block-id=\"14\">\n<div class=\"mc-column content-media__container\">\n<figure><img decoding=\"async\" class=\"i-amphtml-fill-content i-amphtml-replaced-content\" src=\"https:\/\/s2.glbimg.com\/0kfOrbepW0rfQEoKjBgrTqTyEPk=\/0x0:1280x720\/984x0\/smart\/filters:strip_icc()\/i.s3.glbimg.com\/v1\/AUTH_59edd422c0c84a879bd37670ae4f538a\/internal_photos\/bs\/2020\/0\/z\/H7cGWTQ4WdBLXUaN62OQ\/t182fl5f63577154600.jpeg\" sizes=\"(max-width: 1366px) 648px, 100vw\" srcset=\"https:\/\/s2.glbimg.com\/PzcGiFQJeYl4GcNwz4L1wEF85Xc=\/0x0:1280x720\/1000x0\/smart\/filters:strip_icc()\/i.s3.glbimg.com\/v1\/AUTH_59edd422c0c84a879bd37670ae4f538a\/internal_photos\/bs\/2020\/0\/z\/H7cGWTQ4WdBLXUaN62OQ\/t182fl5f63577154600.jpeg 1000w, https:\/\/s2.glbimg.com\/0kfOrbepW0rfQEoKjBgrTqTyEPk=\/0x0:1280x720\/984x0\/smart\/filters:strip_icc()\/i.s3.glbimg.com\/v1\/AUTH_59edd422c0c84a879bd37670ae4f538a\/internal_photos\/bs\/2020\/0\/z\/H7cGWTQ4WdBLXUaN62OQ\/t182fl5f63577154600.jpeg 984w, https:\/\/s2.glbimg.com\/IP6UDDicqxzBhNKDZf4nn__IUCE=\/0x0:1280x720\/640x0\/smart\/filters:strip_icc()\/i.s3.glbimg.com\/v1\/AUTH_59edd422c0c84a879bd37670ae4f538a\/internal_photos\/bs\/2020\/0\/z\/H7cGWTQ4WdBLXUaN62OQ\/t182fl5f63577154600.jpeg 640w, https:\/\/s2.glbimg.com\/pXkc4W6a7c1vkdf-wZD0Mx9eRPs=\/0x0:1280x720\/600x0\/smart\/filters:strip_icc()\/i.s3.glbimg.com\/v1\/AUTH_59edd422c0c84a879bd37670ae4f538a\/internal_photos\/bs\/2020\/0\/z\/H7cGWTQ4WdBLXUaN62OQ\/t182fl5f63577154600.jpeg 600w\" alt=\"\u00c1reas em chamas ficam entre Monte Castelo e S\u00e3o Jo\u00e3o do Pau D'Alho \u2014 Foto: Corpo de Bombeiros \" \/><\/figure>\n<p class=\"content-media__description \">\u00c1reas em chamas ficam entre Monte Castelo e S\u00e3o Jo\u00e3o do Pau D&#8217;Alho \u2014 Foto: Corpo de Bombeiros<\/p>\n<\/div>\n<\/div>\n<div class=\"row medium-uncollapsed content-media content-photo\" data-block-type=\"backstage-photo\" data-block-id=\"15\">\n<div class=\"mc-column content-media__container\">\n<figure style=\"text-align: justify;\"><img decoding=\"async\" class=\"i-amphtml-fill-content i-amphtml-replaced-content\" src=\"https:\/\/s2.glbimg.com\/x9NvfaE66EyOj8i_st7ncXA3YW8=\/0x0:1280x720\/984x0\/smart\/filters:strip_icc()\/i.s3.glbimg.com\/v1\/AUTH_59edd422c0c84a879bd37670ae4f538a\/internal_photos\/bs\/2020\/R\/u\/ptoVhrRTOCgz1c7lXVew\/t182fl5f635774f22d9.jpeg\" sizes=\"(max-width: 1366px) 648px, 100vw\" srcset=\"https:\/\/s2.glbimg.com\/WKrDNM5sNFOC0smyRPPF9BiKY1E=\/0x0:1280x720\/1000x0\/smart\/filters:strip_icc()\/i.s3.glbimg.com\/v1\/AUTH_59edd422c0c84a879bd37670ae4f538a\/internal_photos\/bs\/2020\/R\/u\/ptoVhrRTOCgz1c7lXVew\/t182fl5f635774f22d9.jpeg 1000w, https:\/\/s2.glbimg.com\/x9NvfaE66EyOj8i_st7ncXA3YW8=\/0x0:1280x720\/984x0\/smart\/filters:strip_icc()\/i.s3.glbimg.com\/v1\/AUTH_59edd422c0c84a879bd37670ae4f538a\/internal_photos\/bs\/2020\/R\/u\/ptoVhrRTOCgz1c7lXVew\/t182fl5f635774f22d9.jpeg 984w, https:\/\/s2.glbimg.com\/q8A8AIkXWE4zGkEm0kQj6AvVVo4=\/0x0:1280x720\/640x0\/smart\/filters:strip_icc()\/i.s3.glbimg.com\/v1\/AUTH_59edd422c0c84a879bd37670ae4f538a\/internal_photos\/bs\/2020\/R\/u\/ptoVhrRTOCgz1c7lXVew\/t182fl5f635774f22d9.jpeg 640w, https:\/\/s2.glbimg.com\/pl8b1uzQwafshOUoAbyLIK3dF5o=\/0x0:1280x720\/600x0\/smart\/filters:strip_icc()\/i.s3.glbimg.com\/v1\/AUTH_59edd422c0c84a879bd37670ae4f538a\/internal_photos\/bs\/2020\/R\/u\/ptoVhrRTOCgz1c7lXVew\/t182fl5f635774f22d9.jpeg 600w\" alt=\"\u00c1reas em chamas ficam entre Monte Castelo e S\u00e3o Jo\u00e3o do Pau D'Alho \u2014 Foto: Corpo de Bombeiros \" \/><\/figure>\n<p class=\"content-media__description \" style=\"text-align: justify;\">\u00c1reas em chamas ficam entre Monte Castelo e S\u00e3o Jo\u00e3o do Pau D&#8217;Alho \u2014 Foto: Corpo de Bombeiros<\/p>\n<p style=\"text-align: justify;\">Fonte: G1<\/p>\n<\/div>\n<\/div>\n<\/div>\n","protected":false},"excerpt":{"rendered":"<p>\u00c1reas em chamas ficam entre munic\u00edpios como Monte Castelo e S\u00e3o Jo\u00e3o do Pau d&#8217;Alho. Corpora\u00e7\u00e3o informou que cerca de 500 hectares j\u00e1 foram destru\u00eddos. Um inc\u00eandio em uma \u00c1rea de Preserva\u00e7\u00e3o Permanente (APP) no Parque Estadual do Aguape\u00ed mobiliza o Corpo de Bombeiros pelo quinto dia consecutivo nesta quinta-feira (17). As \u00e1reas em chamas [&hellip;]<\/p>\n","protected":false},"author":1,"featured_media":35088,"comment_status":"closed","ping_status":"open","sticky":false,"template":"","format":"standard","meta":{"footnotes":""},"categories":[176,110],"tags":[],"class_list":["post-35087","post","type-post","status-publish","format-standard","has-post-thumbnail","hentry","category-meioambienteeagricultura","category-noticiasdestaque"],"_links":{"self":[{"href":"https:\/\/jorgezanoni.com.br\/2019\/wp-json\/wp\/v2\/posts\/35087","targetHints":{"allow":["GET"]}}],"collection":[{"href":"https:\/\/jorgezanoni.com.br\/2019\/wp-json\/wp\/v2\/posts"}],"about":[{"href":"https:\/\/jorgezanoni.com.br\/2019\/wp-json\/wp\/v2\/types\/post"}],"author":[{"embeddable":true,"href":"https:\/\/jorgezanoni.com.br\/2019\/wp-json\/wp\/v2\/users\/1"}],"replies":[{"embeddable":true,"href":"https:\/\/jorgezanoni.com.br\/2019\/wp-json\/wp\/v2\/comments?post=35087"}],"version-history":[{"count":0,"href":"https:\/\/jorgezanoni.com.br\/2019\/wp-json\/wp\/v2\/posts\/35087\/revisions"}],"wp:featuredmedia":[{"embeddable":true,"href":"https:\/\/jorgezanoni.com.br\/2019\/wp-json\/wp\/v2\/media\/35088"}],"wp:attachment":[{"href":"https:\/\/jorgezanoni.com.br\/2019\/wp-json\/wp\/v2\/media?parent=35087"}],"wp:term":[{"taxonomy":"category","embeddable":true,"href":"https:\/\/jorgezanoni.com.br\/2019\/wp-json\/wp\/v2\/categories?post=35087"},{"taxonomy":"post_tag","embeddable":true,"href":"https:\/\/jorgezanoni.com.br\/2019\/wp-json\/wp\/v2\/tags?post=35087"}],"curies":[{"name":"wp","href":"https:\/\/api.w.org\/{rel}","templated":true}]}}