{"id":35084,"date":"2020-09-17T23:27:54","date_gmt":"2020-09-17T23:27:54","guid":{"rendered":"https:\/\/jorgezanoni.com.br\/2019\/?p=35084"},"modified":"2020-09-17T23:27:54","modified_gmt":"2020-09-17T23:27:54","slug":"12-sao-os-candidatos-a-prefeito-de-presidente-prudente-nas-eleicoes-de-2020-veja-a-lista","status":"publish","type":"post","link":"https:\/\/jorgezanoni.com.br\/2019\/12-sao-os-candidatos-a-prefeito-de-presidente-prudente-nas-eleicoes-de-2020-veja-a-lista\/","title":{"rendered":"12 s\u00e3o os Candidatos a prefeito de Presidente Prudente nas elei\u00e7\u00f5es de 2020; veja a lista"},"content":{"rendered":"<h2 class=\"content-head__subtitle\" style=\"text-align: justify;\"><strong>Conven\u00e7\u00f5es partid\u00e1rias definiram 12 chapas concorrentes para a disputa pelo comando do Poder Executivo neste ano. Vota\u00e7\u00e3o est\u00e1 prevista para o dia 15 de novembro.<\/strong><\/h2>\n<div class=\"row medium-uncollapsed content-media content-photo\" data-block-type=\"backstage-photo\" data-block-id=\"0\">\n<div class=\"column medium-22 large-20 medium-centered content-media__container\">\n<p class=\"content-media__description \" style=\"text-align: justify;\">Candidatos a prefeito de Presidente Prudente nas elei\u00e7\u00f5es municipais de 2020, em ordem alfab\u00e9tica. Acima (da esquerda para a direita): Ed Thomas (PSB), F\u00e1bio Sato (MDB), Glauco Jos\u00e9 Bazzo (PTC), Guilherme Piai (PSL), Jo\u00e3o Fel\u00edcio Figueira (PRTB) e Jos\u00e9 Lemes Soares (PDT). Abaixo (da esquerda para a direita): Juliano Borges (PODE), La\u00e9rcio Alc\u00e2ntara (DEM), Lu\u00eds Valente (PT), Marcos Lucas (Avante), Nelson Bugalho (PSDB) e Paulo Lima (PSD) \u2014 Foto: Arte\/G1<\/p>\n<\/div>\n<\/div>\n<div class=\"mc-column content-text active-extra-styles \" style=\"text-align: justify;\" data-block-type=\"unstyled\" data-block-weight=\"24\" data-block-id=\"2\">\n<p class=\"content-text__container \" data-track-category=\"Link no Texto\" data-track-links=\"\"><a href=\"https:\/\/g1.globo.com\/sp\/presidente-prudente-regiao\/cidade\/presidente-prudente\/\">Presidente Prudente<\/a>\u00a0vai ter 12 chapas disputando a Prefeitura nas elei\u00e7\u00f5es municipais de 2020, conforme definiram as conven\u00e7\u00f5es partid\u00e1rias realizadas neste m\u00eas de setembro.<\/p>\n<\/div>\n<div class=\"wall protected-content\">\n<div class=\"mc-column content-text active-extra-styles \" style=\"text-align: justify;\" data-block-type=\"unstyled\" data-block-weight=\"20\" data-block-id=\"3\">\n<p class=\"content-text__container \" data-track-category=\"Link no Texto\" data-track-links=\"\">\u00c9 o maior n\u00famero de concorrentes em uma disputa pelo comando do Poder Executivo j\u00e1 registrado na hist\u00f3ria da cidade.<\/p>\n<\/div>\n<div class=\"mc-column content-text active-extra-styles \" style=\"text-align: justify;\" data-block-type=\"unstyled\" data-block-weight=\"24\" data-block-id=\"4\">\n<p class=\"content-text__container \" data-track-category=\"Link no Texto\" data-track-links=\"\">O prazo para a realiza\u00e7\u00e3o das conven\u00e7\u00f5es partid\u00e1rias encerrou-se nesta quarta-feira (16). A vota\u00e7\u00e3o est\u00e1 marcada para o dia 15 de novembro de 2020.<\/p>\n<\/div>\n<div class=\"mc-column content-text active-extra-styles \" style=\"text-align: justify;\" data-block-type=\"unstyled\" data-block-weight=\"14\" data-block-id=\"5\">\n<p class=\"content-text__container \" data-track-category=\"Link no Texto\" data-track-links=\"\">Veja quem s\u00e3o os candidatos a prefeito, em ordem alfab\u00e9tica, e seus respectivos vices:<\/p>\n<\/div>\n<div class=\"mc-column content-text active-extra-styles \" style=\"text-align: justify;\" data-block-type=\"unstyled\" data-block-weight=\"9\" data-block-id=\"6\">\n<p class=\"content-text__container \" data-track-category=\"Link no Texto\" data-track-links=\"\"><strong>Chapa: \u201cFor\u00e7a Prudente\u201d \u2013 PSB, Patriota, PSC e PP<\/strong><\/p>\n<\/div>\n<div class=\"mc-column content-text active-extra-styles\" style=\"text-align: justify;\" data-block-type=\"raw\" data-block-weight=\"10\" data-block-id=\"7\">\n<ul class=\"content-unordered-list\">\n<li>Prefeito: Ed Thomas (PSB)<\/li>\n<li>Vice-prefeito: Izaque Jos\u00e9 da Silva (Patriota)<\/li>\n<\/ul>\n<\/div>\n<div class=\"mc-column content-text active-extra-styles \" style=\"text-align: justify;\" data-block-type=\"unstyled\" data-block-weight=\"9\" data-block-id=\"8\">\n<p class=\"content-text__container \" data-track-category=\"Link no Texto\" data-track-links=\"\"><strong>Chapa: \u201cMudar de Verdade\u201d \u2013 MDB, Cidadania e Republicanos<\/strong><\/p>\n<\/div>\n<div class=\"mc-column content-text active-extra-styles\" style=\"text-align: justify;\" data-block-type=\"raw\" data-block-weight=\"8\" data-block-id=\"9\">\n<ul class=\"content-unordered-list\">\n<li>Prefeito: F\u00e1bio Sato (MDB)<\/li>\n<li>Vice-prefeito: Jailton Santiago (MDB)<\/li>\n<\/ul>\n<\/div>\n<div class=\"mc-column content-text active-extra-styles \" style=\"text-align: justify;\" data-block-type=\"unstyled\" data-block-weight=\"8\" data-block-id=\"10\">\n<p class=\"content-text__container \" data-track-category=\"Link no Texto\" data-track-links=\"\"><strong>Chapa: \u201cMuda Prudente, Muda de Verdade!\u201d \u2013 PTC<\/strong><\/p>\n<\/div>\n<div class=\"mc-column content-text active-extra-styles\" style=\"text-align: justify;\" data-block-type=\"raw\" data-block-weight=\"9\" data-block-id=\"11\">\n<ul class=\"content-unordered-list\">\n<li>Prefeito: Glauco Jos\u00e9 Bazzo (PTC)<\/li>\n<li>Vice-prefeito: Marcelo Miyazaki (PTC)<\/li>\n<\/ul>\n<\/div>\n<div class=\"mc-column content-text active-extra-styles \" style=\"text-align: justify;\" data-block-type=\"unstyled\" data-block-weight=\"5\" data-block-id=\"12\">\n<p class=\"content-text__container \" data-track-category=\"Link no Texto\" data-track-links=\"\"><strong>Chapa: \u201cEndireita Prudente\u201d \u2013 PSL<\/strong><\/p>\n<\/div>\n<div class=\"mc-column content-text active-extra-styles\" style=\"text-align: justify;\" data-block-type=\"raw\" data-block-weight=\"8\" data-block-id=\"13\">\n<ul class=\"content-unordered-list\">\n<li>Prefeito: Guilherme Piai (PSL)<\/li>\n<li>Vice-prefeita: Neyla Pinheiro (PSL)<\/li>\n<\/ul>\n<\/div>\n<div class=\"mc-column content-text active-extra-styles \" style=\"text-align: justify;\" data-block-type=\"unstyled\" data-block-weight=\"6\" data-block-id=\"14\">\n<p class=\"content-text__container \" data-track-category=\"Link no Texto\" data-track-links=\"\"><strong>Chapa: \u201cCoragem para Mudar\u201d \u2013 PRTB<\/strong><\/p>\n<\/div>\n<div class=\"mc-column content-text active-extra-styles\" style=\"text-align: justify;\" data-block-type=\"raw\" data-block-weight=\"11\" data-block-id=\"15\">\n<ul class=\"content-unordered-list\">\n<li>Prefeito: Jo\u00e3o Fel\u00edcio Figueira (PRTB)<\/li>\n<li>Vice-prefeito: Arnaldo Vicenti Erani Gonino (PRTB)<\/li>\n<\/ul>\n<\/div>\n<div class=\"mc-column content-text active-extra-styles \" style=\"text-align: justify;\" data-block-type=\"unstyled\" data-block-weight=\"7\" data-block-id=\"16\">\n<p class=\"content-text__container \" data-track-category=\"Link no Texto\" data-track-links=\"\"><strong>Chapa: \u201cPrudente em Primeiro Lugar\u201d \u2013 PDT<\/strong><\/p>\n<\/div>\n<div class=\"mc-column content-text active-extra-styles\" style=\"text-align: justify;\" data-block-type=\"raw\" data-block-weight=\"10\" data-block-id=\"17\">\n<ul class=\"content-unordered-list\">\n<li>Prefeito: Jos\u00e9 Lemes Soares (PDT)<\/li>\n<li>Vice-prefeito: Lu\u00eds Santo Schicotti (PDT)<\/li>\n<\/ul>\n<\/div>\n<div class=\"mc-column content-text active-extra-styles \" style=\"text-align: justify;\" data-block-type=\"unstyled\" data-block-weight=\"7\" data-block-id=\"18\">\n<p class=\"content-text__container \" data-track-category=\"Link no Texto\" data-track-links=\"\"><strong>Chapa: \u201cJuntos Podemos Mudar Prudente\u201d \u2013 PODE<\/strong><\/p>\n<\/div>\n<div class=\"mc-column content-text active-extra-styles\" style=\"text-align: justify;\" data-block-type=\"raw\" data-block-weight=\"8\" data-block-id=\"19\">\n<ul class=\"content-unordered-list\">\n<li>Prefeito: Juliano Borges (PODE)<\/li>\n<li>Vice-prefeito: Wadir Olivetti (PODE)<\/li>\n<\/ul>\n<\/div>\n<div class=\"mc-column content-text active-extra-styles \" style=\"text-align: justify;\" data-block-type=\"unstyled\" data-block-weight=\"8\" data-block-id=\"20\">\n<p class=\"content-text__container \" data-track-category=\"Link no Texto\" data-track-links=\"\"><strong>Chapa: \u201cExperi\u00eancia e Trabalho\u201d \u2013 DEM e PTB<\/strong><\/p>\n<\/div>\n<div class=\"content-ads content-ads--reveal\" style=\"text-align: justify;\" data-block-type=\"ads\" data-block-id=\"21\">\n<div id=\"banner_materia2\" class=\"tag-manager-publicidade-container mc-has-reveal mc-has-ad-lazyload\" data-id=\"banner_materia2\"><\/div>\n<\/div>\n<div class=\"mc-column content-text active-extra-styles\" style=\"text-align: justify;\" data-block-type=\"raw\" data-block-weight=\"8\" data-block-id=\"22\">\n<ul class=\"content-unordered-list\">\n<li>Prefeito: La\u00e9rcio Alc\u00e2ntara (DEM)<\/li>\n<li>Vice-prefeito: Feiz Abbud (PTB)<\/li>\n<\/ul>\n<\/div>\n<div class=\"mc-column content-text active-extra-styles \" style=\"text-align: justify;\" data-block-type=\"unstyled\" data-block-weight=\"8\" data-block-id=\"23\">\n<p class=\"content-text__container \" data-track-category=\"Link no Texto\" data-track-links=\"\"><strong>Chapa: \u201cFrente Prudente Popular\u201d \u2013 PT e PSOL<\/strong><\/p>\n<\/div>\n<div class=\"mc-column content-text active-extra-styles\" style=\"text-align: justify;\" data-block-type=\"raw\" data-block-weight=\"9\" data-block-id=\"24\">\n<ul class=\"content-unordered-list\">\n<li>Prefeito: Lu\u00eds Valente (PT)<\/li>\n<li>Vice-prefeita: Evelyn de Paula (PSOL)<\/li>\n<\/ul>\n<\/div>\n<div class=\"mc-column content-text active-extra-styles \" style=\"text-align: justify;\" data-block-type=\"unstyled\" data-block-weight=\"7\" data-block-id=\"25\">\n<p class=\"content-text__container \" data-track-category=\"Link no Texto\" data-track-links=\"\"><strong>Chapa: \u201cPor uma Nova Prudente\u201d \u2013 Avante<\/strong><\/p>\n<\/div>\n<div class=\"mc-column content-text active-extra-styles\" style=\"text-align: justify;\" data-block-type=\"raw\" data-block-weight=\"8\" data-block-id=\"26\">\n<ul class=\"content-unordered-list\">\n<li>Prefeito: Marcos Lucas (Avante)<\/li>\n<li>Vice-prefeita: Myriam Costa (Avante)<\/li>\n<\/ul>\n<\/div>\n<div class=\"mc-column content-text active-extra-styles \" style=\"text-align: justify;\" data-block-type=\"unstyled\" data-block-weight=\"11\" data-block-id=\"27\">\n<p class=\"content-text__container \" data-track-category=\"Link no Texto\" data-track-links=\"\"><strong>Chapa: \u201cHonestidade, Transpar\u00eancia e Inova\u00e7\u00e3o\u201d \u2013 PSDB, Solidariedade, PL e PROS<\/strong><\/p>\n<\/div>\n<div class=\"mc-column content-text active-extra-styles\" style=\"text-align: justify;\" data-block-type=\"raw\" data-block-weight=\"9\" data-block-id=\"28\">\n<ul class=\"content-unordered-list\">\n<li>Prefeito: Nelson Roberto Bugalho (PSDB)<\/li>\n<li>Vice-prefeita: Ieda Benedetti (PL)<\/li>\n<\/ul>\n<\/div>\n<div class=\"mc-column content-text active-extra-styles \" style=\"text-align: justify;\" data-block-type=\"unstyled\" data-block-weight=\"7\" data-block-id=\"29\">\n<p class=\"content-text__container \" data-track-category=\"Link no Texto\" data-track-links=\"\"><strong>Chapa: \u201cVem com a Gente\u201d \u2013 PSD<\/strong><\/p>\n<\/div>\n<div class=\"mc-column content-text active-extra-styles\" style=\"text-align: justify;\" data-block-type=\"raw\" data-block-weight=\"10\" data-block-id=\"30\">\n<ul class=\"content-unordered-list\">\n<li>Prefeito: Paulo Lima (PSD)<\/li>\n<li>Vice-prefeito: Milton Gonzaga de Lima (PSD)<\/li>\n<\/ul>\n<\/div>\n<div class=\"mc-column content-text active-extra-styles\" style=\"text-align: justify;\" data-block-type=\"raw\" data-block-weight=\"1\" data-block-id=\"31\">\n<div class=\"content-intertitle\">\n<h2>Cronograma<\/h2>\n<\/div>\n<\/div>\n<div class=\"mc-column content-text active-extra-styles \" style=\"text-align: justify;\" data-block-type=\"unstyled\" data-block-weight=\"8\" data-block-id=\"32\">\n<p class=\"content-text__container \" data-track-category=\"Link no Texto\" data-track-links=\"\"><strong>Veja, abaixo, o cronograma das elei\u00e7\u00f5es de 2020:<\/strong><\/p>\n<\/div>\n<div class=\"mc-column content-text active-extra-styles\" style=\"text-align: justify;\" data-block-type=\"raw\" data-block-weight=\"126\" data-block-id=\"33\">\n<ul class=\"content-unordered-list\">\n<li><strong>a partir de 11 de agosto<\/strong>: emissoras ficam proibidas de transmitir programa apresentado ou comentado por pr\u00e9-candidato, sob pena de cancelamento do registro do benefici\u00e1rio<\/li>\n<li><strong>31 de agosto a 16 de setembro<\/strong>: conven\u00e7\u00f5es partid\u00e1rias para defini\u00e7\u00e3o de coliga\u00e7\u00f5es e escolha dos candidatos. Podem ser realizadas por meio virtual<\/li>\n<li><strong>31 de agosto a 26 de setembro<\/strong>: per\u00edodo para o registro de candidaturas no Tribunal Superior Eleitoral (TSE) e in\u00edcio do prazo para que a Justi\u00e7a Eleitoral convoque partidos e emissoras de r\u00e1dio e TV para elabora\u00e7\u00e3o do plano de m\u00eddia<\/li>\n<li><strong>27 de setembro<\/strong>: in\u00edcio da propaganda eleitoral, inclusive na internet<\/li>\n<li><strong>15 de novembro<\/strong>: 1\u00ba turno das elei\u00e7\u00f5es<\/li>\n<li><strong>15 de dezembro<\/strong>: \u00faltimo dia para entrega das presta\u00e7\u00f5es de contas<\/li>\n<li><strong>18 de dezembro<\/strong>: prazo final para diploma\u00e7\u00e3o dos eleitos<\/li>\n<\/ul>\n<\/div>\n<div class=\"mc-column content-entenda-o-caso\" style=\"text-align: justify;\" data-block-type=\"entenda-o-caso\" data-block-id=\"34\">Fonte: G1<\/div>\n<\/div>\n","protected":false},"excerpt":{"rendered":"<p>Conven\u00e7\u00f5es partid\u00e1rias definiram 12 chapas concorrentes para a disputa pelo comando do Poder Executivo neste ano. Vota\u00e7\u00e3o est\u00e1 prevista para o dia 15 de novembro. Candidatos a prefeito de Presidente Prudente nas elei\u00e7\u00f5es municipais de 2020, em ordem alfab\u00e9tica. Acima (da esquerda para a direita): Ed Thomas (PSB), F\u00e1bio Sato (MDB), Glauco Jos\u00e9 Bazzo (PTC), [&hellip;]<\/p>\n","protected":false},"author":1,"featured_media":35085,"comment_status":"closed","ping_status":"open","sticky":false,"template":"","format":"standard","meta":{"footnotes":""},"categories":[110,116],"tags":[],"class_list":["post-35084","post","type-post","status-publish","format-standard","has-post-thumbnail","hentry","category-noticiasdestaque","category-politicaeeconomia"],"_links":{"self":[{"href":"https:\/\/jorgezanoni.com.br\/2019\/wp-json\/wp\/v2\/posts\/35084","targetHints":{"allow":["GET"]}}],"collection":[{"href":"https:\/\/jorgezanoni.com.br\/2019\/wp-json\/wp\/v2\/posts"}],"about":[{"href":"https:\/\/jorgezanoni.com.br\/2019\/wp-json\/wp\/v2\/types\/post"}],"author":[{"embeddable":true,"href":"https:\/\/jorgezanoni.com.br\/2019\/wp-json\/wp\/v2\/users\/1"}],"replies":[{"embeddable":true,"href":"https:\/\/jorgezanoni.com.br\/2019\/wp-json\/wp\/v2\/comments?post=35084"}],"version-history":[{"count":0,"href":"https:\/\/jorgezanoni.com.br\/2019\/wp-json\/wp\/v2\/posts\/35084\/revisions"}],"wp:featuredmedia":[{"embeddable":true,"href":"https:\/\/jorgezanoni.com.br\/2019\/wp-json\/wp\/v2\/media\/35085"}],"wp:attachment":[{"href":"https:\/\/jorgezanoni.com.br\/2019\/wp-json\/wp\/v2\/media?parent=35084"}],"wp:term":[{"taxonomy":"category","embeddable":true,"href":"https:\/\/jorgezanoni.com.br\/2019\/wp-json\/wp\/v2\/categories?post=35084"},{"taxonomy":"post_tag","embeddable":true,"href":"https:\/\/jorgezanoni.com.br\/2019\/wp-json\/wp\/v2\/tags?post=35084"}],"curies":[{"name":"wp","href":"https:\/\/api.w.org\/{rel}","templated":true}]}}