{"id":35019,"date":"2020-09-17T16:12:07","date_gmt":"2020-09-17T16:12:07","guid":{"rendered":"https:\/\/jorgezanoni.com.br\/2019\/?p=35019"},"modified":"2020-09-17T16:12:07","modified_gmt":"2020-09-17T16:12:07","slug":"acidente-com-moto-deixa-condutor-gravemente-ferido-e-garupa-vai-a-obito-em-rodovia-de-dracena","status":"publish","type":"post","link":"https:\/\/jorgezanoni.com.br\/2019\/acidente-com-moto-deixa-condutor-gravemente-ferido-e-garupa-vai-a-obito-em-rodovia-de-dracena\/","title":{"rendered":"Acidente com moto deixa condutor gravemente ferido e garupa vai a \u00f3bito em Rodovia de Dracena"},"content":{"rendered":"<div class=\"kvgmc6g5 cxmmr5t8 oygrvhab hcukyx3x c1et5uql ii04i59q\">\n<div dir=\"auto\"><strong>V\u00edtima fatal que estava na garupa, era morador da cidade de Junqueir\u00f3polis.<\/strong><\/div>\n<div dir=\"auto\"><\/div>\n<div dir=\"auto\">Na noite de ontem (16), de acordo com a pol\u00edcia rodovi\u00e1ria, o condutor de uma moto,\u00a0 Fernando Menicotse, com o garupa Caio Vin\u00edcius Caetano seguiam sentido Dracena\/ Tupi Paulista, pela rodovia Comandante Jo\u00e3o Ribeiro de Barros.<\/div>\n<div dir=\"auto\"><\/div>\n<\/div>\n<div class=\"o9v6fnle cxmmr5t8 oygrvhab hcukyx3x c1et5uql ii04i59q\">\n<div dir=\"auto\">No trevo da UNESP a moto teria batido na guia do canteiro central, onde as v\u00edtimas foram arremessados para longe.<\/div>\n<div dir=\"auto\"><\/div>\n<div dir=\"auto\">Ambos foram socorridos por uma Unidade de Resgate do Corpo de Bombeiros de Dracena,\u00a0 ferimentos aparentemente graves. A Motocicleta tem placa de Junqueir\u00f3polis.<\/div>\n<div dir=\"auto\"><\/div>\n<div dir=\"auto\">Caio morador de Junqueir\u00f3polis veio a \u00f3bito, e Fernando est\u00e1 hospitalizado no Hospital Regional de Prudente em estado grave.<\/div>\n<div dir=\"auto\"><\/div>\n<\/div>\n<div class=\"o9v6fnle cxmmr5t8 oygrvhab hcukyx3x c1et5uql ii04i59q\">\n<div dir=\"auto\">Fica aqui nosso profundo sentimento a fam\u00edlia do Caio. E a nossa sincera torcida pela recupera\u00e7\u00e3o do Fernando.<\/div>\n<div dir=\"auto\"><\/div>\n<\/div>\n<div dir=\"auto\"><img loading=\"lazy\" decoding=\"async\" class=\"alignnone size-full wp-image-35020\" src=\"https:\/\/jorgezanoni.com.br\/2019\/wp-content\/uploads\/2020\/09\/fernando.jpg\" alt=\"\" width=\"254\" height=\"452\" srcset=\"https:\/\/jorgezanoni.com.br\/2019\/wp-content\/uploads\/2020\/09\/fernando.jpg 254w, https:\/\/jorgezanoni.com.br\/2019\/wp-content\/uploads\/2020\/09\/fernando-169x300.jpg 169w, https:\/\/jorgezanoni.com.br\/2019\/wp-content\/uploads\/2020\/09\/fernando-236x420.jpg 236w\" sizes=\"auto, (max-width: 254px) 100vw, 254px\" \/><img loading=\"lazy\" decoding=\"async\" class=\"alignnone size-full wp-image-35022\" src=\"https:\/\/jorgezanoni.com.br\/2019\/wp-content\/uploads\/2020\/09\/Sotti.jpg\" alt=\"\" width=\"1152\" height=\"864\" srcset=\"https:\/\/jorgezanoni.com.br\/2019\/wp-content\/uploads\/2020\/09\/Sotti.jpg 1152w, https:\/\/jorgezanoni.com.br\/2019\/wp-content\/uploads\/2020\/09\/Sotti-300x225.jpg 300w, https:\/\/jorgezanoni.com.br\/2019\/wp-content\/uploads\/2020\/09\/Sotti-1024x768.jpg 1024w, https:\/\/jorgezanoni.com.br\/2019\/wp-content\/uploads\/2020\/09\/Sotti-768x576.jpg 768w, https:\/\/jorgezanoni.com.br\/2019\/wp-content\/uploads\/2020\/09\/Sotti-80x60.jpg 80w, https:\/\/jorgezanoni.com.br\/2019\/wp-content\/uploads\/2020\/09\/Sotti-265x198.jpg 265w, https:\/\/jorgezanoni.com.br\/2019\/wp-content\/uploads\/2020\/09\/Sotti-696x522.jpg 696w, https:\/\/jorgezanoni.com.br\/2019\/wp-content\/uploads\/2020\/09\/Sotti-1068x801.jpg 1068w, https:\/\/jorgezanoni.com.br\/2019\/wp-content\/uploads\/2020\/09\/Sotti-560x420.jpg 560w\" sizes=\"auto, (max-width: 1152px) 100vw, 1152px\" \/><\/div>\n<div dir=\"auto\">Foto cedida\/Pol\u00edcia Militar<\/div>\n<div dir=\"auto\">Fonte: Tv Oeste Di\u00e1rio<\/div>\n","protected":false},"excerpt":{"rendered":"<p>V\u00edtima fatal que estava na garupa, era morador da cidade de Junqueir\u00f3polis. Na noite de ontem (16), de acordo com a pol\u00edcia rodovi\u00e1ria, o condutor de uma moto,\u00a0 Fernando Menicotse, com o garupa Caio Vin\u00edcius Caetano seguiam sentido Dracena\/ Tupi Paulista, pela rodovia Comandante Jo\u00e3o Ribeiro de Barros. No trevo da UNESP a moto teria [&hellip;]<\/p>\n","protected":false},"author":1,"featured_media":35021,"comment_status":"closed","ping_status":"open","sticky":false,"template":"","format":"standard","meta":{"footnotes":""},"categories":[170,110],"tags":[],"class_list":["post-35019","post","type-post","status-publish","format-standard","has-post-thumbnail","hentry","category-acidentes","category-noticiasdestaque"],"_links":{"self":[{"href":"https:\/\/jorgezanoni.com.br\/2019\/wp-json\/wp\/v2\/posts\/35019","targetHints":{"allow":["GET"]}}],"collection":[{"href":"https:\/\/jorgezanoni.com.br\/2019\/wp-json\/wp\/v2\/posts"}],"about":[{"href":"https:\/\/jorgezanoni.com.br\/2019\/wp-json\/wp\/v2\/types\/post"}],"author":[{"embeddable":true,"href":"https:\/\/jorgezanoni.com.br\/2019\/wp-json\/wp\/v2\/users\/1"}],"replies":[{"embeddable":true,"href":"https:\/\/jorgezanoni.com.br\/2019\/wp-json\/wp\/v2\/comments?post=35019"}],"version-history":[{"count":0,"href":"https:\/\/jorgezanoni.com.br\/2019\/wp-json\/wp\/v2\/posts\/35019\/revisions"}],"wp:featuredmedia":[{"embeddable":true,"href":"https:\/\/jorgezanoni.com.br\/2019\/wp-json\/wp\/v2\/media\/35021"}],"wp:attachment":[{"href":"https:\/\/jorgezanoni.com.br\/2019\/wp-json\/wp\/v2\/media?parent=35019"}],"wp:term":[{"taxonomy":"category","embeddable":true,"href":"https:\/\/jorgezanoni.com.br\/2019\/wp-json\/wp\/v2\/categories?post=35019"},{"taxonomy":"post_tag","embeddable":true,"href":"https:\/\/jorgezanoni.com.br\/2019\/wp-json\/wp\/v2\/tags?post=35019"}],"curies":[{"name":"wp","href":"https:\/\/api.w.org\/{rel}","templated":true}]}}