{"id":35016,"date":"2020-09-17T02:41:23","date_gmt":"2020-09-17T02:41:23","guid":{"rendered":"https:\/\/jorgezanoni.com.br\/2019\/?p=35016"},"modified":"2020-09-17T02:41:23","modified_gmt":"2020-09-17T02:41:23","slug":"seis-candidatos-disputam-a-prefeitura-municipal-de-dracena","status":"publish","type":"post","link":"https:\/\/jorgezanoni.com.br\/2019\/seis-candidatos-disputam-a-prefeitura-municipal-de-dracena\/","title":{"rendered":"Seis Candidatos disputam a Prefeitura Municipal de Dracena"},"content":{"rendered":"<div class=\"kvgmc6g5 cxmmr5t8 oygrvhab hcukyx3x c1et5uql ii04i59q\">\n<div dir=\"auto\" style=\"text-align: justify;\"><strong>Conven\u00e7\u00f5es em Dracena terminam com 6 Candidatos a Prefeito, \u00e9 a segunda vez na sua hist\u00f3ria que conta com tantos postulantes ao cargo.<\/strong><\/div>\n<div dir=\"auto\"><\/div>\n<\/div>\n<div class=\"o9v6fnle cxmmr5t8 oygrvhab hcukyx3x c1et5uql ii04i59q\">\n<div dir=\"auto\" style=\"text-align: justify;\">Depois de 38 anos, Dracena volta a contar com seis candidatos a prefeito. Houve tentativas de negocia\u00e7\u00f5es at\u00e9 os \u00faltimos momentos, por\u00e9m n\u00e3o se chegou a acordos.<\/div>\n<div dir=\"auto\" style=\"text-align: justify;\"><\/div>\n<div dir=\"auto\" style=\"text-align: justify;\">Na primeira conven\u00e7\u00e3o, PT e PDT lan\u00e7aram C\u00e9lia Brandani e Ulysses Panes, no domingo (13).\u00a0Depois, PL e PSD apresentaram Juninho do Esporte e Jaime Nakano, na segunda-feira (14).\u00a0Nesta quarta-feira (16), Kielse Muniz e Mirella Lanzoni sa\u00edram pela coliga\u00e7\u00e3o PSDB\/PMN\/PSL\/PP; j\u00e1 Juliano Brito Bertolini e Mois\u00e9s Antonio de Lima tem o Podemos\/PTB\/PV\/PSB; o ex-prefeito Jos\u00e9 Ant\u00f4nio Pedretti disputa pelo MDB tendo como vice Irineu R\u00edssoli (Tost\u00e3o da Banca) e por fim, Andr\u00e9 Lemos e o vice Guido Baggio pela coliga\u00e7\u00e3o Patriota\/DEM\/PRB\/PROS.<\/div>\n<div dir=\"auto\" style=\"text-align: justify;\">A Justi\u00e7a Eleitoral prev\u00ea o registro de candidaturas at\u00e9 o dia 26. No dia 27 come\u00e7a a campanha.<\/div>\n<div dir=\"auto\" style=\"text-align: justify;\">A cidade pode ter aproximadamente 200 candidatos a vereador.<\/div>\n<div dir=\"auto\"><\/div>\n<div dir=\"auto\">Fonte: Bastidores da Noticia<\/div>\n<\/div>\n","protected":false},"excerpt":{"rendered":"<p>Conven\u00e7\u00f5es em Dracena terminam com 6 Candidatos a Prefeito, \u00e9 a segunda vez na sua hist\u00f3ria que conta com tantos postulantes ao cargo. Depois de 38 anos, Dracena volta a contar com seis candidatos a prefeito. Houve tentativas de negocia\u00e7\u00f5es at\u00e9 os \u00faltimos momentos, por\u00e9m n\u00e3o se chegou a acordos. Na primeira conven\u00e7\u00e3o, PT e [&hellip;]<\/p>\n","protected":false},"author":1,"featured_media":35017,"comment_status":"closed","ping_status":"open","sticky":false,"template":"","format":"standard","meta":{"footnotes":""},"categories":[110,116],"tags":[],"class_list":["post-35016","post","type-post","status-publish","format-standard","has-post-thumbnail","hentry","category-noticiasdestaque","category-politicaeeconomia"],"_links":{"self":[{"href":"https:\/\/jorgezanoni.com.br\/2019\/wp-json\/wp\/v2\/posts\/35016","targetHints":{"allow":["GET"]}}],"collection":[{"href":"https:\/\/jorgezanoni.com.br\/2019\/wp-json\/wp\/v2\/posts"}],"about":[{"href":"https:\/\/jorgezanoni.com.br\/2019\/wp-json\/wp\/v2\/types\/post"}],"author":[{"embeddable":true,"href":"https:\/\/jorgezanoni.com.br\/2019\/wp-json\/wp\/v2\/users\/1"}],"replies":[{"embeddable":true,"href":"https:\/\/jorgezanoni.com.br\/2019\/wp-json\/wp\/v2\/comments?post=35016"}],"version-history":[{"count":0,"href":"https:\/\/jorgezanoni.com.br\/2019\/wp-json\/wp\/v2\/posts\/35016\/revisions"}],"wp:featuredmedia":[{"embeddable":true,"href":"https:\/\/jorgezanoni.com.br\/2019\/wp-json\/wp\/v2\/media\/35017"}],"wp:attachment":[{"href":"https:\/\/jorgezanoni.com.br\/2019\/wp-json\/wp\/v2\/media?parent=35016"}],"wp:term":[{"taxonomy":"category","embeddable":true,"href":"https:\/\/jorgezanoni.com.br\/2019\/wp-json\/wp\/v2\/categories?post=35016"},{"taxonomy":"post_tag","embeddable":true,"href":"https:\/\/jorgezanoni.com.br\/2019\/wp-json\/wp\/v2\/tags?post=35016"}],"curies":[{"name":"wp","href":"https:\/\/api.w.org\/{rel}","templated":true}]}}