{"id":35009,"date":"2020-09-16T17:21:32","date_gmt":"2020-09-16T17:21:32","guid":{"rendered":"https:\/\/jorgezanoni.com.br\/2019\/?p=35009"},"modified":"2020-09-16T17:21:32","modified_gmt":"2020-09-16T17:21:32","slug":"flora-rica-registra-primeiro-obito-confirmado-pela-covid-19","status":"publish","type":"post","link":"https:\/\/jorgezanoni.com.br\/2019\/flora-rica-registra-primeiro-obito-confirmado-pela-covid-19\/","title":{"rendered":"Flora Rica registra primeiro \u00f3bito confirmado pela COVID-19"},"content":{"rendered":"<div class=\"kvgmc6g5 cxmmr5t8 oygrvhab hcukyx3x c1et5uql ii04i59q\">\n<div dir=\"auto\" style=\"text-align: justify;\"><strong>Primeiro \u00f3bito por Covid-19 \u00e9 confirmado pela Secretaria Municipal de Sa\u00fade de Flora Rica.<\/strong><\/div>\n<div dir=\"auto\" style=\"text-align: justify;\"><\/div>\n<\/div>\n<div class=\"o9v6fnle cxmmr5t8 oygrvhab hcukyx3x c1et5uql ii04i59q\">\n<div dir=\"auto\" style=\"text-align: justify;\">A Secretaria Municipal de Sa\u00fade confirmou nesta quarta, 16, o primeiro \u00f3bito no munic\u00edpio por Covid-19.<\/div>\n<div dir=\"auto\" style=\"text-align: justify;\">O paciente, um homem de 84 anos havia sido internado para o tratamento de uma fratura e deu entrada no Hospital sem sintomas do Covid-19. Ap\u00f3s retornar do per\u00edodo de interna\u00e7\u00e3o, come\u00e7ou a apresentar tosse, febre e outras complica\u00e7\u00f5es respirat\u00f3rias, que o levaram a \u00f3bito nesta \u00faltima ter\u00e7a, dia 15 de setembro. Foi realizado um exame que confirmou a amostra positiva para o Covid-19.<\/div>\n<div dir=\"auto\" style=\"text-align: justify;\">A Secretaria de Sa\u00fade aproveita para refor\u00e7ar, mais uma vez, a import\u00e2ncia de todos florarriquenses continuarem com as medidas de prote\u00e7\u00e3o, como o uso de m\u00e1scara, higieniza\u00e7\u00e3o com \u00e1lcool gel, al\u00e9m de evitar aglomera\u00e7\u00f5es.<\/div>\n<div dir=\"auto\"><\/div>\n<\/div>\n<div dir=\"auto\">Fonte: Secretaria de Sa\u00fade de Flora Rica<\/div>\n","protected":false},"excerpt":{"rendered":"<p>Primeiro \u00f3bito por Covid-19 \u00e9 confirmado pela Secretaria Municipal de Sa\u00fade de Flora Rica. A Secretaria Municipal de Sa\u00fade confirmou nesta quarta, 16, o primeiro \u00f3bito no munic\u00edpio por Covid-19. O paciente, um homem de 84 anos havia sido internado para o tratamento de uma fratura e deu entrada no Hospital sem sintomas do Covid-19. [&hellip;]<\/p>\n","protected":false},"author":1,"featured_media":35010,"comment_status":"closed","ping_status":"open","sticky":false,"template":"","format":"standard","meta":{"footnotes":""},"categories":[179,193,110],"tags":[],"class_list":["post-35009","post","type-post","status-publish","format-standard","has-post-thumbnail","hentry","category-cidadeseregiao","category-florarica","category-noticiasdestaque"],"_links":{"self":[{"href":"https:\/\/jorgezanoni.com.br\/2019\/wp-json\/wp\/v2\/posts\/35009","targetHints":{"allow":["GET"]}}],"collection":[{"href":"https:\/\/jorgezanoni.com.br\/2019\/wp-json\/wp\/v2\/posts"}],"about":[{"href":"https:\/\/jorgezanoni.com.br\/2019\/wp-json\/wp\/v2\/types\/post"}],"author":[{"embeddable":true,"href":"https:\/\/jorgezanoni.com.br\/2019\/wp-json\/wp\/v2\/users\/1"}],"replies":[{"embeddable":true,"href":"https:\/\/jorgezanoni.com.br\/2019\/wp-json\/wp\/v2\/comments?post=35009"}],"version-history":[{"count":0,"href":"https:\/\/jorgezanoni.com.br\/2019\/wp-json\/wp\/v2\/posts\/35009\/revisions"}],"wp:featuredmedia":[{"embeddable":true,"href":"https:\/\/jorgezanoni.com.br\/2019\/wp-json\/wp\/v2\/media\/35010"}],"wp:attachment":[{"href":"https:\/\/jorgezanoni.com.br\/2019\/wp-json\/wp\/v2\/media?parent=35009"}],"wp:term":[{"taxonomy":"category","embeddable":true,"href":"https:\/\/jorgezanoni.com.br\/2019\/wp-json\/wp\/v2\/categories?post=35009"},{"taxonomy":"post_tag","embeddable":true,"href":"https:\/\/jorgezanoni.com.br\/2019\/wp-json\/wp\/v2\/tags?post=35009"}],"curies":[{"name":"wp","href":"https:\/\/api.w.org\/{rel}","templated":true}]}}