{"id":34976,"date":"2020-09-16T02:37:10","date_gmt":"2020-09-16T02:37:10","guid":{"rendered":"https:\/\/jorgezanoni.com.br\/2019\/?p=34976"},"modified":"2020-09-16T02:37:10","modified_gmt":"2020-09-16T02:37:10","slug":"frentista-fica-preso-embaixo-de-veiculo-apos-mulher-capotar-carro-em-posto-de-combustiveis-em-presidente-prudente","status":"publish","type":"post","link":"https:\/\/jorgezanoni.com.br\/2019\/frentista-fica-preso-embaixo-de-veiculo-apos-mulher-capotar-carro-em-posto-de-combustiveis-em-presidente-prudente\/","title":{"rendered":"Frentista fica preso embaixo de ve\u00edculo ap\u00f3s mulher capotar carro em posto de combust\u00edveis em Presidente Prudente"},"content":{"rendered":"<h2 class=\"content-head__subtitle\" style=\"text-align: justify;\"><strong>Condutora, de 53 anos, perdeu controle da dire\u00e7\u00e3o, bateu na traseira de outro autom\u00f3vel e capotou. V\u00edtima, de 60 anos, foi socorrida em estado de sa\u00fade considerado grave, conforme a Pol\u00edcia Militar.<\/strong><\/h2>\n<div class=\"mc-column content-text active-extra-styles \" data-block-type=\"unstyled\" data-block-weight=\"40\" data-block-id=\"2\">\n<p class=\"content-text__container \" style=\"text-align: justify;\" data-track-category=\"Link no Texto\" data-track-links=\"\">Um frentista, de 60 anos, ficou gravemente ferido nesta ter\u00e7a-feira (15), ap\u00f3s ser atingido por um ve\u00edculo que capotou dentro de um posto de combust\u00edveis, localizado no cruzamento das avenidas da Saudade e 11 de Maio, em\u00a0<a href=\"https:\/\/g1.globo.com\/sp\/presidente-prudente-regiao\/cidade\/presidente-prudente\/\">Presidente Prudente<\/a>.<\/p>\n<\/div>\n<div class=\"wall protected-content\">\n<div class=\"mc-column content-text active-extra-styles \" style=\"text-align: justify;\" data-block-type=\"unstyled\" data-block-weight=\"32\" data-block-id=\"3\">\n<p class=\"content-text__container \" data-track-category=\"Link no Texto\" data-track-links=\"\">De acordo com informa\u00e7\u00f5es da Pol\u00edcia Militar, por motivos a serem esclarecidos, a motorista do carro perdeu o controle da dire\u00e7\u00e3o do ve\u00edculo, bateu na traseira de outro autom\u00f3vel e capotou.<\/p>\n<\/div>\n<div class=\"mc-column content-text active-extra-styles \" style=\"text-align: justify;\" data-block-type=\"unstyled\" data-block-weight=\"29\" data-block-id=\"4\">\n<p class=\"content-text__container \" data-track-category=\"Link no Texto\" data-track-links=\"\">O frentista foi atingido no momento em que a condutora atingiu o traseira do outro ve\u00edculo, e com o capotamento, ele ficou preso embaixo do carro, conforme a pol\u00edcia.<\/p>\n<\/div>\n<div class=\"row medium-uncollapsed content-media content-photo\" style=\"text-align: justify;\" data-block-type=\"backstage-photo\" data-block-id=\"5\">\n<div class=\"mc-column content-media__container\">\n<figure><img decoding=\"async\" class=\"i-amphtml-fill-content i-amphtml-replaced-content\" src=\"https:\/\/s2.glbimg.com\/zpv7UbSHkUEp7SDCWM_gRwDKArY=\/0x0:1280x960\/984x0\/smart\/filters:strip_icc()\/i.s3.glbimg.com\/v1\/AUTH_59edd422c0c84a879bd37670ae4f538a\/internal_photos\/bs\/2020\/G\/4\/l5CS2oToqLLM31OITBBQ\/whatsapp-image-2020-09-15-at-11.42.00.jpeg\" sizes=\"(max-width: 1366px) 648px, 100vw\" srcset=\"https:\/\/s2.glbimg.com\/LYmTMp9r9sI0QodypiJaFBHQO5w=\/0x0:1280x960\/1000x0\/smart\/filters:strip_icc()\/i.s3.glbimg.com\/v1\/AUTH_59edd422c0c84a879bd37670ae4f538a\/internal_photos\/bs\/2020\/G\/4\/l5CS2oToqLLM31OITBBQ\/whatsapp-image-2020-09-15-at-11.42.00.jpeg 1000w, https:\/\/s2.glbimg.com\/zpv7UbSHkUEp7SDCWM_gRwDKArY=\/0x0:1280x960\/984x0\/smart\/filters:strip_icc()\/i.s3.glbimg.com\/v1\/AUTH_59edd422c0c84a879bd37670ae4f538a\/internal_photos\/bs\/2020\/G\/4\/l5CS2oToqLLM31OITBBQ\/whatsapp-image-2020-09-15-at-11.42.00.jpeg 984w, https:\/\/s2.glbimg.com\/RDzHcJfSG47yysJQXYScEqTiO7I=\/0x0:1280x960\/640x0\/smart\/filters:strip_icc()\/i.s3.glbimg.com\/v1\/AUTH_59edd422c0c84a879bd37670ae4f538a\/internal_photos\/bs\/2020\/G\/4\/l5CS2oToqLLM31OITBBQ\/whatsapp-image-2020-09-15-at-11.42.00.jpeg 640w, https:\/\/s2.glbimg.com\/G4HNX156hOFO3LDyJSk08MU9h2A=\/0x0:1280x960\/600x0\/smart\/filters:strip_icc()\/i.s3.glbimg.com\/v1\/AUTH_59edd422c0c84a879bd37670ae4f538a\/internal_photos\/bs\/2020\/G\/4\/l5CS2oToqLLM31OITBBQ\/whatsapp-image-2020-09-15-at-11.42.00.jpeg 600w\" alt=\"Acidente foi na manh\u00e3 desta ter\u00e7a-feira (15), em Presidente Prudente \u2014 Foto: Aline Costa\/G1\" \/><\/figure>\n<p class=\"content-media__description \">Acidente foi na manh\u00e3 desta ter\u00e7a-feira (15), em Presidente Prudente \u2014 Foto: Aline Costa\/G1<\/p>\n<\/div>\n<\/div>\n<div class=\"content-ads content-ads--reveal\" style=\"text-align: justify;\" data-block-type=\"ads\" data-block-id=\"6\">\n<div id=\"banner_materia2\" class=\"tag-manager-publicidade-container mc-has-reveal mc-has-ad-lazyload\" data-id=\"banner_materia2\"><\/div>\n<\/div>\n<div class=\"mc-column content-text active-extra-styles \" style=\"text-align: justify;\" data-block-type=\"unstyled\" data-block-weight=\"26\" data-block-id=\"7\">\n<p class=\"content-text__container \" data-track-category=\"Link no Texto\" data-track-links=\"\">Ainda conforme a pol\u00edcia, o frentista teria sofrido fratura no membro inferior. Ele foi socorrido pelo Corpo de Bombeiros e levado ao Hospital Regional (HR).<\/p>\n<\/div>\n<div class=\"mc-column content-text active-extra-styles \" style=\"text-align: justify;\" data-block-type=\"unstyled\" data-block-weight=\"14\" data-block-id=\"8\">\n<p class=\"content-text__container \" data-track-category=\"Link no Texto\" data-track-links=\"\">A motorista, de 53 anos, tamb\u00e9m se feriu e foi socorrida ao HR.<\/p>\n<\/div>\n<div class=\"mc-column content-text active-extra-styles \" style=\"text-align: justify;\" data-block-type=\"unstyled\" data-block-weight=\"8\" data-block-id=\"9\">\n<p class=\"content-text__container \" data-track-category=\"Link no Texto\" data-track-links=\"\">A causa do acidente vai ser investigada.<\/p>\n<\/div>\n<div class=\"mc-column content-text active-extra-styles\" style=\"text-align: justify;\" data-block-type=\"raw\" data-block-weight=\"3\" data-block-id=\"10\">\n<div class=\"content-intertitle\">\n<h2>Estado de sa\u00fade<\/h2>\n<\/div>\n<\/div>\n<div class=\"mc-column content-text active-extra-styles \" style=\"text-align: justify;\" data-block-type=\"unstyled\" data-block-weight=\"19\" data-block-id=\"11\">\n<p class=\"content-text__container \" data-track-category=\"Link no Texto\" data-track-links=\"\">O\u00a0<strong>G1<\/strong>\u00a0solicitou o estado de sa\u00fade das v\u00edtimas ao Hospital Regional, que informou por meio de nota:<\/p>\n<\/div>\n<div class=\"mc-column content-text active-extra-styles \" style=\"text-align: justify;\" data-block-type=\"unstyled\" data-block-weight=\"59\" data-block-id=\"12\">\n<p class=\"content-text__container \" data-track-category=\"Link no Texto\" data-track-links=\"\"><em>&#8220;O Hospital Regional de Presidente Prudente \u2018Doutor Domingos Leonardo Cer\u00e1volo\u2019 informa que dois pacientes do acidente em quest\u00e3o, um homem de 60 anos e uma mulher de 53 anos, deram entrada na unidade na manh\u00e3 de hoje (15\/09) e est\u00e3o recebendo os cuidados da equipe m\u00e9dica e multiprofissional. Neste momento, os estados de sa\u00fade de ambos s\u00e3o considerados est\u00e1veis&#8221;.<\/em><\/p>\n<\/div>\n<div class=\"row medium-uncollapsed content-media content-photo\" style=\"text-align: justify;\" data-block-type=\"backstage-photo\" data-block-id=\"13\">\n<div class=\"mc-column content-media__container\">\n<figure><img decoding=\"async\" class=\"i-amphtml-fill-content i-amphtml-replaced-content\" src=\"https:\/\/s2.glbimg.com\/ECg0tOUpsnaV-_ayVguYe0Q7OJE=\/0x0:1280x960\/984x0\/smart\/filters:strip_icc()\/i.s3.glbimg.com\/v1\/AUTH_59edd422c0c84a879bd37670ae4f538a\/internal_photos\/bs\/2020\/Q\/9\/dGVVdLR5O4BmsETABmIQ\/whatsapp-image-2020-09-15-at-11.42.03.jpeg\" sizes=\"(max-width: 1366px) 648px, 100vw\" srcset=\"https:\/\/s2.glbimg.com\/xBBX_qAEtZ_AWdLlLhluzOunbcI=\/0x0:1280x960\/1000x0\/smart\/filters:strip_icc()\/i.s3.glbimg.com\/v1\/AUTH_59edd422c0c84a879bd37670ae4f538a\/internal_photos\/bs\/2020\/Q\/9\/dGVVdLR5O4BmsETABmIQ\/whatsapp-image-2020-09-15-at-11.42.03.jpeg 1000w, https:\/\/s2.glbimg.com\/ECg0tOUpsnaV-_ayVguYe0Q7OJE=\/0x0:1280x960\/984x0\/smart\/filters:strip_icc()\/i.s3.glbimg.com\/v1\/AUTH_59edd422c0c84a879bd37670ae4f538a\/internal_photos\/bs\/2020\/Q\/9\/dGVVdLR5O4BmsETABmIQ\/whatsapp-image-2020-09-15-at-11.42.03.jpeg 984w, https:\/\/s2.glbimg.com\/LaCgZDmV9BluN4dt_b3epyFWVMs=\/0x0:1280x960\/640x0\/smart\/filters:strip_icc()\/i.s3.glbimg.com\/v1\/AUTH_59edd422c0c84a879bd37670ae4f538a\/internal_photos\/bs\/2020\/Q\/9\/dGVVdLR5O4BmsETABmIQ\/whatsapp-image-2020-09-15-at-11.42.03.jpeg 640w, https:\/\/s2.glbimg.com\/UrrfU1iTbE-sdxq2e4EEpnrdjY4=\/0x0:1280x960\/600x0\/smart\/filters:strip_icc()\/i.s3.glbimg.com\/v1\/AUTH_59edd422c0c84a879bd37670ae4f538a\/internal_photos\/bs\/2020\/Q\/9\/dGVVdLR5O4BmsETABmIQ\/whatsapp-image-2020-09-15-at-11.42.03.jpeg 600w\" alt=\"Acidente foi na manh\u00e3 desta ter\u00e7a-feira (15), em Presidente Prudente \u2014 Foto: Aline Costa\/G1\" \/><\/figure>\n<p class=\"content-media__description \">Acidente foi na manh\u00e3 desta ter\u00e7a-feira (15), em Presidente Prudente \u2014 Foto: Aline Costa\/G1<\/p>\n<\/div>\n<\/div>\n<div class=\"row medium-uncollapsed content-media content-photo\" style=\"text-align: justify;\" data-block-type=\"backstage-photo\" data-block-id=\"14\">\n<div class=\"mc-column content-media__container\">\n<figure><img decoding=\"async\" class=\"i-amphtml-fill-content i-amphtml-replaced-content\" src=\"https:\/\/s2.glbimg.com\/sMVZd9aQOzhXXF5hECGStjMJbdw=\/0x0:1280x960\/984x0\/smart\/filters:strip_icc()\/i.s3.glbimg.com\/v1\/AUTH_59edd422c0c84a879bd37670ae4f538a\/internal_photos\/bs\/2020\/q\/9\/nP0S87RFWWfAc1MFxcQA\/whatsapp-image-2020-09-15-at-11.42.02.jpeg\" sizes=\"(max-width: 1366px) 648px, 100vw\" srcset=\"https:\/\/s2.glbimg.com\/5lnPiQpykXPqQ1JYdJsEx0txZEg=\/0x0:1280x960\/1000x0\/smart\/filters:strip_icc()\/i.s3.glbimg.com\/v1\/AUTH_59edd422c0c84a879bd37670ae4f538a\/internal_photos\/bs\/2020\/q\/9\/nP0S87RFWWfAc1MFxcQA\/whatsapp-image-2020-09-15-at-11.42.02.jpeg 1000w, https:\/\/s2.glbimg.com\/sMVZd9aQOzhXXF5hECGStjMJbdw=\/0x0:1280x960\/984x0\/smart\/filters:strip_icc()\/i.s3.glbimg.com\/v1\/AUTH_59edd422c0c84a879bd37670ae4f538a\/internal_photos\/bs\/2020\/q\/9\/nP0S87RFWWfAc1MFxcQA\/whatsapp-image-2020-09-15-at-11.42.02.jpeg 984w, https:\/\/s2.glbimg.com\/pU07xJmMpKz4BkH5Xuc0rAYDF8I=\/0x0:1280x960\/640x0\/smart\/filters:strip_icc()\/i.s3.glbimg.com\/v1\/AUTH_59edd422c0c84a879bd37670ae4f538a\/internal_photos\/bs\/2020\/q\/9\/nP0S87RFWWfAc1MFxcQA\/whatsapp-image-2020-09-15-at-11.42.02.jpeg 640w, https:\/\/s2.glbimg.com\/bLVROvXkO86DD-B9D5D2mDXQ-q4=\/0x0:1280x960\/600x0\/smart\/filters:strip_icc()\/i.s3.glbimg.com\/v1\/AUTH_59edd422c0c84a879bd37670ae4f538a\/internal_photos\/bs\/2020\/q\/9\/nP0S87RFWWfAc1MFxcQA\/whatsapp-image-2020-09-15-at-11.42.02.jpeg 600w\" alt=\"Acidente foi na manh\u00e3 desta ter\u00e7a-feira (15), em Presidente Prudente \u2014 Foto: Aline Costa\/G1\" \/><\/figure>\n<p class=\"content-media__description \">Acidente foi na manh\u00e3 desta ter\u00e7a-feira (15), em Presidente Prudente \u2014 Foto: Aline Costa\/G1<\/p>\n<\/div>\n<\/div>\n<div class=\"content-ads content-ads--reveal\" style=\"text-align: justify;\" data-block-type=\"ads\" data-block-id=\"15\">\n<div id=\"banner_materia__fcdfc45d-9d0d-4d09-aff1-6b476836b9c8\" class=\"tag-manager-publicidade-container mc-has-reveal mc-has-ad-lazyload\" data-id=\"banner_materia__fcdfc45d-9d0d-4d09-aff1-6b476836b9c8\"><\/div>\n<\/div>\n<div class=\"row medium-uncollapsed content-media content-photo\" style=\"text-align: justify;\" data-block-type=\"backstage-photo\" data-block-id=\"16\">\n<div class=\"mc-column content-media__container\">\n<figure><img decoding=\"async\" class=\"i-amphtml-fill-content i-amphtml-replaced-content\" src=\"https:\/\/s2.glbimg.com\/LJtLDKVdJQNJvAZUrEf92PtIH2g=\/0x0:1280x960\/984x0\/smart\/filters:strip_icc()\/i.s3.glbimg.com\/v1\/AUTH_59edd422c0c84a879bd37670ae4f538a\/internal_photos\/bs\/2020\/w\/F\/1bmRsTRKyMAu9SEqgc3A\/whatsapp-image-2020-09-15-at-11.42.01.jpeg\" sizes=\"(max-width: 1366px) 648px, 100vw\" srcset=\"https:\/\/s2.glbimg.com\/JE81rWkprxJGXtDUpOCCuslYJzg=\/0x0:1280x960\/1000x0\/smart\/filters:strip_icc()\/i.s3.glbimg.com\/v1\/AUTH_59edd422c0c84a879bd37670ae4f538a\/internal_photos\/bs\/2020\/w\/F\/1bmRsTRKyMAu9SEqgc3A\/whatsapp-image-2020-09-15-at-11.42.01.jpeg 1000w, https:\/\/s2.glbimg.com\/LJtLDKVdJQNJvAZUrEf92PtIH2g=\/0x0:1280x960\/984x0\/smart\/filters:strip_icc()\/i.s3.glbimg.com\/v1\/AUTH_59edd422c0c84a879bd37670ae4f538a\/internal_photos\/bs\/2020\/w\/F\/1bmRsTRKyMAu9SEqgc3A\/whatsapp-image-2020-09-15-at-11.42.01.jpeg 984w, https:\/\/s2.glbimg.com\/NeCGQFIJyZ7iC1PUm-7HZbnWoMY=\/0x0:1280x960\/640x0\/smart\/filters:strip_icc()\/i.s3.glbimg.com\/v1\/AUTH_59edd422c0c84a879bd37670ae4f538a\/internal_photos\/bs\/2020\/w\/F\/1bmRsTRKyMAu9SEqgc3A\/whatsapp-image-2020-09-15-at-11.42.01.jpeg 640w, https:\/\/s2.glbimg.com\/Zml_h-k6XnfkprEgROEELtWOB6k=\/0x0:1280x960\/600x0\/smart\/filters:strip_icc()\/i.s3.glbimg.com\/v1\/AUTH_59edd422c0c84a879bd37670ae4f538a\/internal_photos\/bs\/2020\/w\/F\/1bmRsTRKyMAu9SEqgc3A\/whatsapp-image-2020-09-15-at-11.42.01.jpeg 600w\" alt=\"Acidente foi na manh\u00e3 desta ter\u00e7a-feira (15), em Presidente Prudente \u2014 Foto: Aline Costa\/G1\" \/><\/figure>\n<p class=\"content-media__description \">Acidente foi na manh\u00e3 desta ter\u00e7a-feira (15), em Presidente Prudente \u2014 Foto: Aline Costa\/G1<\/p>\n<\/div>\n<\/div>\n<div class=\"row medium-uncollapsed content-media content-photo\" style=\"text-align: justify;\" data-block-type=\"backstage-photo\" data-block-id=\"17\">\n<div class=\"mc-column content-media__container\">\n<figure><img decoding=\"async\" class=\"i-amphtml-fill-content i-amphtml-replaced-content\" src=\"https:\/\/s2.glbimg.com\/HUG33HZvRU8Su0bD-cScUwe1KGU=\/0x0:1280x960\/984x0\/smart\/filters:strip_icc()\/i.s3.glbimg.com\/v1\/AUTH_59edd422c0c84a879bd37670ae4f538a\/internal_photos\/bs\/2020\/B\/e\/Alyj8bTMmnBUn0Hg8ONg\/whatsapp-image-2020-09-15-at-11.41.59.jpeg\" sizes=\"(max-width: 1366px) 648px, 100vw\" srcset=\"https:\/\/s2.glbimg.com\/dNW6essH8UnJWykfk6hml2UxSJ4=\/0x0:1280x960\/1000x0\/smart\/filters:strip_icc()\/i.s3.glbimg.com\/v1\/AUTH_59edd422c0c84a879bd37670ae4f538a\/internal_photos\/bs\/2020\/B\/e\/Alyj8bTMmnBUn0Hg8ONg\/whatsapp-image-2020-09-15-at-11.41.59.jpeg 1000w, https:\/\/s2.glbimg.com\/HUG33HZvRU8Su0bD-cScUwe1KGU=\/0x0:1280x960\/984x0\/smart\/filters:strip_icc()\/i.s3.glbimg.com\/v1\/AUTH_59edd422c0c84a879bd37670ae4f538a\/internal_photos\/bs\/2020\/B\/e\/Alyj8bTMmnBUn0Hg8ONg\/whatsapp-image-2020-09-15-at-11.41.59.jpeg 984w, https:\/\/s2.glbimg.com\/l6Zw3oALJ6zs3QvMUFv3aVpdrJc=\/0x0:1280x960\/640x0\/smart\/filters:strip_icc()\/i.s3.glbimg.com\/v1\/AUTH_59edd422c0c84a879bd37670ae4f538a\/internal_photos\/bs\/2020\/B\/e\/Alyj8bTMmnBUn0Hg8ONg\/whatsapp-image-2020-09-15-at-11.41.59.jpeg 640w, https:\/\/s2.glbimg.com\/JphJvJ5heSob_fvFShd_0pvBYag=\/0x0:1280x960\/600x0\/smart\/filters:strip_icc()\/i.s3.glbimg.com\/v1\/AUTH_59edd422c0c84a879bd37670ae4f538a\/internal_photos\/bs\/2020\/B\/e\/Alyj8bTMmnBUn0Hg8ONg\/whatsapp-image-2020-09-15-at-11.41.59.jpeg 600w\" alt=\"Acidente foi na manh\u00e3 desta ter\u00e7a-feira (15), em Presidente Prudente \u2014 Foto: Aline Costa\/G1\" \/><\/figure>\n<p class=\"content-media__description \">Acidente foi na manh\u00e3 desta ter\u00e7a-feira (15), em Presidente Prudente \u2014 Foto: Aline Costa\/G1<\/p>\n<\/div>\n<\/div>\n<div class=\"row medium-uncollapsed content-media content-photo\" style=\"text-align: justify;\" data-block-type=\"backstage-photo\" data-block-id=\"18\">\n<div class=\"mc-column content-media__container\">\n<figure><img decoding=\"async\" class=\"i-amphtml-fill-content i-amphtml-replaced-content\" src=\"https:\/\/s2.glbimg.com\/dAlkNmKm_ODOuUE1qDAtSWihrZs=\/0x0:1280x960\/984x0\/smart\/filters:strip_icc()\/i.s3.glbimg.com\/v1\/AUTH_59edd422c0c84a879bd37670ae4f538a\/internal_photos\/bs\/2020\/D\/G\/osCm9AQha49YAAd92gIQ\/whatsapp-image-2020-09-15-at-11.42.02-1-.jpeg\" sizes=\"(max-width: 1366px) 648px, 100vw\" srcset=\"https:\/\/s2.glbimg.com\/pBWZE8S28sjnGwMbULQYJ-75PBg=\/0x0:1280x960\/1000x0\/smart\/filters:strip_icc()\/i.s3.glbimg.com\/v1\/AUTH_59edd422c0c84a879bd37670ae4f538a\/internal_photos\/bs\/2020\/D\/G\/osCm9AQha49YAAd92gIQ\/whatsapp-image-2020-09-15-at-11.42.02-1-.jpeg 1000w, https:\/\/s2.glbimg.com\/dAlkNmKm_ODOuUE1qDAtSWihrZs=\/0x0:1280x960\/984x0\/smart\/filters:strip_icc()\/i.s3.glbimg.com\/v1\/AUTH_59edd422c0c84a879bd37670ae4f538a\/internal_photos\/bs\/2020\/D\/G\/osCm9AQha49YAAd92gIQ\/whatsapp-image-2020-09-15-at-11.42.02-1-.jpeg 984w, https:\/\/s2.glbimg.com\/a6aKfQNFWuc4pG2KSObOEDU9D9c=\/0x0:1280x960\/640x0\/smart\/filters:strip_icc()\/i.s3.glbimg.com\/v1\/AUTH_59edd422c0c84a879bd37670ae4f538a\/internal_photos\/bs\/2020\/D\/G\/osCm9AQha49YAAd92gIQ\/whatsapp-image-2020-09-15-at-11.42.02-1-.jpeg 640w, https:\/\/s2.glbimg.com\/J0vsZUoF7A3Q1JcjQP4mEZ6-8EI=\/0x0:1280x960\/600x0\/smart\/filters:strip_icc()\/i.s3.glbimg.com\/v1\/AUTH_59edd422c0c84a879bd37670ae4f538a\/internal_photos\/bs\/2020\/D\/G\/osCm9AQha49YAAd92gIQ\/whatsapp-image-2020-09-15-at-11.42.02-1-.jpeg 600w\" alt=\"Acidente foi na manh\u00e3 desta ter\u00e7a-feira (15), em Presidente Prudente \u2014 Foto: Aline Costa\/G1\" \/><\/figure>\n<p class=\"content-media__description \">Acidente foi na manh\u00e3 desta ter\u00e7a-feira (15), em Presidente Prudente \u2014 Foto: Aline Costa\/G1<\/p>\n<\/div>\n<\/div>\n<div class=\"content-ads content-ads--reveal\" style=\"text-align: justify;\" data-block-type=\"ads\" data-block-id=\"19\">\n<div id=\"banner_materia__e5eb746d-0cbd-4b9c-a9e2-8194fd1d3fe5\" class=\"tag-manager-publicidade-container mc-has-reveal mc-has-ad-lazyload\" data-id=\"banner_materia__e5eb746d-0cbd-4b9c-a9e2-8194fd1d3fe5\"><\/div>\n<\/div>\n<div class=\"row medium-uncollapsed content-media content-photo\" style=\"text-align: justify;\" data-block-type=\"backstage-photo\" data-block-id=\"20\">\n<div class=\"mc-column content-media__container\">\n<figure><img decoding=\"async\" class=\"i-amphtml-fill-content i-amphtml-replaced-content\" src=\"https:\/\/s2.glbimg.com\/Rx5Ez4v1_a9QOHkkpo6qewK4DUA=\/0x0:1280x960\/984x0\/smart\/filters:strip_icc()\/i.s3.glbimg.com\/v1\/AUTH_59edd422c0c84a879bd37670ae4f538a\/internal_photos\/bs\/2020\/y\/f\/PXYmLVSCSrP7jTHkCEDw\/whatsapp-image-2020-09-15-at-11.42.03-1-.jpeg\" sizes=\"(max-width: 1366px) 648px, 100vw\" srcset=\"https:\/\/s2.glbimg.com\/vczynOSQvaNfTaaA8OFNG-wUGUQ=\/0x0:1280x960\/1000x0\/smart\/filters:strip_icc()\/i.s3.glbimg.com\/v1\/AUTH_59edd422c0c84a879bd37670ae4f538a\/internal_photos\/bs\/2020\/y\/f\/PXYmLVSCSrP7jTHkCEDw\/whatsapp-image-2020-09-15-at-11.42.03-1-.jpeg 1000w, https:\/\/s2.glbimg.com\/Rx5Ez4v1_a9QOHkkpo6qewK4DUA=\/0x0:1280x960\/984x0\/smart\/filters:strip_icc()\/i.s3.glbimg.com\/v1\/AUTH_59edd422c0c84a879bd37670ae4f538a\/internal_photos\/bs\/2020\/y\/f\/PXYmLVSCSrP7jTHkCEDw\/whatsapp-image-2020-09-15-at-11.42.03-1-.jpeg 984w, https:\/\/s2.glbimg.com\/xdlmYtHRtrT1XCJm2KaR3mBOxlU=\/0x0:1280x960\/640x0\/smart\/filters:strip_icc()\/i.s3.glbimg.com\/v1\/AUTH_59edd422c0c84a879bd37670ae4f538a\/internal_photos\/bs\/2020\/y\/f\/PXYmLVSCSrP7jTHkCEDw\/whatsapp-image-2020-09-15-at-11.42.03-1-.jpeg 640w, https:\/\/s2.glbimg.com\/uMrKshogAOZrSaSjFot-UL8_TxE=\/0x0:1280x960\/600x0\/smart\/filters:strip_icc()\/i.s3.glbimg.com\/v1\/AUTH_59edd422c0c84a879bd37670ae4f538a\/internal_photos\/bs\/2020\/y\/f\/PXYmLVSCSrP7jTHkCEDw\/whatsapp-image-2020-09-15-at-11.42.03-1-.jpeg 600w\" alt=\"Acidente foi na manh\u00e3 desta ter\u00e7a-feira (15), em Presidente Prudente \u2014 Foto: Aline Costa\/G1\" \/><\/figure>\n<p class=\"content-media__description \">Acidente foi na manh\u00e3 desta ter\u00e7a-feira (15), em Presidente Prudente \u2014 Foto: Aline Costa\/G1<\/p>\n<\/div>\n<\/div>\n<div class=\"row medium-uncollapsed content-media content-photo\" data-block-type=\"backstage-photo\" data-block-id=\"21\">\n<div class=\"mc-column content-media__container\">\n<figure style=\"text-align: justify;\"><img decoding=\"async\" class=\"i-amphtml-fill-content i-amphtml-replaced-content\" src=\"https:\/\/s2.glbimg.com\/MNL_f52T5mQaSyOP3vbImwJUrQQ=\/0x0:1152x648\/984x0\/smart\/filters:strip_icc()\/i.s3.glbimg.com\/v1\/AUTH_59edd422c0c84a879bd37670ae4f538a\/internal_photos\/bs\/2020\/i\/6\/qp8sQoTkCAXFfL78LJmQ\/whatsapp-image-2020-09-15-at-10.50.58.jpeg\" sizes=\"(max-width: 1366px) 648px, 100vw\" srcset=\"https:\/\/s2.glbimg.com\/qB0EPiNrdIvQilpSHJ2qnm8QwlU=\/0x0:1152x648\/1000x0\/smart\/filters:strip_icc()\/i.s3.glbimg.com\/v1\/AUTH_59edd422c0c84a879bd37670ae4f538a\/internal_photos\/bs\/2020\/i\/6\/qp8sQoTkCAXFfL78LJmQ\/whatsapp-image-2020-09-15-at-10.50.58.jpeg 1000w, https:\/\/s2.glbimg.com\/MNL_f52T5mQaSyOP3vbImwJUrQQ=\/0x0:1152x648\/984x0\/smart\/filters:strip_icc()\/i.s3.glbimg.com\/v1\/AUTH_59edd422c0c84a879bd37670ae4f538a\/internal_photos\/bs\/2020\/i\/6\/qp8sQoTkCAXFfL78LJmQ\/whatsapp-image-2020-09-15-at-10.50.58.jpeg 984w, https:\/\/s2.glbimg.com\/Dpr9dyym3qZ9RREmM0gV0NdVXC8=\/0x0:1152x648\/640x0\/smart\/filters:strip_icc()\/i.s3.glbimg.com\/v1\/AUTH_59edd422c0c84a879bd37670ae4f538a\/internal_photos\/bs\/2020\/i\/6\/qp8sQoTkCAXFfL78LJmQ\/whatsapp-image-2020-09-15-at-10.50.58.jpeg 640w, https:\/\/s2.glbimg.com\/jNLTGNHyW5s-T-vwb_sCtZdp1t8=\/0x0:1152x648\/600x0\/smart\/filters:strip_icc()\/i.s3.glbimg.com\/v1\/AUTH_59edd422c0c84a879bd37670ae4f538a\/internal_photos\/bs\/2020\/i\/6\/qp8sQoTkCAXFfL78LJmQ\/whatsapp-image-2020-09-15-at-10.50.58.jpeg 600w\" alt=\"Acidente foi na manh\u00e3 desta ter\u00e7a-feira (15), em Presidente Prudente \u2014 Foto: Tiago Rodrigues\/TV Fronteira \" \/><\/figure>\n<p class=\"content-media__description \" style=\"text-align: justify;\">Acidente foi na manh\u00e3 desta ter\u00e7a-feira (15), em Presidente Prudente \u2014 Foto: Tiago Rodrigues\/TV Fronteira<\/p>\n<p style=\"text-align: justify;\">Fonte: G1<\/p>\n<\/div>\n<\/div>\n<\/div>\n","protected":false},"excerpt":{"rendered":"<p>Condutora, de 53 anos, perdeu controle da dire\u00e7\u00e3o, bateu na traseira de outro autom\u00f3vel e capotou. V\u00edtima, de 60 anos, foi socorrida em estado de sa\u00fade considerado grave, conforme a Pol\u00edcia Militar. Um frentista, de 60 anos, ficou gravemente ferido nesta ter\u00e7a-feira (15), ap\u00f3s ser atingido por um ve\u00edculo que capotou dentro de um posto [&hellip;]<\/p>\n","protected":false},"author":1,"featured_media":34977,"comment_status":"closed","ping_status":"open","sticky":false,"template":"","format":"standard","meta":{"footnotes":""},"categories":[170,110],"tags":[],"class_list":["post-34976","post","type-post","status-publish","format-standard","has-post-thumbnail","hentry","category-acidentes","category-noticiasdestaque"],"_links":{"self":[{"href":"https:\/\/jorgezanoni.com.br\/2019\/wp-json\/wp\/v2\/posts\/34976","targetHints":{"allow":["GET"]}}],"collection":[{"href":"https:\/\/jorgezanoni.com.br\/2019\/wp-json\/wp\/v2\/posts"}],"about":[{"href":"https:\/\/jorgezanoni.com.br\/2019\/wp-json\/wp\/v2\/types\/post"}],"author":[{"embeddable":true,"href":"https:\/\/jorgezanoni.com.br\/2019\/wp-json\/wp\/v2\/users\/1"}],"replies":[{"embeddable":true,"href":"https:\/\/jorgezanoni.com.br\/2019\/wp-json\/wp\/v2\/comments?post=34976"}],"version-history":[{"count":0,"href":"https:\/\/jorgezanoni.com.br\/2019\/wp-json\/wp\/v2\/posts\/34976\/revisions"}],"wp:featuredmedia":[{"embeddable":true,"href":"https:\/\/jorgezanoni.com.br\/2019\/wp-json\/wp\/v2\/media\/34977"}],"wp:attachment":[{"href":"https:\/\/jorgezanoni.com.br\/2019\/wp-json\/wp\/v2\/media?parent=34976"}],"wp:term":[{"taxonomy":"category","embeddable":true,"href":"https:\/\/jorgezanoni.com.br\/2019\/wp-json\/wp\/v2\/categories?post=34976"},{"taxonomy":"post_tag","embeddable":true,"href":"https:\/\/jorgezanoni.com.br\/2019\/wp-json\/wp\/v2\/tags?post=34976"}],"curies":[{"name":"wp","href":"https:\/\/api.w.org\/{rel}","templated":true}]}}