{"id":34972,"date":"2020-09-16T02:22:32","date_gmt":"2020-09-16T02:22:32","guid":{"rendered":"https:\/\/jorgezanoni.com.br\/2019\/?p=34972"},"modified":"2020-09-16T02:23:03","modified_gmt":"2020-09-16T02:23:03","slug":"partido-democratas-realizou-convencao-partidaria-na-noite-desta-terca-feira","status":"publish","type":"post","link":"https:\/\/jorgezanoni.com.br\/2019\/partido-democratas-realizou-convencao-partidaria-na-noite-desta-terca-feira\/","title":{"rendered":"Partido Democratas realizou Conven\u00e7\u00e3o partid\u00e1ria na noite desta ter\u00e7a-feira"},"content":{"rendered":"<p style=\"text-align: justify;\">Em reuni\u00e3o realizada na noite desta ter\u00e7a-feira (15) na Rua Ipiranga, 1339 (sede do Partido Patriotas), o Partido Democrata (DEM) (25), lan\u00e7ou chapa completa de candidatos a vereador por Dracena, e declarou apoio ao pr\u00e9 candidato Andr\u00e9 Lemos.<\/p>\n<p style=\"text-align: justify;\">A vice presidente do partido \u00e9 Chris Marques.<\/p>\n<div style=\"width: 640px;\" class=\"wp-video\"><video class=\"wp-video-shortcode\" id=\"video-34972-1\" width=\"640\" height=\"352\" preload=\"metadata\" controls=\"controls\"><source type=\"video\/mp4\" src=\"https:\/\/jorgezanoni.com.br\/2019\/wp-content\/uploads\/2020\/09\/WhatsApp-Video-2020-09-15-at-23.06.02.mp4?_=1\" \/><a href=\"https:\/\/jorgezanoni.com.br\/2019\/wp-content\/uploads\/2020\/09\/WhatsApp-Video-2020-09-15-at-23.06.02.mp4\">https:\/\/jorgezanoni.com.br\/2019\/wp-content\/uploads\/2020\/09\/WhatsApp-Video-2020-09-15-at-23.06.02.mp4<\/a><\/video><\/div>\n","protected":false},"excerpt":{"rendered":"<p>Em reuni\u00e3o realizada na noite desta ter\u00e7a-feira (15) na Rua Ipiranga, 1339 (sede do Partido Patriotas), o Partido Democrata (DEM) (25), lan\u00e7ou chapa completa de candidatos a vereador por Dracena, e declarou apoio ao pr\u00e9 candidato Andr\u00e9 Lemos. A vice presidente do partido \u00e9 Chris Marques.<\/p>\n","protected":false},"author":1,"featured_media":34974,"comment_status":"closed","ping_status":"open","sticky":false,"template":"","format":"video","meta":{"footnotes":""},"categories":[116,169],"tags":[],"class_list":["post-34972","post","type-post","status-publish","format-video","has-post-thumbnail","hentry","category-politicaeeconomia","category-videos","post_format-post-format-video"],"_links":{"self":[{"href":"https:\/\/jorgezanoni.com.br\/2019\/wp-json\/wp\/v2\/posts\/34972","targetHints":{"allow":["GET"]}}],"collection":[{"href":"https:\/\/jorgezanoni.com.br\/2019\/wp-json\/wp\/v2\/posts"}],"about":[{"href":"https:\/\/jorgezanoni.com.br\/2019\/wp-json\/wp\/v2\/types\/post"}],"author":[{"embeddable":true,"href":"https:\/\/jorgezanoni.com.br\/2019\/wp-json\/wp\/v2\/users\/1"}],"replies":[{"embeddable":true,"href":"https:\/\/jorgezanoni.com.br\/2019\/wp-json\/wp\/v2\/comments?post=34972"}],"version-history":[{"count":0,"href":"https:\/\/jorgezanoni.com.br\/2019\/wp-json\/wp\/v2\/posts\/34972\/revisions"}],"wp:featuredmedia":[{"embeddable":true,"href":"https:\/\/jorgezanoni.com.br\/2019\/wp-json\/wp\/v2\/media\/34974"}],"wp:attachment":[{"href":"https:\/\/jorgezanoni.com.br\/2019\/wp-json\/wp\/v2\/media?parent=34972"}],"wp:term":[{"taxonomy":"category","embeddable":true,"href":"https:\/\/jorgezanoni.com.br\/2019\/wp-json\/wp\/v2\/categories?post=34972"},{"taxonomy":"post_tag","embeddable":true,"href":"https:\/\/jorgezanoni.com.br\/2019\/wp-json\/wp\/v2\/tags?post=34972"}],"curies":[{"name":"wp","href":"https:\/\/api.w.org\/{rel}","templated":true}]}}