{"id":34967,"date":"2020-09-16T02:03:16","date_gmt":"2020-09-16T02:03:16","guid":{"rendered":"https:\/\/jorgezanoni.com.br\/2019\/?p=34967"},"modified":"2020-09-16T02:15:32","modified_gmt":"2020-09-16T02:15:32","slug":"pros-realiza-convencao-e-declara-apoio-ao-pre-candidato-andre-lemos","status":"publish","type":"post","link":"https:\/\/jorgezanoni.com.br\/2019\/pros-realiza-convencao-e-declara-apoio-ao-pre-candidato-andre-lemos\/","title":{"rendered":"PROS realiza conven\u00e7\u00e3o e declara apoio ao Pr\u00e9 Candidato Andr\u00e9 Lemos"},"content":{"rendered":"<p style=\"text-align: justify;\">O Partido Republicano da Ordem Social (PROS), (90) realizou conven\u00e7\u00e3o partid\u00e1ria na noite de ontem (14) e decidiu apoiar o pr\u00e9 candidato a Prefeito de Dracena, Andr\u00e9 Lemos.<\/p>\n<p style=\"text-align: justify;\">O partido que tem como Presidente Ademar do Gesso e Secret\u00e1rio Mauro Sabbion, ir\u00e1 disputar as elei\u00e7\u00f5es com chapa completa de vereadores.<\/p>\n<p>&nbsp;<\/p>\n","protected":false},"excerpt":{"rendered":"<p>O Partido Republicano da Ordem Social (PROS), (90) realizou conven\u00e7\u00e3o partid\u00e1ria na noite de ontem (14) e decidiu apoiar o pr\u00e9 candidato a Prefeito de Dracena, Andr\u00e9 Lemos. O partido que tem como Presidente Ademar do Gesso e Secret\u00e1rio Mauro Sabbion, ir\u00e1 disputar as elei\u00e7\u00f5es com chapa completa de vereadores. &nbsp;<\/p>\n","protected":false},"author":1,"featured_media":34968,"comment_status":"closed","ping_status":"open","sticky":false,"template":"","format":"standard","meta":{"footnotes":""},"categories":[116],"tags":[],"class_list":["post-34967","post","type-post","status-publish","format-standard","has-post-thumbnail","hentry","category-politicaeeconomia"],"_links":{"self":[{"href":"https:\/\/jorgezanoni.com.br\/2019\/wp-json\/wp\/v2\/posts\/34967","targetHints":{"allow":["GET"]}}],"collection":[{"href":"https:\/\/jorgezanoni.com.br\/2019\/wp-json\/wp\/v2\/posts"}],"about":[{"href":"https:\/\/jorgezanoni.com.br\/2019\/wp-json\/wp\/v2\/types\/post"}],"author":[{"embeddable":true,"href":"https:\/\/jorgezanoni.com.br\/2019\/wp-json\/wp\/v2\/users\/1"}],"replies":[{"embeddable":true,"href":"https:\/\/jorgezanoni.com.br\/2019\/wp-json\/wp\/v2\/comments?post=34967"}],"version-history":[{"count":0,"href":"https:\/\/jorgezanoni.com.br\/2019\/wp-json\/wp\/v2\/posts\/34967\/revisions"}],"wp:featuredmedia":[{"embeddable":true,"href":"https:\/\/jorgezanoni.com.br\/2019\/wp-json\/wp\/v2\/media\/34968"}],"wp:attachment":[{"href":"https:\/\/jorgezanoni.com.br\/2019\/wp-json\/wp\/v2\/media?parent=34967"}],"wp:term":[{"taxonomy":"category","embeddable":true,"href":"https:\/\/jorgezanoni.com.br\/2019\/wp-json\/wp\/v2\/categories?post=34967"},{"taxonomy":"post_tag","embeddable":true,"href":"https:\/\/jorgezanoni.com.br\/2019\/wp-json\/wp\/v2\/tags?post=34967"}],"curies":[{"name":"wp","href":"https:\/\/api.w.org\/{rel}","templated":true}]}}