{"id":34961,"date":"2020-09-16T01:28:07","date_gmt":"2020-09-16T01:28:07","guid":{"rendered":"https:\/\/jorgezanoni.com.br\/2019\/?p=34961"},"modified":"2020-09-16T01:28:07","modified_gmt":"2020-09-16T01:28:07","slug":"policia-ambiental-flagra-pesca-irregular-de-13-peixes-durante-fiscalizacao-no-rio-parana-e-multa-pescadores","status":"publish","type":"post","link":"https:\/\/jorgezanoni.com.br\/2019\/policia-ambiental-flagra-pesca-irregular-de-13-peixes-durante-fiscalizacao-no-rio-parana-e-multa-pescadores\/","title":{"rendered":"Pol\u00edcia Ambiental flagra pesca irregular de 13 peixes durante fiscaliza\u00e7\u00e3o no Rio Paran\u00e1 e multa pescadores"},"content":{"rendered":"<h2 class=\"content-head__subtitle\" style=\"text-align: justify;\"><strong>Os dois homens chegaram a jogar o pescado e a fisga na \u00e1gua, mas os materiais foram apreendidos. Ocorr\u00eancia foi registrada em Panorama.<\/strong><\/h2>\n<div class=\"mc-column content-text active-extra-styles \" data-block-type=\"unstyled\" data-block-weight=\"32\" data-block-id=\"2\">\n<p class=\"content-text__container \" style=\"text-align: justify;\" data-track-category=\"Link no Texto\" data-track-links=\"\">A Pol\u00edcia Militar Ambiental multou dois pescadores profissionais na madrugada desta ter\u00e7a-feira (15), durante um policiamento n\u00e1utico no Rio Paran\u00e1, em\u00a0<a href=\"https:\/\/g1.globo.com\/sp\/presidente-prudente-regiao\/cidade\/panorama\/\">Panorama<\/a>. A dupla foi flagrada pescando com um m\u00e9todo n\u00e3o permitido.<\/p>\n<\/div>\n<div class=\"wall protected-content\">\n<div class=\"mc-column content-text active-extra-styles \" style=\"text-align: justify;\" data-block-type=\"unstyled\" data-block-weight=\"55\" data-block-id=\"3\">\n<p class=\"content-text__container \" data-track-category=\"Link no Texto\" data-track-links=\"\">Conforme a corpora\u00e7\u00e3o, por volta da 1h, a equipe avistou uma embarca\u00e7\u00e3o com dois tripulantes praticando a pesca com uso de fisga e ilumina\u00e7\u00e3o artificial. \u201cQuando os policiais se aproximaram para realizar a abordagem, os pescadores jogaram o pescado e a fisga no rio, sendo poss\u00edvel reav\u00ea-los, pois estavam flutuando na \u00e1gua\u201d, explicou a pol\u00edcia.<\/p>\n<\/div>\n<div class=\"mc-column content-text active-extra-styles \" style=\"text-align: justify;\" data-block-type=\"unstyled\" data-block-weight=\"51\" data-block-id=\"4\">\n<p class=\"content-text__container \" data-track-category=\"Link no Texto\" data-track-links=\"\">Os pescadores foram identificados como pescadores profissionais, informando que estavam pescando para o consumo. Foram apreendidos um peixe da esp\u00e9cie pintado e doze peixes da esp\u00e9cie tucunar\u00e9. Ainda segundo a corpora\u00e7\u00e3o, todos os peixes estavam com \u201cmarcas vis\u00edveis de perfura\u00e7\u00e3o da fisga\u201d e o pintado estava com tamanho inferior ao permitido.<\/p>\n<\/div>\n<div class=\"mc-column content-text active-extra-styles \" style=\"text-align: justify;\" data-block-type=\"unstyled\" data-block-weight=\"36\" data-block-id=\"5\">\n<p class=\"content-text__container \" data-track-category=\"Link no Texto\" data-track-links=\"\">O pescado, ap\u00f3s laudo veterin\u00e1rio, foi encaminhado para uma institui\u00e7\u00e3o de caridade. Os pescadores profissionais, de 50 e 58 anos, foram autuados em R$ 1 mil cada por pescar mediante a utiliza\u00e7\u00e3o de m\u00e9todos n\u00e3o permitidos.<\/p>\n<\/div>\n<div class=\"mc-column content-text active-extra-styles \" style=\"text-align: justify;\" data-block-type=\"unstyled\" data-block-weight=\"25\" data-block-id=\"6\">\n<p class=\"content-text__container \" data-track-category=\"Link no Texto\" data-track-links=\"\">Ao todo, os peixes pesaram 15 quilos e tamb\u00e9m foram apreendidos um barco, um motor de popa, uma fisga de metal e a ilumina\u00e7\u00e3o artificial.<\/p>\n<\/div>\n<div class=\"row medium-uncollapsed content-media content-photo\" style=\"text-align: justify;\" data-block-type=\"backstage-photo\" data-block-id=\"7\">\n<div class=\"mc-column content-media__container\">\n<figure><img decoding=\"async\" class=\"i-amphtml-fill-content i-amphtml-replaced-content\" src=\"https:\/\/s2.glbimg.com\/DyyJ3OVNXQHEzga4IG5ioPe5AWA=\/0x0:1280x960\/984x0\/smart\/filters:strip_icc()\/i.s3.glbimg.com\/v1\/AUTH_59edd422c0c84a879bd37670ae4f538a\/internal_photos\/bs\/2020\/g\/A\/3uaguBQEa6NkHz2PxiOw\/whatsapp-image-2020-09-15-at-07.51.50.jpeg\" sizes=\"(max-width: 1366px) 648px, 100vw\" srcset=\"https:\/\/s2.glbimg.com\/tkPXpTj2pzmFvn7Rju5-Aev_fGs=\/0x0:1280x960\/1000x0\/smart\/filters:strip_icc()\/i.s3.glbimg.com\/v1\/AUTH_59edd422c0c84a879bd37670ae4f538a\/internal_photos\/bs\/2020\/g\/A\/3uaguBQEa6NkHz2PxiOw\/whatsapp-image-2020-09-15-at-07.51.50.jpeg 1000w, https:\/\/s2.glbimg.com\/DyyJ3OVNXQHEzga4IG5ioPe5AWA=\/0x0:1280x960\/984x0\/smart\/filters:strip_icc()\/i.s3.glbimg.com\/v1\/AUTH_59edd422c0c84a879bd37670ae4f538a\/internal_photos\/bs\/2020\/g\/A\/3uaguBQEa6NkHz2PxiOw\/whatsapp-image-2020-09-15-at-07.51.50.jpeg 984w, https:\/\/s2.glbimg.com\/LrNydJtGvUMb1uSI7FkE-Nqw854=\/0x0:1280x960\/640x0\/smart\/filters:strip_icc()\/i.s3.glbimg.com\/v1\/AUTH_59edd422c0c84a879bd37670ae4f538a\/internal_photos\/bs\/2020\/g\/A\/3uaguBQEa6NkHz2PxiOw\/whatsapp-image-2020-09-15-at-07.51.50.jpeg 640w, https:\/\/s2.glbimg.com\/sNAytdKh3WzEHG5b_jdfM9Y41JQ=\/0x0:1280x960\/600x0\/smart\/filters:strip_icc()\/i.s3.glbimg.com\/v1\/AUTH_59edd422c0c84a879bd37670ae4f538a\/internal_photos\/bs\/2020\/g\/A\/3uaguBQEa6NkHz2PxiOw\/whatsapp-image-2020-09-15-at-07.51.50.jpeg 600w\" alt=\"Pol\u00edcia Ambiental apreendeu peixes e materiais utilizados em pescaria irregular \u2014 Foto: Pol\u00edcia Ambiental\" \/><\/figure>\n<p class=\"content-media__description \">Pol\u00edcia Ambiental apreendeu peixes e materiais utilizados em pescaria irregular \u2014 Foto: Pol\u00edcia Ambiental<\/p>\n<\/div>\n<\/div>\n<div class=\"row medium-uncollapsed content-media content-photo\" data-block-type=\"backstage-photo\" data-block-id=\"9\">\n<div class=\"mc-column content-media__container\">\n<figure style=\"text-align: justify;\"><img decoding=\"async\" class=\"i-amphtml-fill-content i-amphtml-replaced-content\" src=\"https:\/\/s2.glbimg.com\/tC82F1DhwLlUuslzjngATfkzEMY=\/0x0:1280x960\/984x0\/smart\/filters:strip_icc()\/i.s3.glbimg.com\/v1\/AUTH_59edd422c0c84a879bd37670ae4f538a\/internal_photos\/bs\/2020\/p\/q\/AiDN4tRm2VihN2SYSZmA\/whatsapp-image-2020-09-15-at-07.51.51.jpeg\" sizes=\"(max-width: 1366px) 648px, 100vw\" srcset=\"https:\/\/s2.glbimg.com\/MhCLlxj0KaxDRQcYx7pJ1G5LTG4=\/0x0:1280x960\/1000x0\/smart\/filters:strip_icc()\/i.s3.glbimg.com\/v1\/AUTH_59edd422c0c84a879bd37670ae4f538a\/internal_photos\/bs\/2020\/p\/q\/AiDN4tRm2VihN2SYSZmA\/whatsapp-image-2020-09-15-at-07.51.51.jpeg 1000w, https:\/\/s2.glbimg.com\/tC82F1DhwLlUuslzjngATfkzEMY=\/0x0:1280x960\/984x0\/smart\/filters:strip_icc()\/i.s3.glbimg.com\/v1\/AUTH_59edd422c0c84a879bd37670ae4f538a\/internal_photos\/bs\/2020\/p\/q\/AiDN4tRm2VihN2SYSZmA\/whatsapp-image-2020-09-15-at-07.51.51.jpeg 984w, https:\/\/s2.glbimg.com\/SGnmvQlI548T0-Eb3ivGCUIiHew=\/0x0:1280x960\/640x0\/smart\/filters:strip_icc()\/i.s3.glbimg.com\/v1\/AUTH_59edd422c0c84a879bd37670ae4f538a\/internal_photos\/bs\/2020\/p\/q\/AiDN4tRm2VihN2SYSZmA\/whatsapp-image-2020-09-15-at-07.51.51.jpeg 640w, https:\/\/s2.glbimg.com\/19suAO5AFfZ61JCE1aqVCUnzkPo=\/0x0:1280x960\/600x0\/smart\/filters:strip_icc()\/i.s3.glbimg.com\/v1\/AUTH_59edd422c0c84a879bd37670ae4f538a\/internal_photos\/bs\/2020\/p\/q\/AiDN4tRm2VihN2SYSZmA\/whatsapp-image-2020-09-15-at-07.51.51.jpeg 600w\" alt=\"Pol\u00edcia Ambiental apreendeu peixes e materiais utilizados em pescaria irregular \u2014 Foto: Pol\u00edcia Ambiental\" \/><\/figure>\n<p class=\"content-media__description \" style=\"text-align: justify;\">Pol\u00edcia Ambiental apreendeu peixes e materiais utilizados em pescaria irregular \u2014 Foto: Pol\u00edcia Ambiental<\/p>\n<p>Fonte: G1 e PMA<\/p>\n<\/div>\n<\/div>\n<\/div>\n","protected":false},"excerpt":{"rendered":"<p>Os dois homens chegaram a jogar o pescado e a fisga na \u00e1gua, mas os materiais foram apreendidos. Ocorr\u00eancia foi registrada em Panorama. A Pol\u00edcia Militar Ambiental multou dois pescadores profissionais na madrugada desta ter\u00e7a-feira (15), durante um policiamento n\u00e1utico no Rio Paran\u00e1, em\u00a0Panorama. A dupla foi flagrada pescando com um m\u00e9todo n\u00e3o permitido. Conforme [&hellip;]<\/p>\n","protected":false},"author":1,"featured_media":34962,"comment_status":"closed","ping_status":"open","sticky":false,"template":"","format":"standard","meta":{"footnotes":""},"categories":[110,2],"tags":[],"class_list":["post-34961","post","type-post","status-publish","format-standard","has-post-thumbnail","hentry","category-noticiasdestaque","category-policial"],"_links":{"self":[{"href":"https:\/\/jorgezanoni.com.br\/2019\/wp-json\/wp\/v2\/posts\/34961","targetHints":{"allow":["GET"]}}],"collection":[{"href":"https:\/\/jorgezanoni.com.br\/2019\/wp-json\/wp\/v2\/posts"}],"about":[{"href":"https:\/\/jorgezanoni.com.br\/2019\/wp-json\/wp\/v2\/types\/post"}],"author":[{"embeddable":true,"href":"https:\/\/jorgezanoni.com.br\/2019\/wp-json\/wp\/v2\/users\/1"}],"replies":[{"embeddable":true,"href":"https:\/\/jorgezanoni.com.br\/2019\/wp-json\/wp\/v2\/comments?post=34961"}],"version-history":[{"count":0,"href":"https:\/\/jorgezanoni.com.br\/2019\/wp-json\/wp\/v2\/posts\/34961\/revisions"}],"wp:featuredmedia":[{"embeddable":true,"href":"https:\/\/jorgezanoni.com.br\/2019\/wp-json\/wp\/v2\/media\/34962"}],"wp:attachment":[{"href":"https:\/\/jorgezanoni.com.br\/2019\/wp-json\/wp\/v2\/media?parent=34961"}],"wp:term":[{"taxonomy":"category","embeddable":true,"href":"https:\/\/jorgezanoni.com.br\/2019\/wp-json\/wp\/v2\/categories?post=34961"},{"taxonomy":"post_tag","embeddable":true,"href":"https:\/\/jorgezanoni.com.br\/2019\/wp-json\/wp\/v2\/tags?post=34961"}],"curies":[{"name":"wp","href":"https:\/\/api.w.org\/{rel}","templated":true}]}}