{"id":34957,"date":"2020-09-16T00:17:19","date_gmt":"2020-09-16T00:17:19","guid":{"rendered":"https:\/\/jorgezanoni.com.br\/2019\/?p=34957"},"modified":"2020-09-16T00:18:07","modified_gmt":"2020-09-16T00:18:07","slug":"altar-em-homenagem-a-nossa-senhora-fica-intacto-em-cajuru-sp-em-mata-destruida-por-fogo","status":"publish","type":"post","link":"https:\/\/jorgezanoni.com.br\/2019\/altar-em-homenagem-a-nossa-senhora-fica-intacto-em-cajuru-sp-em-mata-destruida-por-fogo\/","title":{"rendered":"Altar em homenagem \u00e0 Nossa Senhora fica intacto em Cajuru, SP, em mata destru\u00edda por fogo"},"content":{"rendered":"<h2 class=\"content-head__subtitle\" style=\"text-align: justify;\"><strong>Devoto da santa, o serralheiro Jos\u00e9 Ali Rahal, de 63 anos, construiu o santu\u00e1rio em morro na zona rural h\u00e1 oito anos. &#8216;M\u00e3o de Deus&#8217;, diz. Local \u00e9 ponto de ora\u00e7\u00f5es na cidade, que fica na regi\u00e3o de Ribeir\u00e3o Preto.<\/strong><\/h2>\n<div class=\"mc-column content-text active-extra-styles \" data-block-type=\"unstyled\" data-block-weight=\"63\" data-block-id=\"2\">\n<p class=\"content-text__container \" style=\"text-align: justify;\" data-track-category=\"Link no Texto\" data-track-links=\"\">O serralheiro Jos\u00e9 Ali Rahal, de 63 anos, nunca duvidou da f\u00e9 em Nossa Senhora Aparecida. Esta semana, no entanto, o idoso testemunhou o que, para ele, \u00e9 um milagre. Um inc\u00eandio destruiu quil\u00f4metros de mata em Cajuru (SP), onde ele vive, mas n\u00e3o atingiu o altar em homenagem \u00e0 santa, constru\u00eddo por ele h\u00e1 oito anos em um morro na zona rural.<\/p>\n<\/div>\n<div class=\"wall protected-content\">\n<div class=\"mc-column content-text active-extra-styles \" style=\"text-align: justify;\" data-block-type=\"unstyled\" data-block-weight=\"40\" data-block-id=\"3\">\n<p class=\"content-text__container \" data-track-category=\"Link no Texto\" data-track-links=\"\">O fogo arrasou a vegeta\u00e7\u00e3o, espantou os animais e chegou at\u00e9 o monte onde fica o altar de Z\u00e9 Turco, como o idoso \u00e9 conhecido na regi\u00e3o. Mas as chamas chegaram a 20 cent\u00edmetros do santu\u00e1rio e foram extintas.<\/p>\n<\/div>\n<div class=\"mc-column content-text active-extra-styles \" style=\"text-align: justify;\" data-block-type=\"unstyled\" data-block-weight=\"42\" data-block-id=\"4\">\n<p class=\"content-text__container \" data-track-category=\"Link no Texto\" data-track-links=\"\">Em meio ao cen\u00e1rio cinza de fuligem, o ter\u00e7o, o crucifixo, as flores de pl\u00e1stico e a fita do Senhor do Bonfim continuaram intactas. Para Z\u00e9 Turco e outros fi\u00e9is de Cajuru, nada al\u00e9m de uma b\u00ean\u00e7\u00e3o divina explica o que ocorreu.<\/p>\n<\/div>\n<div class=\"mc-column content-text active-extra-styles\" style=\"text-align: justify;\" data-block-type=\"raw\" data-block-weight=\"41\" data-block-id=\"5\">\n<blockquote class=\"content-blockquote theme-border-color-primary-before\"><p>&#8220;Foi a m\u00e3o de Deus. Ele rodeou o altar, queimou o cip\u00f3 de fora a fora, mas n\u00e3o caiu nas folhas. O lugar que caiu foi apagado como se algu\u00e9m chegasse com \u00e1gua e apagasse aquilo l\u00e1. N\u00e3o tem explica\u00e7\u00e3o&#8221;, diz.<\/p><\/blockquote>\n<\/div>\n<div class=\"row medium-uncollapsed content-media content-photo\" style=\"text-align: justify;\" data-block-type=\"backstage-photo\" data-block-id=\"6\">\n<div class=\"mc-column content-media__container\">\n<figure><img decoding=\"async\" class=\"i-amphtml-fill-content i-amphtml-replaced-content\" src=\"https:\/\/s2.glbimg.com\/KlvtWapq14cTYr-vmkU7OZxm040=\/0x0:1060x590\/984x0\/smart\/filters:strip_icc()\/i.s3.glbimg.com\/v1\/AUTH_59edd422c0c84a879bd37670ae4f538a\/internal_photos\/bs\/2020\/U\/k\/3cbzKURWmyMk287BgZtw\/capturar4.jpg\" sizes=\"(max-width: 1366px) 648px, 100vw\" srcset=\"https:\/\/s2.glbimg.com\/9t5w7S9XSSQbWI84Ss21aKG1rn8=\/0x0:1060x590\/1000x0\/smart\/filters:strip_icc()\/i.s3.glbimg.com\/v1\/AUTH_59edd422c0c84a879bd37670ae4f538a\/internal_photos\/bs\/2020\/U\/k\/3cbzKURWmyMk287BgZtw\/capturar4.jpg 1000w, https:\/\/s2.glbimg.com\/KlvtWapq14cTYr-vmkU7OZxm040=\/0x0:1060x590\/984x0\/smart\/filters:strip_icc()\/i.s3.glbimg.com\/v1\/AUTH_59edd422c0c84a879bd37670ae4f538a\/internal_photos\/bs\/2020\/U\/k\/3cbzKURWmyMk287BgZtw\/capturar4.jpg 984w, https:\/\/s2.glbimg.com\/99bCrLyinNt9bCs1JQFWxoynmCA=\/0x0:1060x590\/640x0\/smart\/filters:strip_icc()\/i.s3.glbimg.com\/v1\/AUTH_59edd422c0c84a879bd37670ae4f538a\/internal_photos\/bs\/2020\/U\/k\/3cbzKURWmyMk287BgZtw\/capturar4.jpg 640w, https:\/\/s2.glbimg.com\/nkied3K7jUd4YPoMIIntFTnE28k=\/0x0:1060x590\/600x0\/smart\/filters:strip_icc()\/i.s3.glbimg.com\/v1\/AUTH_59edd422c0c84a879bd37670ae4f538a\/internal_photos\/bs\/2020\/U\/k\/3cbzKURWmyMk287BgZtw\/capturar4.jpg 600w\" alt=\"Fogo destruiu mata em Cajuru, mas n\u00e3o atingiu altar constru\u00eddo em homenagem \u00e0 Nossa Senhora \u2014 Foto: Chico Escolano\/EPTV\" \/><\/figure>\n<p class=\"content-media__description \">Fogo destruiu mata em Cajuru, mas n\u00e3o atingiu altar constru\u00eddo em homenagem \u00e0 Nossa Senhora \u2014 Foto: Chico Escolano\/EPTV<\/p>\n<\/div>\n<\/div>\n<div class=\"mc-column content-text active-extra-styles\" style=\"text-align: justify;\" data-block-type=\"raw\" data-block-weight=\"2\" data-block-id=\"8\">\n<div class=\"content-intertitle\">\n<h2>F\u00e9 inabal\u00e1vel<\/h2>\n<\/div>\n<\/div>\n<div class=\"mc-column content-text active-extra-styles \" style=\"text-align: justify;\" data-block-type=\"unstyled\" data-block-weight=\"55\" data-block-id=\"9\">\n<p class=\"content-text__container \" data-track-category=\"Link no Texto\" data-track-links=\"\">A f\u00e9 de Z\u00e9 Turco \u00e9 famosa entre os moradores de Cajuru, que o procuram com pedidos de ben\u00e7\u00e3os na esperan\u00e7a de melhorar os \u00e2nimos e a sa\u00fade. Todos os anos, o idoso, que j\u00e1 teve um infarto, percorre cerca de 370 quil\u00f4metros a p\u00e9 em dire\u00e7\u00e3o a Aparecida do Norte (SP), acompanhado de familiares.<\/p>\n<\/div>\n<div class=\"mc-column content-text active-extra-styles \" style=\"text-align: justify;\" data-block-type=\"unstyled\" data-block-weight=\"42\" data-block-id=\"10\">\n<p class=\"content-text__container \" data-track-category=\"Link no Texto\" data-track-links=\"\">&#8220;Ponho uma mochila nas costas, pego uma garrafinha de \u00e1gua e um cajado. \u00c0s vezes, n\u00f3s gast\u00e1vamos 12 dias, 19 dias. Depende do trajeto&#8221;, diz Z\u00e9 Turco, que acredita que o esfor\u00e7o da trajet\u00f3ria \u00e9 uma maneira de honrar Nossa Senhora Aparecida.<\/p>\n<\/div>\n<div class=\"mc-column content-text active-extra-styles \" style=\"text-align: justify;\" data-block-type=\"unstyled\" data-block-weight=\"51\" data-block-id=\"11\">\n<p class=\"content-text__container \" data-track-category=\"Link no Texto\" data-track-links=\"\">Em agosto, quando o fogo atingiu a regi\u00e3o do altar, Z\u00e9 Turco lembra de ter visto as chamas de casa. Pensou que estava tudo queimado, chamou o amigo Ant\u00f4nio, companheiro de mais de 50 anos de matas, e os dois seguiram a p\u00e9 na inten\u00e7\u00e3o de reconstruir o altar.<\/p>\n<\/div>\n<div class=\"row medium-uncollapsed content-media content-photo\" style=\"text-align: justify;\" data-block-type=\"backstage-photo\" data-block-id=\"12\">\n<div class=\"mc-column content-media__container\">\n<figure><img decoding=\"async\" class=\"i-amphtml-fill-content i-amphtml-replaced-content\" src=\"https:\/\/s2.glbimg.com\/RfoK4mcilLLc8VfLh-zcSZzp1V0=\/0x0:1400x850\/984x0\/smart\/filters:strip_icc()\/i.s3.glbimg.com\/v1\/AUTH_59edd422c0c84a879bd37670ae4f538a\/internal_photos\/bs\/2020\/k\/L\/nj3wXRRKSI6AE1QJDdIw\/altar-cajuru.jpg\" sizes=\"(max-width: 1366px) 648px, 100vw\" srcset=\"https:\/\/s2.glbimg.com\/BWsfUR7apXXY5wYQ9uZ89jTYUCY=\/0x0:1400x850\/1000x0\/smart\/filters:strip_icc()\/i.s3.glbimg.com\/v1\/AUTH_59edd422c0c84a879bd37670ae4f538a\/internal_photos\/bs\/2020\/k\/L\/nj3wXRRKSI6AE1QJDdIw\/altar-cajuru.jpg 1000w, https:\/\/s2.glbimg.com\/RfoK4mcilLLc8VfLh-zcSZzp1V0=\/0x0:1400x850\/984x0\/smart\/filters:strip_icc()\/i.s3.glbimg.com\/v1\/AUTH_59edd422c0c84a879bd37670ae4f538a\/internal_photos\/bs\/2020\/k\/L\/nj3wXRRKSI6AE1QJDdIw\/altar-cajuru.jpg 984w, https:\/\/s2.glbimg.com\/tpZipgYjzwwKg8j3AjdGdG6ivhI=\/0x0:1400x850\/640x0\/smart\/filters:strip_icc()\/i.s3.glbimg.com\/v1\/AUTH_59edd422c0c84a879bd37670ae4f538a\/internal_photos\/bs\/2020\/k\/L\/nj3wXRRKSI6AE1QJDdIw\/altar-cajuru.jpg 640w, https:\/\/s2.glbimg.com\/xFI_j9lLaxiKZPeIo7IWt2nNGUE=\/0x0:1400x850\/600x0\/smart\/filters:strip_icc()\/i.s3.glbimg.com\/v1\/AUTH_59edd422c0c84a879bd37670ae4f538a\/internal_photos\/bs\/2020\/k\/L\/nj3wXRRKSI6AE1QJDdIw\/altar-cajuru.jpg 600w\" alt=\"Em meio \u00e0 vegeta\u00e7\u00e3o destru\u00edda pelo fogo, fi\u00e9is se re\u00fanem em altar e rezam em Cajuru \u2014 Foto: Chico Escolano\/EPTV\" \/><\/figure>\n<p class=\"content-media__description \">Em meio \u00e0 vegeta\u00e7\u00e3o destru\u00edda pelo fogo, fi\u00e9is se re\u00fanem em altar e rezam em Cajuru \u2014 Foto: Chico Escolano\/EPTV<\/p>\n<\/div>\n<\/div>\n<div class=\"mc-column content-text active-extra-styles \" style=\"text-align: justify;\" data-block-type=\"unstyled\" data-block-weight=\"38\" data-block-id=\"13\">\n<p class=\"content-text__container \" data-track-category=\"Link no Texto\" data-track-links=\"\">Mas a poucos metros do local, eles viram o que custaram a acreditar. Tudo estava preservado. &#8220;Obrigado, senhor. Mais uma vez eu agrade\u00e7o \u00e0 Nossa Senhora&#8221;, diz Z\u00e9 Turco. &#8220;Aqui n\u00e3o pegou foto por milagre&#8221;, afirma Ant\u00f4nio.<\/p>\n<\/div>\n<div class=\"mc-column content-text active-extra-styles \" style=\"text-align: justify;\" data-block-type=\"unstyled\" data-block-weight=\"46\" data-block-id=\"14\">\n<p class=\"content-text__container \" data-track-category=\"Link no Texto\" data-track-links=\"\">Apesar de ser recente, a hist\u00f3ria do santu\u00e1rio que sobreviveu ao fogo j\u00e1 se espalhou entre os moradores. Devota, a dona de casa Marcela Maria Honorato, que mora pr\u00f3ximo \u00e0 casa de Z\u00e9 Turco e admira \u00e0 f\u00e9 do serralheiro, ficou impressionada com o que aconteceu.<\/p>\n<p class=\"content-text__container \" data-track-category=\"Link no Texto\" data-track-links=\"\"><span style=\"font-style: italic; text-align: center;\">&#8220;\u00c9 um milagre. O seo Z\u00e9 sempre vai l\u00e1, benze, reza, ent\u00e3o aconteceu um milagre mesmo. N\u00e3o pegou fogo por causa de Deus. N\u00e3o tem outra explica\u00e7\u00e3o&#8221;, diz.<\/span><\/p>\n<\/div>\n<div class=\"row medium-uncollapsed content-media content-photo\" data-block-type=\"backstage-photo\" data-block-id=\"17\">\n<div class=\"mc-column content-media__container\">\n<figure style=\"text-align: justify;\"><img decoding=\"async\" class=\"i-amphtml-fill-content i-amphtml-replaced-content\" src=\"https:\/\/s2.glbimg.com\/Bmhph1sd-zhvNYJrSXVImM-Im2k=\/0x0:1055x587\/984x0\/smart\/filters:strip_icc()\/i.s3.glbimg.com\/v1\/AUTH_59edd422c0c84a879bd37670ae4f538a\/internal_photos\/bs\/2020\/4\/h\/u5TuUpQGSdYUthNphFfg\/capturar11.jpg\" sizes=\"(max-width: 1366px) 648px, 100vw\" srcset=\"https:\/\/s2.glbimg.com\/2W-iEMnHKi66WMxik61wzlX4gkA=\/0x0:1055x587\/1000x0\/smart\/filters:strip_icc()\/i.s3.glbimg.com\/v1\/AUTH_59edd422c0c84a879bd37670ae4f538a\/internal_photos\/bs\/2020\/4\/h\/u5TuUpQGSdYUthNphFfg\/capturar11.jpg 1000w, https:\/\/s2.glbimg.com\/Bmhph1sd-zhvNYJrSXVImM-Im2k=\/0x0:1055x587\/984x0\/smart\/filters:strip_icc()\/i.s3.glbimg.com\/v1\/AUTH_59edd422c0c84a879bd37670ae4f538a\/internal_photos\/bs\/2020\/4\/h\/u5TuUpQGSdYUthNphFfg\/capturar11.jpg 984w, https:\/\/s2.glbimg.com\/3y2esssbgIXxLqaQ-4AxmccmDRw=\/0x0:1055x587\/640x0\/smart\/filters:strip_icc()\/i.s3.glbimg.com\/v1\/AUTH_59edd422c0c84a879bd37670ae4f538a\/internal_photos\/bs\/2020\/4\/h\/u5TuUpQGSdYUthNphFfg\/capturar11.jpg 640w, https:\/\/s2.glbimg.com\/n6lEBV4W-ZHjZ-wH6Bk5gxri2jA=\/0x0:1055x587\/600x0\/smart\/filters:strip_icc()\/i.s3.glbimg.com\/v1\/AUTH_59edd422c0c84a879bd37670ae4f538a\/internal_photos\/bs\/2020\/4\/h\/u5TuUpQGSdYUthNphFfg\/capturar11.jpg 600w\" alt=\"Fi\u00e9is percorrem mata queimada em dire\u00e7\u00e3o \u00e0 santu\u00e1rio constru\u00eddo em homenagem \u00e0 Nossa Senhora em Cajuru (SP) \u2014 Foto: Chico Escolano\/EPTV\" \/><\/figure>\n<p class=\"content-media__description \" style=\"text-align: justify;\">Fi\u00e9is percorrem mata queimada em dire\u00e7\u00e3o \u00e0 santu\u00e1rio constru\u00eddo em homenagem \u00e0 Nossa Senhora em Cajuru (SP) \u2014 Foto: Chico Escolano\/EPTV<\/p>\n<p style=\"text-align: justify;\">Fonte: https:\/\/g1.globo.com\/sp\/ribeirao-preto-franca\/noticia\/2020\/09\/13\/altar-em-homenagem-a-nossa-senhora-fica-intacto-em-cajuru-sp-em-mata-destruida-por-fogo.ghtml?utm_source=facebook&amp;utm_medium=social&amp;utm_campaign=g1<\/p>\n<\/div>\n<\/div>\n<\/div>\n<p>&nbsp;<\/p>\n","protected":false},"excerpt":{"rendered":"<p>Devoto da santa, o serralheiro Jos\u00e9 Ali Rahal, de 63 anos, construiu o santu\u00e1rio em morro na zona rural h\u00e1 oito anos. &#8216;M\u00e3o de Deus&#8217;, diz. Local \u00e9 ponto de ora\u00e7\u00f5es na cidade, que fica na regi\u00e3o de Ribeir\u00e3o Preto. O serralheiro Jos\u00e9 Ali Rahal, de 63 anos, nunca duvidou da f\u00e9 em Nossa Senhora [&hellip;]<\/p>\n","protected":false},"author":1,"featured_media":34958,"comment_status":"closed","ping_status":"open","sticky":false,"template":"","format":"standard","meta":{"footnotes":""},"categories":[110,118],"tags":[],"class_list":["post-34957","post","type-post","status-publish","format-standard","has-post-thumbnail","hentry","category-noticiasdestaque","category-religiaoesolidariedade"],"_links":{"self":[{"href":"https:\/\/jorgezanoni.com.br\/2019\/wp-json\/wp\/v2\/posts\/34957","targetHints":{"allow":["GET"]}}],"collection":[{"href":"https:\/\/jorgezanoni.com.br\/2019\/wp-json\/wp\/v2\/posts"}],"about":[{"href":"https:\/\/jorgezanoni.com.br\/2019\/wp-json\/wp\/v2\/types\/post"}],"author":[{"embeddable":true,"href":"https:\/\/jorgezanoni.com.br\/2019\/wp-json\/wp\/v2\/users\/1"}],"replies":[{"embeddable":true,"href":"https:\/\/jorgezanoni.com.br\/2019\/wp-json\/wp\/v2\/comments?post=34957"}],"version-history":[{"count":0,"href":"https:\/\/jorgezanoni.com.br\/2019\/wp-json\/wp\/v2\/posts\/34957\/revisions"}],"wp:featuredmedia":[{"embeddable":true,"href":"https:\/\/jorgezanoni.com.br\/2019\/wp-json\/wp\/v2\/media\/34958"}],"wp:attachment":[{"href":"https:\/\/jorgezanoni.com.br\/2019\/wp-json\/wp\/v2\/media?parent=34957"}],"wp:term":[{"taxonomy":"category","embeddable":true,"href":"https:\/\/jorgezanoni.com.br\/2019\/wp-json\/wp\/v2\/categories?post=34957"},{"taxonomy":"post_tag","embeddable":true,"href":"https:\/\/jorgezanoni.com.br\/2019\/wp-json\/wp\/v2\/tags?post=34957"}],"curies":[{"name":"wp","href":"https:\/\/api.w.org\/{rel}","templated":true}]}}