{"id":34939,"date":"2020-09-15T21:43:04","date_gmt":"2020-09-15T21:43:04","guid":{"rendered":"https:\/\/jorgezanoni.com.br\/2019\/?p=34939"},"modified":"2020-09-15T21:43:04","modified_gmt":"2020-09-15T21:43:04","slug":"vigesimo-obito-por-covid-19-e-registrado-em-dracena","status":"publish","type":"post","link":"https:\/\/jorgezanoni.com.br\/2019\/vigesimo-obito-por-covid-19-e-registrado-em-dracena\/","title":{"rendered":"Vig\u00e9simo \u00f3bito por COVID-19 \u00e9 registrado em Dracena"},"content":{"rendered":"<p style=\"text-align: justify;\">Um Paciente de 60 anos, do sexo masculino, morador de Dracena, testou Positivo para a Covid-19 e acabou falecendo na Santa Casa.<\/p>\n<p style=\"text-align: justify;\">Ele havia sido internado no dia 4 de setembro e veio a \u00f3bito hoje (15) \u00e0s 12:56 Horas.<\/p>\n<p style=\"text-align: justify;\">Fonte: SCD<\/p>\n","protected":false},"excerpt":{"rendered":"<p>Um Paciente de 60 anos, do sexo masculino, morador de Dracena, testou Positivo para a Covid-19 e acabou falecendo na Santa Casa. Ele havia sido internado no dia 4 de setembro e veio a \u00f3bito hoje (15) \u00e0s 12:56 Horas. Fonte: SCD<\/p>\n","protected":false},"author":1,"featured_media":34940,"comment_status":"closed","ping_status":"open","sticky":false,"template":"","format":"standard","meta":{"footnotes":""},"categories":[178,110],"tags":[],"class_list":["post-34939","post","type-post","status-publish","format-standard","has-post-thumbnail","hentry","category-notadefalecimento","category-noticiasdestaque"],"_links":{"self":[{"href":"https:\/\/jorgezanoni.com.br\/2019\/wp-json\/wp\/v2\/posts\/34939","targetHints":{"allow":["GET"]}}],"collection":[{"href":"https:\/\/jorgezanoni.com.br\/2019\/wp-json\/wp\/v2\/posts"}],"about":[{"href":"https:\/\/jorgezanoni.com.br\/2019\/wp-json\/wp\/v2\/types\/post"}],"author":[{"embeddable":true,"href":"https:\/\/jorgezanoni.com.br\/2019\/wp-json\/wp\/v2\/users\/1"}],"replies":[{"embeddable":true,"href":"https:\/\/jorgezanoni.com.br\/2019\/wp-json\/wp\/v2\/comments?post=34939"}],"version-history":[{"count":0,"href":"https:\/\/jorgezanoni.com.br\/2019\/wp-json\/wp\/v2\/posts\/34939\/revisions"}],"wp:featuredmedia":[{"embeddable":true,"href":"https:\/\/jorgezanoni.com.br\/2019\/wp-json\/wp\/v2\/media\/34940"}],"wp:attachment":[{"href":"https:\/\/jorgezanoni.com.br\/2019\/wp-json\/wp\/v2\/media?parent=34939"}],"wp:term":[{"taxonomy":"category","embeddable":true,"href":"https:\/\/jorgezanoni.com.br\/2019\/wp-json\/wp\/v2\/categories?post=34939"},{"taxonomy":"post_tag","embeddable":true,"href":"https:\/\/jorgezanoni.com.br\/2019\/wp-json\/wp\/v2\/tags?post=34939"}],"curies":[{"name":"wp","href":"https:\/\/api.w.org\/{rel}","templated":true}]}}