{"id":34898,"date":"2020-09-14T23:50:32","date_gmt":"2020-09-14T23:50:32","guid":{"rendered":"https:\/\/jorgezanoni.com.br\/2019\/?p=34898"},"modified":"2020-09-14T23:50:32","modified_gmt":"2020-09-14T23:50:32","slug":"pl-e-psd-lancam-juninho-do-esporte-para-prefeito-e-jaime-nakano-vice-em-dracena","status":"publish","type":"post","link":"https:\/\/jorgezanoni.com.br\/2019\/pl-e-psd-lancam-juninho-do-esporte-para-prefeito-e-jaime-nakano-vice-em-dracena\/","title":{"rendered":"PL e PSD lan\u00e7am Juninho do Esporte para prefeito e Jaime Nakano vice em Dracena"},"content":{"rendered":"<div class=\"kvgmc6g5 cxmmr5t8 oygrvhab hcukyx3x c1et5uql ii04i59q\">\n<div dir=\"auto\" style=\"text-align: justify;\">Nesta segunda-feira, os partidos PL e PSD realizaram conven\u00e7\u00e3o em conjunto e anunciaram Juninho do Esporte para prefeito e Jaime Nakano para vice-prefeito. O PL ter\u00e1 candidatos a vereador.<\/div>\n<\/div>\n<div class=\"o9v6fnle cxmmr5t8 oygrvhab hcukyx3x c1et5uql ii04i59q\" style=\"text-align: justify;\">\n<div dir=\"auto\">Juninho do Esporte est\u00e1 cumprindo seu segundo mandato de vereador e pertence ao PL. Jaime Nakano \u00e9 do PSD e foi presidente da Associa\u00e7\u00e3o Comercial. A conven\u00e7\u00e3o foi realizada na ACE.<\/div>\n<div dir=\"auto\"><\/div>\n<\/div>\n<div dir=\"auto\" style=\"text-align: justify;\">Fonte: Bastidores da Noticias<\/div>\n","protected":false},"excerpt":{"rendered":"<p>Nesta segunda-feira, os partidos PL e PSD realizaram conven\u00e7\u00e3o em conjunto e anunciaram Juninho do Esporte para prefeito e Jaime Nakano para vice-prefeito. O PL ter\u00e1 candidatos a vereador. Juninho do Esporte est\u00e1 cumprindo seu segundo mandato de vereador e pertence ao PL. Jaime Nakano \u00e9 do PSD e foi presidente da Associa\u00e7\u00e3o Comercial. A [&hellip;]<\/p>\n","protected":false},"author":1,"featured_media":34899,"comment_status":"closed","ping_status":"open","sticky":false,"template":"","format":"standard","meta":{"footnotes":""},"categories":[110,116],"tags":[],"class_list":["post-34898","post","type-post","status-publish","format-standard","has-post-thumbnail","hentry","category-noticiasdestaque","category-politicaeeconomia"],"_links":{"self":[{"href":"https:\/\/jorgezanoni.com.br\/2019\/wp-json\/wp\/v2\/posts\/34898","targetHints":{"allow":["GET"]}}],"collection":[{"href":"https:\/\/jorgezanoni.com.br\/2019\/wp-json\/wp\/v2\/posts"}],"about":[{"href":"https:\/\/jorgezanoni.com.br\/2019\/wp-json\/wp\/v2\/types\/post"}],"author":[{"embeddable":true,"href":"https:\/\/jorgezanoni.com.br\/2019\/wp-json\/wp\/v2\/users\/1"}],"replies":[{"embeddable":true,"href":"https:\/\/jorgezanoni.com.br\/2019\/wp-json\/wp\/v2\/comments?post=34898"}],"version-history":[{"count":0,"href":"https:\/\/jorgezanoni.com.br\/2019\/wp-json\/wp\/v2\/posts\/34898\/revisions"}],"wp:featuredmedia":[{"embeddable":true,"href":"https:\/\/jorgezanoni.com.br\/2019\/wp-json\/wp\/v2\/media\/34899"}],"wp:attachment":[{"href":"https:\/\/jorgezanoni.com.br\/2019\/wp-json\/wp\/v2\/media?parent=34898"}],"wp:term":[{"taxonomy":"category","embeddable":true,"href":"https:\/\/jorgezanoni.com.br\/2019\/wp-json\/wp\/v2\/categories?post=34898"},{"taxonomy":"post_tag","embeddable":true,"href":"https:\/\/jorgezanoni.com.br\/2019\/wp-json\/wp\/v2\/tags?post=34898"}],"curies":[{"name":"wp","href":"https:\/\/api.w.org\/{rel}","templated":true}]}}