{"id":34890,"date":"2020-09-14T22:50:15","date_gmt":"2020-09-14T22:50:15","guid":{"rendered":"https:\/\/jorgezanoni.com.br\/2019\/?p=34890"},"modified":"2020-09-14T22:50:15","modified_gmt":"2020-09-14T22:50:15","slug":"durante-passeio-de-pedalinho-primas-de-2-e-3-anos-morrem-afogadas-em-represa","status":"publish","type":"post","link":"https:\/\/jorgezanoni.com.br\/2019\/durante-passeio-de-pedalinho-primas-de-2-e-3-anos-morrem-afogadas-em-represa\/","title":{"rendered":"Durante passeio de pedalinho, primas de 2 e 3 anos morrem afogadas em represa"},"content":{"rendered":"<h2 class=\"post-subtitle\" style=\"text-align: justify;\"><strong>O pai de uma das meninas, que \u00e9 enfermeiro, prestou os primeiros socorros.<\/strong><\/h2>\n<p style=\"text-align: justify;\">Duas meninas de 2 e 3 anos, primas, morreram neste domingo (13) depois de se afogarem em uma represa na cidade de Tr\u00eas Lagoas a 338 quil\u00f4metros de Campo Grande. O pai de uma das meninas, que \u00e9 enfermeiro, prestou os primeiros socorros.<\/p>\n<p style=\"text-align: justify;\">O acidente aconteceu na represa da fazenda Utu Gua\u00e7u, quando Antonella de 3 anos e Maria Lu\u00edsa de 2 anos estavam em um pedalinho fazendo um passeio, com os pais. O pedalinho virou e todos ca\u00edram na \u00e1gua. As duas foram resgatadas e levadas para a margem do lago, onde o pai de uma delas prestou os primeiros socorros.<\/p>\n<p style=\"text-align: justify;\">As crian\u00e7as foram levadas para o Hospital Municipal de Inoc\u00eancia, mas chegaram sem vida a unidade de sa\u00fade, segundo o site Perfil News. Os corpos das meninas ser\u00e3o levados para o interior paulista onde moravam com os pais para o sepultamento.<\/p>\n<p style=\"text-align: justify;\">Fonte: https:\/\/www.midiamax.com.br\/<\/p>\n","protected":false},"excerpt":{"rendered":"<p>O pai de uma das meninas, que \u00e9 enfermeiro, prestou os primeiros socorros. Duas meninas de 2 e 3 anos, primas, morreram neste domingo (13) depois de se afogarem em uma represa na cidade de Tr\u00eas Lagoas a 338 quil\u00f4metros de Campo Grande. O pai de uma das meninas, que \u00e9 enfermeiro, prestou os primeiros [&hellip;]<\/p>\n","protected":false},"author":1,"featured_media":34891,"comment_status":"closed","ping_status":"open","sticky":false,"template":"","format":"standard","meta":{"footnotes":""},"categories":[110,2],"tags":[],"class_list":["post-34890","post","type-post","status-publish","format-standard","has-post-thumbnail","hentry","category-noticiasdestaque","category-policial"],"_links":{"self":[{"href":"https:\/\/jorgezanoni.com.br\/2019\/wp-json\/wp\/v2\/posts\/34890","targetHints":{"allow":["GET"]}}],"collection":[{"href":"https:\/\/jorgezanoni.com.br\/2019\/wp-json\/wp\/v2\/posts"}],"about":[{"href":"https:\/\/jorgezanoni.com.br\/2019\/wp-json\/wp\/v2\/types\/post"}],"author":[{"embeddable":true,"href":"https:\/\/jorgezanoni.com.br\/2019\/wp-json\/wp\/v2\/users\/1"}],"replies":[{"embeddable":true,"href":"https:\/\/jorgezanoni.com.br\/2019\/wp-json\/wp\/v2\/comments?post=34890"}],"version-history":[{"count":0,"href":"https:\/\/jorgezanoni.com.br\/2019\/wp-json\/wp\/v2\/posts\/34890\/revisions"}],"wp:featuredmedia":[{"embeddable":true,"href":"https:\/\/jorgezanoni.com.br\/2019\/wp-json\/wp\/v2\/media\/34891"}],"wp:attachment":[{"href":"https:\/\/jorgezanoni.com.br\/2019\/wp-json\/wp\/v2\/media?parent=34890"}],"wp:term":[{"taxonomy":"category","embeddable":true,"href":"https:\/\/jorgezanoni.com.br\/2019\/wp-json\/wp\/v2\/categories?post=34890"},{"taxonomy":"post_tag","embeddable":true,"href":"https:\/\/jorgezanoni.com.br\/2019\/wp-json\/wp\/v2\/tags?post=34890"}],"curies":[{"name":"wp","href":"https:\/\/api.w.org\/{rel}","templated":true}]}}