{"id":34887,"date":"2020-09-14T22:24:31","date_gmt":"2020-09-14T22:24:31","guid":{"rendered":"https:\/\/jorgezanoni.com.br\/2019\/?p=34887"},"modified":"2020-09-14T22:24:31","modified_gmt":"2020-09-14T22:24:31","slug":"incendios-no-pantanal-causam-devastacao-matam-animais-e-emitem-alerta-climatico","status":"publish","type":"post","link":"https:\/\/jorgezanoni.com.br\/2019\/incendios-no-pantanal-causam-devastacao-matam-animais-e-emitem-alerta-climatico\/","title":{"rendered":"Inc\u00eandios no Pantanal causam devasta\u00e7\u00e3o, matam animais e emitem alerta clim\u00e1tico"},"content":{"rendered":"<h2 class=\"content-head__subtitle\" style=\"text-align: justify;\"><strong>Regi\u00e3o abriga cerca de 1.200 esp\u00e9cies de animais vertebrados, incluindo 36 amea\u00e7ados de extin\u00e7\u00e3o, al\u00e9m de p\u00e1ssaros raros e a mais densa popula\u00e7\u00e3o de on\u00e7as-pintadas do mundo.<\/strong><\/h2>\n<div class=\"mc-column content-text active-extra-styles active-capital-letter\" data-block-type=\"unstyled\" data-block-weight=\"27\" data-block-id=\"2\">\n<p class=\"content-text__container theme-color-primary-first-letter\" style=\"text-align: justify;\" data-track-category=\"Link no Texto\" data-track-links=\"\">Um inc\u00eandio est\u00e1 queimando desde meados de julho no Pantanal, deixando um rastro enorme de destrui\u00e7\u00e3o em uma \u00e1rea maior do que a cidade de Nova York.<\/p>\n<\/div>\n<div class=\"wall protected-content\">\n<div class=\"mc-column content-text active-extra-styles \" style=\"text-align: justify;\" data-block-type=\"unstyled\" data-block-weight=\"28\" data-block-id=\"3\">\n<p class=\"content-text__container \" data-track-category=\"Link no Texto\" data-track-links=\"\">Uma equipe de veterin\u00e1rios, bi\u00f3logos e guias locais chegou no final de agosto para percorrer a esburacada estrada de terra conhecida como Rodovia Transpantaneira tentando salvar animais feridos.<\/p>\n<\/div>\n<div class=\"row medium-uncollapsed content-media content-photo\" style=\"text-align: justify;\" data-block-type=\"backstage-photo\" data-block-id=\"4\">\n<div class=\"column medium-22 large-20 medium-centered content-media__container\">\n<figure><img decoding=\"async\" class=\"i-amphtml-fill-content i-amphtml-replaced-content\" src=\"https:\/\/s2.glbimg.com\/7YaACxGS44Wvl6feiY424kruuO4=\/0x0:5461x3644\/1008x0\/smart\/filters:strip_icc()\/i.s3.glbimg.com\/v1\/AUTH_59edd422c0c84a879bd37670ae4f538a\/internal_photos\/bs\/2020\/3\/i\/HWp8MjQQezX1MRdknO6g\/2020-09-14t100528z-1868221254-rc2ayi97ewwz-rtrmadp-3-climate-change-brazil-pantanal.jpg\" srcset=\"\" alt=\"Um jacar\u00e9 morto \u00e9 visto em uma \u00e1rea que queimada ap\u00f3s inc\u00eandio no Pantanal, a maior \u00e1rea \u00famida do mundo, em Pocon\u00e9 (MT) \u2014 Foto: Amanda Perobelli\/Reuters\" \/><\/figure>\n<p class=\"content-media__description \">Um jacar\u00e9 morto \u00e9 visto em uma \u00e1rea que queimada ap\u00f3s inc\u00eandio no Pantanal, a maior \u00e1rea \u00famida do mundo, em Pocon\u00e9 (MT) \u2014 Foto: Amanda Perobelli\/Reuters<\/p>\n<\/div>\n<\/div>\n<div class=\"mc-column content-text active-extra-styles \" style=\"text-align: justify;\" data-block-type=\"unstyled\" data-block-weight=\"42\" data-block-id=\"5\">\n<p class=\"content-text__container \" data-track-category=\"Link no Texto\" data-track-links=\"\">On\u00e7as-pintadas vagam pelo terreno carbonizado com fome e sede, as patas queimadas e os pulm\u00f5es enegrecidos pela fuma\u00e7a. Eles tamb\u00e9m relatam corpos de jacar\u00e9s com mand\u00edbulas congeladas em gritos silenciosos, o \u00faltimo ato de criaturas desesperadas antes de serem consumidas pelas chamas.<\/p>\n<\/div>\n<div class=\"mc-column content-text active-extra-styles \" style=\"text-align: justify;\" data-block-type=\"unstyled\" data-block-weight=\"52\" data-block-id=\"6\">\n<p class=\"content-text__container \" data-track-category=\"Link no Texto\" data-track-links=\"\">Este \u00e9 um dos milhares de inc\u00eandios que varrem o Pantanal brasileiro \u2014 a maior \u00e1rea de plan\u00edcie alagada do mundo \u2014 neste ano, no que os cientistas clim\u00e1ticos temem que possa se tornar um novo normal, repetindo outros casos de aumento de inc\u00eandios causado \u200b\u200bpelo clima, da Calif\u00f3rnia \u00e0 Austr\u00e1lia.<\/p>\n<\/div>\n<div class=\"row medium-uncollapsed content-media content-photo\" style=\"text-align: justify;\" data-block-type=\"backstage-photo\" data-block-id=\"7\">\n<div class=\"column medium-22 large-20 medium-centered content-media__container\">\n<figure><img decoding=\"async\" class=\"i-amphtml-fill-content i-amphtml-replaced-content\" src=\"https:\/\/s2.glbimg.com\/7h59Q-dw8U_cz6VD00-purPe4_I=\/0x0:4925x3281\/1008x0\/smart\/filters:strip_icc()\/i.s3.glbimg.com\/v1\/AUTH_59edd422c0c84a879bd37670ae4f538a\/internal_photos\/bs\/2020\/N\/N\/MsRflATWG3WYS73xB1BQ\/2020-09-14t100457z-657147626-rc2ayi9v6x43-rtrmadp-3-climate-change-brazil-pantanal.jpg\" srcset=\"\" alt=\"Foto a\u00e9rea mostra a fuma\u00e7a das queimadas ao redor do rio Cuiab\u00e1, em Pocon\u00e9 (MT), no Pantanal \u2014 Foto: Amanda Perobelli\/Reuters\" \/><\/figure>\n<p class=\"content-media__description \">Foto a\u00e9rea mostra a fuma\u00e7a das queimadas ao redor do rio Cuiab\u00e1, em Pocon\u00e9 (MT), no Pantanal \u2014 Foto: Amanda Perobelli\/Reuters<\/p>\n<\/div>\n<\/div>\n<div class=\"content-ads content-ads--reveal\" style=\"text-align: justify;\" data-block-type=\"ads\" data-block-id=\"8\">\n<div id=\"banner_materia2\" class=\"tag-manager-publicidade-container mc-has-reveal mc-has-ad-lazyload\" data-id=\"banner_materia2\"><\/div>\n<\/div>\n<div class=\"mc-column content-text active-extra-styles \" style=\"text-align: justify;\" data-block-type=\"unstyled\" data-block-weight=\"45\" data-block-id=\"9\">\n<p class=\"content-text__container \" data-track-category=\"Link no Texto\" data-track-links=\"\">O Pantanal \u00e9 menor e menos conhecido do que a floresta amaz\u00f4nica, mas as \u00e1guas normalmente abundantes e a localiza\u00e7\u00e3o estrat\u00e9gica da regi\u00e3o \u2014 entre a floresta tropical, vastos campos do Brasil e florestas secas do Paraguai \u2014 o tornam um atrativo para os animais.<\/p>\n<\/div>\n<div class=\"mc-column content-text active-extra-styles \" style=\"text-align: justify;\" data-block-type=\"unstyled\" data-block-weight=\"54\" data-block-id=\"10\">\n<p class=\"content-text__container \" data-track-category=\"Link no Texto\" data-track-links=\"\">Os inc\u00eandios agora est\u00e3o amea\u00e7ando um dos ecossistemas de maior biodiversidade do planeta, dizem os bi\u00f3logos. O Pantanal abriga cerca de 1.200 esp\u00e9cies de animais vertebrados, incluindo 36 amea\u00e7ados de extin\u00e7\u00e3o. Em toda esta paisagem geralmente exuberante de 150.000 quil\u00f4metros quadrados, p\u00e1ssaros raros voam e a mais densa popula\u00e7\u00e3o de on\u00e7as-pintadas do mundo vagueia.<\/p>\n<\/div>\n<div class=\"mc-column content-text active-extra-styles \" style=\"text-align: justify;\" data-block-type=\"unstyled\" data-block-weight=\"69\" data-block-id=\"11\">\n<p class=\"content-text__container \" data-track-category=\"Link no Texto\" data-track-links=\"\">O fogo n\u00e3o \u00e9 novidade na regi\u00e3o. Por d\u00e9cadas, os fazendeiros usaram as chamas para devolver nutrientes ao solo de forma barata e renovar o pasto para o gado de corte. Mas essas chamas, alimentadas pela seca, agora queimam com for\u00e7a hist\u00f3rica, correndo pela vegeta\u00e7\u00e3o ressequida. Os maiores inc\u00eandios no Pantanal neste ano representam o qu\u00e1druplo do tamanho do maior inc\u00eandio na floresta amaz\u00f4nica, mostram os sat\u00e9lites da Nasa.<\/p>\n<\/div>\n<div class=\"row medium-uncollapsed content-media content-photo\" style=\"text-align: justify;\" data-block-type=\"backstage-photo\" data-block-id=\"12\">\n<div class=\"column medium-22 large-20 medium-centered content-media__container\">\n<figure><img decoding=\"async\" class=\"i-amphtml-fill-content i-amphtml-replaced-content\" src=\"https:\/\/s2.glbimg.com\/T50EgmwCh1hQk7IT0ytVMOlfZtI=\/0x0:5472x3648\/1008x0\/smart\/filters:strip_icc()\/i.s3.glbimg.com\/v1\/AUTH_59edd422c0c84a879bd37670ae4f538a\/internal_photos\/bs\/2020\/m\/w\/HYtAPBT6uadBMk6WC1Aw\/2020-09-14t100217z-1081327898-rc2ayi9426ke-rtrmadp-3-climate-change-brazil-pantanal.jpg\" srcset=\"\" alt=\"Bombeiros do Estado de Mato Grosso abastecem seu caminh\u00e3o com \u00e1gua enquanto se preparam para apagar um inc\u00eandio em frente a um funil de fuma\u00e7a em uma fazenda no Pantanal \u2014 Foto: Amanda Perobelli\/Reuters\" \/><\/figure>\n<p class=\"content-media__description \">Bombeiros do Estado de Mato Grosso abastecem seu caminh\u00e3o com \u00e1gua enquanto se preparam para apagar um inc\u00eandio em frente a um funil de fuma\u00e7a em uma fazenda no Pantanal \u2014 Foto: Amanda Perobelli\/Reuters<\/p>\n<\/div>\n<\/div>\n<div class=\"mc-column content-text active-extra-styles \" style=\"text-align: justify;\" data-block-type=\"unstyled\" data-block-weight=\"30\" data-block-id=\"13\">\n<p class=\"content-text__container \" data-track-category=\"Link no Texto\" data-track-links=\"\">Um recorde de 23.490 quil\u00f4metros quadrados foi queimado at\u00e9 6 de setembro \u2014 quase 16% do Pantanal brasileiro, de acordo com uma an\u00e1lise da Universidade Federal do Rio de Janeiro.<\/p>\n<\/div>\n<div class=\"mc-column content-text active-extra-styles \" style=\"text-align: justify;\" data-block-type=\"unstyled\" data-block-weight=\"34\" data-block-id=\"14\">\n<p class=\"content-text__container \" data-track-category=\"Link no Texto\" data-track-links=\"\">No m\u00eas passado, a Reuters testemunhou um inc\u00eandio que atingiu de uma floresta a uma pastagem perto do portal tur\u00edstico de Pocon\u00e9, no Estado de Mato Grosso. A temperatura no solo subiu para 46,5\u00baC.<\/p>\n<\/div>\n<div class=\"content-ads content-ads--reveal\" style=\"text-align: justify;\" data-block-type=\"ads\" data-block-id=\"15\">\n<div id=\"banner_materia__3da915e6-5e7e-4912-a90c-064733bdcdb6\" class=\"tag-manager-publicidade-container mc-has-reveal mc-has-ad-lazyload\" data-id=\"banner_materia__3da915e6-5e7e-4912-a90c-064733bdcdb6\"><\/div>\n<\/div>\n<div class=\"row medium-uncollapsed content-media content-photo\" style=\"text-align: justify;\" data-block-type=\"backstage-photo\" data-block-id=\"16\">\n<div class=\"column medium-22 large-20 medium-centered content-media__container\">\n<figure><img decoding=\"async\" class=\"i-amphtml-fill-content i-amphtml-replaced-content\" src=\"https:\/\/s2.glbimg.com\/JGqdEdYmslJ6RcakUCSVDup4WEs=\/0x0:5457x3629\/1008x0\/smart\/filters:strip_icc()\/i.s3.glbimg.com\/v1\/AUTH_59edd422c0c84a879bd37670ae4f538a\/internal_photos\/bs\/2020\/n\/X\/KD29UQRoA6O1HBULi1ug\/2020-09-14t100212z-913744157-rc2ayi9lhhn0-rtrmadp-3-climate-change-brazil-pantanal.jpg\" srcset=\"\" alt=\"Dorvalino Concei\u00e7\u00e3o Camargo, de 56 anos, tenta apagar um inc\u00eandio em uma fazenda perto de onde trabalha no Pantanal \u2014 Foto: Amanda Perobelli\/Reuters\" \/><\/figure>\n<p class=\"content-media__description \">Dorvalino Concei\u00e7\u00e3o Camargo, de 56 anos, tenta apagar um inc\u00eandio em uma fazenda perto de onde trabalha no Pantanal \u2014 Foto: Amanda Perobelli\/Reuters<\/p>\n<\/div>\n<\/div>\n<div class=\"mc-column content-text active-extra-styles \" style=\"text-align: justify;\" data-block-type=\"unstyled\" data-block-weight=\"23\" data-block-id=\"17\">\n<p class=\"content-text__container \" data-track-category=\"Link no Texto\" data-track-links=\"\">Dorvalino Concei\u00e7\u00e3o Camargo, um lavrador de 56 anos com um chap\u00e9u de palha comum entre os trabalhadores locais, ajudou a conter as chamas.<\/p>\n<\/div>\n<div class=\"mc-column content-text active-extra-styles \" style=\"text-align: justify;\" data-block-type=\"unstyled\" data-block-weight=\"13\" data-block-id=\"18\">\n<p class=\"content-text__container \" data-track-category=\"Link no Texto\" data-track-links=\"\">Suando com o esfor\u00e7o, Camargo disse que nunca tinha visto fogo t\u00e3o forte.<\/p>\n<\/div>\n<div class=\"mc-column content-text active-extra-styles \" style=\"text-align: justify;\" data-block-type=\"unstyled\" data-block-weight=\"18\" data-block-id=\"19\">\n<p class=\"content-text__container \" data-track-category=\"Link no Texto\" data-track-links=\"\">\u201cSofre tudo\u201d, disse ele, explicando que \u201co gado est\u00e1 sofrendo, (mas) n\u00e3o \u00e9 s\u00f3 o gado, sofre tudo.\u201d<\/p>\n<\/div>\n<div class=\"mc-column content-text active-extra-styles\" style=\"text-align: justify;\" data-block-type=\"raw\" data-block-weight=\"3\" data-block-id=\"20\">\n<div class=\"content-intertitle\">\n<h2>Nada de inunda\u00e7\u00e3o<\/h2>\n<\/div>\n<\/div>\n<div class=\"mc-column content-text active-extra-styles \" style=\"text-align: justify;\" data-block-type=\"unstyled\" data-block-weight=\"31\" data-block-id=\"21\">\n<p class=\"content-text__container \" data-track-category=\"Link no Texto\" data-track-links=\"\">O Pantanal \u00e9 conhecido por ser \u00famido, n\u00e3o seco. A maior plan\u00edcie inund\u00e1vel do mundo normalmente se enche de \u00e1gua durante a esta\u00e7\u00e3o chuvosa, de novembro a abril de cada ano.<\/p>\n<\/div>\n<div class=\"mc-column content-text active-extra-styles \" style=\"text-align: justify;\" data-block-type=\"unstyled\" data-block-weight=\"52\" data-block-id=\"22\">\n<p class=\"content-text__container \" data-track-category=\"Link no Texto\" data-track-links=\"\">Camargo lembra de ter navegado nas \u00e1guas ainda crian\u00e7a em canoas. De volta \u00e0 fazenda onde trabalha, ele mostrou a marca d&#8217;\u00e1gua da fazenda \u2014 70 cent\u00edmetros acima do solo \u2014 talhada no poste de um curral de gado. Mesmo em um ano seco, normalmente \u00e9 cerca de metade disso, disse ele.<\/p>\n<\/div>\n<div class=\"mc-column content-text active-extra-styles \" style=\"text-align: justify;\" data-block-type=\"unstyled\" data-block-weight=\"19\" data-block-id=\"23\">\n<p class=\"content-text__container \" data-track-category=\"Link no Texto\" data-track-links=\"\">Este ano, as inunda\u00e7\u00f5es n\u00e3o vieram. Apenas um pouco de \u00e1gua se acumulou em uma vala pr\u00f3xima, afirmou ele.<\/p>\n<\/div>\n<div class=\"mc-column content-text active-extra-styles \" style=\"text-align: justify;\" data-block-type=\"unstyled\" data-block-weight=\"35\" data-block-id=\"24\">\n<p class=\"content-text__container \" data-track-category=\"Link no Texto\" data-track-links=\"\">Agora, com a evapora\u00e7\u00e3o da \u00e1gua na esta\u00e7\u00e3o seca, o\u00a0<span class=\"highlight highlighted\">rio Paraguai, que corta o Pantanal, atingiu seu ponto mais baixo desde 1973<\/span>, segundo Julia Arieira, pesquisadora de clima da Universidade Federal do Esp\u00edrito Santo.<\/p>\n<\/div>\n<div class=\"row medium-uncollapsed content-media content-photo\" style=\"text-align: justify;\" data-block-type=\"backstage-photo\" data-block-id=\"25\">\n<div class=\"column medium-22 large-20 medium-centered content-media__container\">\n<figure><img decoding=\"async\" class=\"i-amphtml-fill-content i-amphtml-replaced-content\" src=\"https:\/\/s2.glbimg.com\/HXyM_7XAhcHjnAiFGzfCelGXtMw=\/0x0:2729x1819\/1008x0\/smart\/filters:strip_icc()\/i.s3.glbimg.com\/v1\/AUTH_59edd422c0c84a879bd37670ae4f538a\/internal_photos\/bs\/2020\/D\/V\/AxXiAPSaeuQk71AYqy8Q\/2020-09-14t100427z-214256481-rc2ayi9f9jqx-rtrmadp-3-climate-change-brazil-pantanal.jpg\" srcset=\"\" alt=\"Foto a\u00e9rea mostra \u00e1rvores queimadas e vegeta\u00e7\u00e3o destru\u00edda pelo fogo no Pantanal, a maior \u00e1rea \u00famida do mundo, em Pocon\u00e9 (MT) \u2014 Foto: Amanda Perobelli\/Reuters\" \/><\/figure>\n<p class=\"content-media__description \">Foto a\u00e9rea mostra \u00e1rvores queimadas e vegeta\u00e7\u00e3o destru\u00edda pelo fogo no Pantanal, a maior \u00e1rea \u00famida do mundo, em Pocon\u00e9 (MT) \u2014 Foto: Amanda Perobelli\/Reuters<\/p>\n<\/div>\n<\/div>\n<div class=\"content-ads content-ads--reveal\" style=\"text-align: justify;\" data-block-type=\"ads\" data-block-id=\"26\">\n<div id=\"banner_materia__30cc591a-0995-4298-932a-18827cceb6fa\" class=\"tag-manager-publicidade-container mc-has-reveal mc-has-ad-lazyload\" data-id=\"banner_materia__30cc591a-0995-4298-932a-18827cceb6fa\"><\/div>\n<\/div>\n<div class=\"mc-column content-text active-extra-styles \" style=\"text-align: justify;\" data-block-type=\"unstyled\" data-block-weight=\"36\" data-block-id=\"27\">\n<p class=\"content-text__container \" data-track-category=\"Link no Texto\" data-track-links=\"\">Os especialistas atribuem a seca ao aquecimento do Oceano Atl\u00e2ntico, logo acima do equador, que est\u00e1 retirando a umidade da Am\u00e9rica do Sul e a enviar\u00e1 para o norte, provavelmente na forma de furac\u00f5es mais fortes.<\/p>\n<\/div>\n<div class=\"mc-column content-text active-extra-styles\" style=\"text-align: justify;\" data-block-type=\"raw\" data-block-weight=\"15\" data-block-id=\"28\">\n<ul class=\"content-unordered-list\">\n<li><strong>LEIA TAMB\u00c9M:\u00a0<\/strong><a href=\"https:\/\/g1.globo.com\/natureza\/blog\/andre-trigueiro\/post\/2019\/06\/03\/15-pontos-para-entender-os-rumos-da-desastrosa-politica-ambiental-no-governo-bolsonaro.ghtml\"><strong>15 pontos para entender os rumos da desastrosa pol\u00edtica ambiental no governo Bolsonaro<\/strong><\/a><\/li>\n<\/ul>\n<\/div>\n<div class=\"mc-column content-text active-extra-styles \" style=\"text-align: justify;\" data-block-type=\"unstyled\" data-block-weight=\"59\" data-block-id=\"29\">\n<p class=\"content-text__container \" data-track-category=\"Link no Texto\" data-track-links=\"\">O cientista da Nasa Doug Morton disse que este fen\u00f4meno \u00e9 causado por mudan\u00e7as na temperatura do oceano conhecidas como Oscila\u00e7\u00e3o Multidecadal do Atl\u00e2ntico \u2014 o equivalente do Oceano Atl\u00e2ntico ao El Ni\u00f1o no Pac\u00edfico. Ao contr\u00e1rio do El Ni\u00f1o, que normalmente acontece a cada 2-7 anos, a Oscila\u00e7\u00e3o alterna entre quente e frio aproximadamente a cada 30-40 anos.<\/p>\n<\/div>\n<div class=\"mc-column content-text active-extra-styles \" style=\"text-align: justify;\" data-block-type=\"unstyled\" data-block-weight=\"27\" data-block-id=\"30\">\n<p class=\"content-text__container \" data-track-category=\"Link no Texto\" data-track-links=\"\">Quando esquenta, como acontece desde a d\u00e9cada de 1990, \u00e9 mais prov\u00e1vel que ocorra o aquecimento do Atl\u00e2ntico Norte tropical, contribuindo para as secas e inc\u00eandios sul-americanos.<\/p>\n<\/div>\n<div class=\"row medium-uncollapsed content-media content-photo\" style=\"text-align: justify;\" data-block-type=\"backstage-photo\" data-block-id=\"31\">\n<div class=\"column medium-22 large-20 medium-centered content-media__container\">\n<figure><img decoding=\"async\" class=\"i-amphtml-fill-content i-amphtml-replaced-content\" src=\"https:\/\/s2.glbimg.com\/8wZpMsJchHt079c4NUvsYg7WERc=\/0x0:5358x3648\/1008x0\/smart\/filters:strip_icc()\/i.s3.glbimg.com\/v1\/AUTH_59edd422c0c84a879bd37670ae4f538a\/internal_photos\/bs\/2020\/T\/g\/LUAq29Q6KeLkHcTcB8KA\/2020-09-14t100417z-973577200-rc2ayi91llrr-rtrmadp-3-climate-change-brazil-pantanal.jpg\" srcset=\"\" alt=\"Dorvalino Concei\u00e7\u00e3o Camargo, de 56 anos, observa a fuma\u00e7a que sobe no ar em uma fazenda em Pocon\u00e9 (MT) \u2014 Foto: Amanda Perobelli\/Reuters\" \/><\/figure>\n<p class=\"content-media__description \">Dorvalino Concei\u00e7\u00e3o Camargo, de 56 anos, observa a fuma\u00e7a que sobe no ar em uma fazenda em Pocon\u00e9 (MT) \u2014 Foto: Amanda Perobelli\/Reuters<\/p>\n<\/div>\n<\/div>\n<div class=\"mc-column content-text active-extra-styles \" style=\"text-align: justify;\" data-block-type=\"unstyled\" data-block-weight=\"36\" data-block-id=\"32\">\n<p class=\"content-text__container \" data-track-category=\"Link no Texto\" data-track-links=\"\">As mudan\u00e7as nas temperaturas do oceano s\u00e3o &#8220;um prov\u00e1vel fator das condi\u00e7\u00f5es de seca que temos visto at\u00e9 agora este ano no Pantanal&#8221;, de acordo com Morton, que lidera o laborat\u00f3rio de ci\u00eancias biosf\u00e9ricas da Nasa.<\/p>\n<\/div>\n<div class=\"mc-column content-text active-extra-styles \" style=\"text-align: justify;\" data-block-type=\"unstyled\" data-block-weight=\"44\" data-block-id=\"33\">\n<p class=\"content-text__container \" data-track-category=\"Link no Texto\" data-track-links=\"\">Morton afirmou que a fase quente tamb\u00e9m pode estar contribuindo para mais seca na parte sul da Amaz\u00f4nia, onde os inc\u00eandios provavelmente atingiram em agosto o maior n\u00famero em 10 anos, e nos p\u00e2ntanos da Argentina, onde as chamas s\u00e3o as piores desde 2009.<\/p>\n<\/div>\n<div class=\"content-ads content-ads--reveal\" style=\"text-align: justify;\" data-block-type=\"ads\" data-block-id=\"34\">\n<div id=\"banner_materia__0084ee20-7891-4667-8c1d-26691981427c\" class=\"tag-manager-publicidade-container mc-has-reveal mc-has-ad-lazyload\" data-id=\"banner_materia__0084ee20-7891-4667-8c1d-26691981427c\"><\/div>\n<\/div>\n<div class=\"mc-column content-text active-extra-styles \" style=\"text-align: justify;\" data-block-type=\"unstyled\" data-block-weight=\"23\" data-block-id=\"35\">\n<p class=\"content-text__container \" data-track-category=\"Link no Texto\" data-track-links=\"\">Mais preocupante ainda, Morton<span class=\"highlight highlighted\">\u00a0teme que o aquecimento global possa desorganizar a Oscila\u00e7\u00e3o e deix\u00e1-la permanentemente na fase quente, contribuindo para mais inc\u00eandios<\/span>.<\/p>\n<\/div>\n<div class=\"row medium-uncollapsed content-media content-photo\" style=\"text-align: justify;\" data-block-type=\"backstage-photo\" data-block-id=\"36\">\n<div class=\"column medium-22 large-20 medium-centered content-media__container\">\n<figure><img decoding=\"async\" class=\"i-amphtml-fill-content i-amphtml-replaced-content\" src=\"https:\/\/s2.glbimg.com\/qJfSOIXhIABqu5BUGgRjy1khhxM=\/0x0:5472x3648\/1008x0\/smart\/filters:strip_icc()\/i.s3.glbimg.com\/v1\/AUTH_59edd422c0c84a879bd37670ae4f538a\/internal_photos\/bs\/2020\/U\/C\/FplAgSRNup5NGZI0n4UA\/2020-09-14t100306z-457303423-rc2ayi9e64rq-rtrmadp-3-climate-change-brazil-pantanal.jpg\" srcset=\"\" alt=\"Nuvens de fuma\u00e7a s\u00e3o vistas enquanto as \u00e1rvores queimam entre a vegeta\u00e7\u00e3o durante inc\u00eandio no Pantanal \u2014 Foto: Amanda Perobelli\/Reuters\" \/><\/figure>\n<p class=\"content-media__description \">Nuvens de fuma\u00e7a s\u00e3o vistas enquanto as \u00e1rvores queimam entre a vegeta\u00e7\u00e3o durante inc\u00eandio no Pantanal \u2014 Foto: Amanda Perobelli\/Reuters<\/p>\n<\/div>\n<\/div>\n<div class=\"row medium-uncollapsed content-media content-photo\" style=\"text-align: justify;\" data-block-type=\"backstage-photo\" data-block-id=\"37\">\n<div class=\"column medium-22 large-20 medium-centered content-media__container\">\n<figure><img decoding=\"async\" class=\"i-amphtml-fill-content i-amphtml-replaced-content\" src=\"https:\/\/s2.glbimg.com\/ytsaXQbfVngVQIkACPKmkCAqPDM=\/0x0:5453x3640\/1008x0\/smart\/filters:strip_icc()\/i.s3.glbimg.com\/v1\/AUTH_59edd422c0c84a879bd37670ae4f538a\/internal_photos\/bs\/2020\/n\/0\/DG3cvnSnan7TrYB510og\/2020-09-14t100207z-344135421-rc2ayi99qsqt-rtrmadp-3-climate-change-brazil-pantanal.jpg\" srcset=\"\" alt=\"Bombeiros tentam apagar um inc\u00eandio em uma fazenda no Pantanal \u2014 Foto: Amanda Perobelli\/Reuters\" \/><\/figure>\n<p class=\"content-media__description \">Bombeiros tentam apagar um inc\u00eandio em uma fazenda no Pantanal \u2014 Foto: Amanda Perobelli\/Reuters<\/p>\n<\/div>\n<\/div>\n<div class=\"mc-column content-text active-extra-styles \" style=\"text-align: justify;\" data-block-type=\"unstyled\" data-block-weight=\"12\" data-block-id=\"38\">\n<p class=\"content-text__container \" data-track-category=\"Link no Texto\" data-track-links=\"\">No governo de Jair Bolsonaro, o Brasil tamb\u00e9m\u00a0<a href=\"https:\/\/g1.globo.com\/natureza\/noticia\/2020\/09\/12\/em-um-ano-governo-bolsonaro-corta-verba-para-brigadistas-em-58.ghtml\">enfraqueceu a fiscaliza\u00e7\u00e3o ambiental.<\/a><\/p>\n<\/div>\n<div class=\"mc-column content-text active-extra-styles \" style=\"text-align: justify;\" data-block-type=\"unstyled\" data-block-weight=\"12\" data-block-id=\"39\">\n<p class=\"content-text__container \" data-track-category=\"Link no Texto\" data-track-links=\"\">O Minist\u00e9rio do Meio Ambiente n\u00e3o respondeu a um pedido de coment\u00e1rio.<\/p>\n<\/div>\n<div class=\"mc-column content-text active-extra-styles \" style=\"text-align: justify;\" data-block-type=\"unstyled\" data-block-weight=\"37\" data-block-id=\"40\">\n<p class=\"content-text__container \" data-track-category=\"Link no Texto\" data-track-links=\"\">O ministro do Meio Ambiente, Ricardo Salles, visitou o Pantanal em agosto, dizendo que as ag\u00eancias ambientais federais enviaram cinco aeronaves e funcion\u00e1rios adicionais para ajudar os mais de 100 bombeiros estaduais que combatem as chamas.<\/p>\n<\/div>\n<div class=\"mc-column content-text active-extra-styles\" style=\"text-align: justify;\" data-block-type=\"raw\" data-block-weight=\"2\" data-block-id=\"41\">\n<div class=\"content-intertitle\">\n<h2>Animais mortos<\/h2>\n<\/div>\n<\/div>\n<div class=\"mc-column content-text active-extra-styles \" style=\"text-align: justify;\" data-block-type=\"unstyled\" data-block-weight=\"30\" data-block-id=\"42\">\n<p class=\"content-text__container \" data-track-category=\"Link no Texto\" data-track-links=\"\">Nenhum ser humano morreu nos inc\u00eandios do Pantanal, segundo o tenente-coronel Jean Oliveira do estado de Mato Grosso, que tem liderado todos os \u00f3rg\u00e3os do governo na resposta ao inc\u00eandio.<\/p>\n<\/div>\n<div class=\"content-ads content-ads--reveal\" style=\"text-align: justify;\" data-block-type=\"ads\" data-block-id=\"43\">\n<div id=\"banner_materia__760cb1c5-244f-4275-a0e7-613b836deec8\" class=\"tag-manager-publicidade-container mc-has-reveal mc-has-ad-lazyload\" data-id=\"banner_materia__760cb1c5-244f-4275-a0e7-613b836deec8\"><\/div>\n<\/div>\n<div class=\"mc-column content-text active-extra-styles \" style=\"text-align: justify;\" data-block-type=\"unstyled\" data-block-weight=\"7\" data-block-id=\"44\">\n<p class=\"content-text__container \" data-track-category=\"Link no Texto\" data-track-links=\"\">As v\u00edtimas, disse ele, s\u00e3o animais selvagens.<\/p>\n<\/div>\n<div class=\"row medium-uncollapsed content-media content-photo\" style=\"text-align: justify;\" data-block-type=\"backstage-photo\" data-block-id=\"45\">\n<div class=\"column medium-22 large-20 medium-centered content-media__container\">\n<figure><img decoding=\"async\" class=\"i-amphtml-fill-content i-amphtml-replaced-content\" src=\"https:\/\/s2.glbimg.com\/GC1C0QHUEQVykoJQvV0ysA99Q_s=\/0x0:5472x3648\/1008x0\/smart\/filters:strip_icc()\/i.s3.glbimg.com\/v1\/AUTH_59edd422c0c84a879bd37670ae4f538a\/internal_photos\/bs\/2020\/P\/g\/yBWiCESyGC3AhDFDtAFA\/2020-09-14t100317z-1592627994-rc2ayi9i36gl-rtrmadp-3-climate-change-brazil-pantanal.jpg\" srcset=\"\" alt=\"Uma on\u00e7a-pintada se esfrega na vegeta\u00e7\u00e3o enquanto caminha em meio \u00e0 fuma\u00e7a de um inc\u00eandio pr\u00f3ximo no Parque Estadual Encontro das \u00c1guas, no Pantanal \u2014 Foto: Amanda Perobelli\/Reuters\" \/><\/figure>\n<p class=\"content-media__description \">Uma on\u00e7a-pintada se esfrega na vegeta\u00e7\u00e3o enquanto caminha em meio \u00e0 fuma\u00e7a de um inc\u00eandio pr\u00f3ximo no Parque Estadual Encontro das \u00c1guas, no Pantanal \u2014 Foto: Amanda Perobelli\/Reuters<\/p>\n<\/div>\n<\/div>\n<div class=\"mc-column content-text active-extra-styles \" style=\"text-align: justify;\" data-block-type=\"unstyled\" data-block-weight=\"23\" data-block-id=\"46\">\n<p class=\"content-text__container \" data-track-category=\"Link no Texto\" data-track-links=\"\">Embora n\u00e3o haja uma contagem exata, no m\u00ednimo milhares de animais morreram, segundo o bi\u00f3logo Rog\u00e9rio Rossi, da Universidade Federal de Mato Grosso.<\/p>\n<\/div>\n<div class=\"mc-column content-text active-extra-styles \" style=\"text-align: justify;\" data-block-type=\"unstyled\" data-block-weight=\"27\" data-block-id=\"47\">\n<p class=\"content-text__container \" data-track-category=\"Link no Texto\" data-track-links=\"\">A equipe veterin\u00e1ria itinerante \u00e9 capaz de salvar apenas uma pequena fra\u00e7\u00e3o dos animais feridos. Muitas dessas criaturas s\u00e3o dif\u00edceis de pegar, est\u00e3o longe das estradas acess\u00edveis.<\/p>\n<\/div>\n<div class=\"mc-column content-text active-extra-styles \" style=\"text-align: justify;\" data-block-type=\"unstyled\" data-block-weight=\"10\" data-block-id=\"48\">\n<p class=\"content-text__container \" data-track-category=\"Link no Texto\" data-track-links=\"\">O veterin\u00e1rio Jorge Salom\u00e3o Jr. fez um invent\u00e1rio da carnificina.<\/p>\n<\/div>\n<div class=\"mc-column content-text active-extra-styles\" style=\"text-align: justify;\" data-block-type=\"raw\" data-block-weight=\"20\" data-block-id=\"49\">\n<blockquote class=\"content-blockquote theme-border-color-primary-before\"><p>\u201cVimos muitos animais mortos, principalmente r\u00e9pteis, serpentes, jacar\u00e9s\u201d, disse ele. \u201cVimos muitos cervos mortos, antas mortas, macacos mortos, quati mortos\u201d.<\/p><\/blockquote>\n<\/div>\n<div class=\"row medium-uncollapsed content-media content-photo\" style=\"text-align: justify;\" data-block-type=\"backstage-photo\" data-block-id=\"50\">\n<div class=\"column medium-22 large-20 medium-centered content-media__container\">\n<figure><img decoding=\"async\" class=\"i-amphtml-fill-content i-amphtml-replaced-content\" src=\"https:\/\/s2.glbimg.com\/N5evUfrOXPAwT5xpdfgmsRnVQzk=\/0x0:5007x3316\/1008x0\/smart\/filters:strip_icc()\/i.s3.glbimg.com\/v1\/AUTH_59edd422c0c84a879bd37670ae4f538a\/internal_photos\/bs\/2020\/a\/n\/7Al1TFQBaGB11joCPUAQ\/2020-09-14t100214z-198318428-rc2ayi9suzpy-rtrmadp-3-climate-change-brazil-pantanal.jpg\" srcset=\"\" alt=\"A estudante de veterin\u00e1ria Isabella Cristina Pereira Britto e a guia local Eduarda Fernades observam uma cobra morta ap\u00f3s inc\u00eandio no Pantanal \u2014 Foto: Amanda Perobelli\/Reuters\" \/><\/figure>\n<p class=\"content-media__description \">A estudante de veterin\u00e1ria Isabella Cristina Pereira Britto e a guia local Eduarda Fernades observam uma cobra morta ap\u00f3s inc\u00eandio no Pantanal \u2014 Foto: Amanda Perobelli\/Reuters<\/p>\n<\/div>\n<\/div>\n<div class=\"mc-column content-text active-extra-styles \" style=\"text-align: justify;\" data-block-type=\"unstyled\" data-block-weight=\"21\" data-block-id=\"51\">\n<p class=\"content-text__container \" data-track-category=\"Link no Texto\" data-track-links=\"\">Na \u00e1rea queimada de 1.347 quil\u00f4metros quadrados perto da cidade de Pocon\u00e9 (MT), cobras mortas s\u00e3o vistas a cada poucos metros.<\/p>\n<\/div>\n<div class=\"content-ads content-ads--reveal\" style=\"text-align: justify;\" data-block-type=\"ads\" data-block-id=\"52\">\n<div id=\"banner_materia__5c611e94-1ca4-41be-a333-456304cb9379\" class=\"tag-manager-publicidade-container mc-has-reveal mc-has-ad-lazyload\" data-id=\"banner_materia__5c611e94-1ca4-41be-a333-456304cb9379\"><\/div>\n<\/div>\n<div class=\"mc-column content-text active-extra-styles \" style=\"text-align: justify;\" data-block-type=\"unstyled\" data-block-weight=\"22\" data-block-id=\"53\">\n<p class=\"content-text__container \" data-track-category=\"Link no Texto\" data-track-links=\"\">A guia local Eduarda Fernandes, que est\u00e1 trabalhando com a equipe de resgate, andou pela \u00e1rea com os p\u00e9s afundando na fuligem.<\/p>\n<\/div>\n<div class=\"mc-column content-text active-extra-styles \" style=\"text-align: justify;\" data-block-type=\"unstyled\" data-block-weight=\"36\" data-block-id=\"54\">\n<p class=\"content-text__container \" data-track-category=\"Link no Texto\" data-track-links=\"\">Ela pegou uma cobra petrificada no fogo que havia mordido o pr\u00f3prio corpo. Um bi\u00f3logo disse ter sido provavelmente uma rea\u00e7\u00e3o involunt\u00e1ria, com o animal buscando qualquer forma de escapar da dor de ser queimado vivo.<\/p>\n<\/div>\n<div class=\"mc-column content-text active-extra-styles \" style=\"text-align: justify;\" data-block-type=\"unstyled\" data-block-weight=\"12\" data-block-id=\"55\">\n<p class=\"content-text__container \" data-track-category=\"Link no Texto\" data-track-links=\"\">Questionada sobre o que ela achava que aconteceu, Fernandes respondeu: &#8220;Dor. Desespero&#8221;.<\/p>\n<\/div>\n<div class=\"row medium-uncollapsed content-media content-photo\" style=\"text-align: justify;\" data-block-type=\"backstage-photo\" data-block-id=\"56\">\n<div class=\"column medium-22 large-20 medium-centered content-media__container\">\n<figure><img decoding=\"async\" class=\"i-amphtml-fill-content i-amphtml-replaced-content\" src=\"https:\/\/s2.glbimg.com\/NoGvYPLmHjniPX8WZnex8CLZGS0=\/0x0:5472x3648\/1008x0\/smart\/filters:strip_icc()\/i.s3.glbimg.com\/v1\/AUTH_59edd422c0c84a879bd37670ae4f538a\/internal_photos\/bs\/2020\/e\/k\/eabATaSAGv6ndeE9gbVA\/2020-09-14t100221z-2088007864-rc2ayi9q6997-rtrmadp-3-climate-change-brazil-pantanal.jpg\" srcset=\"\" alt=\"Foto \u00e9rea mostra uma casa cercada por vegeta\u00e7\u00e3o queimada em Pocon\u00e9 (MT), no Pantanal \u2014 Foto: Amanda Perobelli\/Reuters\" \/><\/figure>\n<p class=\"content-media__description \">Foto \u00e9rea mostra uma casa cercada por vegeta\u00e7\u00e3o queimada em Pocon\u00e9 (MT), no Pantanal \u2014 Foto: Amanda Perobelli\/Reuters<\/p>\n<\/div>\n<\/div>\n<div class=\"row medium-uncollapsed content-media content-photo\" style=\"text-align: justify;\" data-block-type=\"backstage-photo\" data-block-id=\"57\">\n<div class=\"column medium-22 large-20 medium-centered content-media__container\">\n<figure><img decoding=\"async\" class=\"i-amphtml-fill-content i-amphtml-replaced-content\" src=\"https:\/\/s2.glbimg.com\/AqfMzTPyiBryJTHDEciFN8Mg-jU=\/0x0:4987x3326\/1008x0\/smart\/filters:strip_icc()\/i.s3.glbimg.com\/v1\/AUTH_59edd422c0c84a879bd37670ae4f538a\/internal_photos\/bs\/2020\/4\/8\/tqSfTiSaWevIfBvVgc8w\/2020-09-14t100151z-998132990-rc2ayi9i1at2-rtrmadp-3-climate-change-brazil-pantanal.jpg\" srcset=\"\" alt=\"Um homem que trabalha em uma fazenda observa a fuma\u00e7a das queimadas subindo pelo ar em Pocon\u00e9 (MT), no Pantanal \u2014 Foto: Amanda Perobelli\/Reuters\" \/><\/figure>\n<p class=\"content-media__description \">Um homem que trabalha em uma fazenda observa a fuma\u00e7a das queimadas subindo pelo ar em Pocon\u00e9 (MT), no Pantanal \u2014 Foto: Amanda Perobelli\/Reuters<\/p>\n<\/div>\n<\/div>\n<div class=\"row medium-uncollapsed content-media content-photo\" style=\"text-align: justify;\" data-block-type=\"backstage-photo\" data-block-id=\"58\">\n<div class=\"column medium-22 large-20 medium-centered content-media__container\">\n<figure><img decoding=\"async\" class=\"i-amphtml-fill-content i-amphtml-replaced-content\" src=\"https:\/\/s2.glbimg.com\/xFF59dguKh5k4ofjHFLB3levfaA=\/0x0:5472x3644\/1008x0\/smart\/filters:strip_icc()\/i.s3.glbimg.com\/v1\/AUTH_59edd422c0c84a879bd37670ae4f538a\/internal_photos\/bs\/2020\/l\/v\/DOyF8uQhys787lyW7kcg\/2020-09-14t100437z-589780803-rc2ayi9v0nao-rtrmadp-3-climate-change-brazil-pantanal.jpg\" srcset=\"\" alt=\"Carlos Augusto Rodrigues, de 35 anos, d\u00e1 a Rafael Silva, de 16, uma garrafa cheia de \u00e1gua para ajudar a apagar um inc\u00eandio em uma fazenda no Pantanal \u2014 Foto: Amanda Perobelli\/Reuters\" \/><\/figure>\n<p class=\"content-media__description \">Carlos Augusto Rodrigues, de 35 anos, d\u00e1 a Rafael Silva, de 16, uma garrafa cheia de \u00e1gua para ajudar a apagar um inc\u00eandio em uma fazenda no Pantanal \u2014 Foto: Amanda Perobelli\/Reuters<\/p>\n<\/div>\n<\/div>\n<div class=\"content-ads content-ads--reveal\" style=\"text-align: justify;\" data-block-type=\"ads\" data-block-id=\"59\">\n<div id=\"banner_materia__ed807110-4432-4a0a-b507-e9488157f2e6\" class=\"tag-manager-publicidade-container mc-has-reveal mc-has-ad-lazyload\" data-id=\"banner_materia__ed807110-4432-4a0a-b507-e9488157f2e6\"><\/div>\n<\/div>\n<div class=\"row medium-uncollapsed content-media content-photo\" style=\"text-align: justify;\" data-block-type=\"backstage-photo\" data-block-id=\"60\">\n<div class=\"column medium-22 large-20 medium-centered content-media__container\">\n<figure><img decoding=\"async\" class=\"i-amphtml-fill-content i-amphtml-replaced-content\" src=\"https:\/\/s2.glbimg.com\/2NtbV_dEfHp-IIdgMjOip0z-eAw=\/0x0:5320x3547\/1008x0\/smart\/filters:strip_icc()\/i.s3.glbimg.com\/v1\/AUTH_59edd422c0c84a879bd37670ae4f538a\/internal_photos\/bs\/2020\/4\/J\/9BqpesTV6giYWJzacTfA\/2020-09-14t100222z-930500457-rc2ayi9cg8xg-rtrmadp-3-climate-change-brazil-pantanal.jpg\" srcset=\"\" alt=\"Foto a\u00e9rea mostra a fuma\u00e7a das queimadas sobre a vegeta\u00e7\u00e3o ao redor do rio Cuiab\u00e1, no Pantanal \u2014 Foto: Amanda Perobelli\/Reuters\" \/><\/figure>\n<p class=\"content-media__description \">Foto a\u00e9rea mostra a fuma\u00e7a das queimadas sobre a vegeta\u00e7\u00e3o ao redor do rio Cuiab\u00e1, no Pantanal \u2014 Foto: Amanda Perobelli\/Reuters<\/p>\n<\/div>\n<\/div>\n<div class=\"row medium-uncollapsed content-media content-photo\" data-block-type=\"backstage-photo\" data-block-id=\"61\">\n<div class=\"column medium-22 large-20 medium-centered content-media__container\">\n<figure style=\"text-align: justify;\"><img decoding=\"async\" class=\"i-amphtml-fill-content i-amphtml-replaced-content\" src=\"https:\/\/s2.glbimg.com\/l2Ez3rcYB3hjc93VccC_Z96Sd4M=\/0x0:5472x3648\/1008x0\/smart\/filters:strip_icc()\/i.s3.glbimg.com\/v1\/AUTH_59edd422c0c84a879bd37670ae4f538a\/internal_photos\/bs\/2020\/Q\/0\/CwaaxATPuzCuqBHisg1w\/2020-09-14t100246z-939397142-rc2ayi9poncg-rtrmadp-3-climate-change-brazil-pantanal.jpg\" srcset=\"\" alt=\"Funcion\u00e1rios de uma fazenda s\u00e3o vistos pr\u00f3ximos ao fogo em uma fazenda no Pantanal, em Pocon\u00e9 (MT) \u2014 Foto: Amanda Perobelli\/Reuters\" \/><\/figure>\n<p class=\"content-media__description \" style=\"text-align: justify;\">Funcion\u00e1rios de uma fazenda s\u00e3o vistos pr\u00f3ximos ao fogo em uma fazenda no Pantanal, em Pocon\u00e9 (MT) \u2014 Foto: Amanda Perobelli\/Reuters<\/p>\n<p style=\"text-align: justify;\">Fonte: https:\/\/g1.globo.com\/natureza\/noticia\/2020\/09\/14\/incendios-no-pantanal-causam-devastacao-matam-animais-e-emitem-alerta-climatico.ghtml<\/p>\n<\/div>\n<\/div>\n<\/div>\n","protected":false},"excerpt":{"rendered":"<p>Regi\u00e3o abriga cerca de 1.200 esp\u00e9cies de animais vertebrados, incluindo 36 amea\u00e7ados de extin\u00e7\u00e3o, al\u00e9m de p\u00e1ssaros raros e a mais densa popula\u00e7\u00e3o de on\u00e7as-pintadas do mundo. Um inc\u00eandio est\u00e1 queimando desde meados de julho no Pantanal, deixando um rastro enorme de destrui\u00e7\u00e3o em uma \u00e1rea maior do que a cidade de Nova York. Uma [&hellip;]<\/p>\n","protected":false},"author":1,"featured_media":34888,"comment_status":"closed","ping_status":"open","sticky":false,"template":"","format":"standard","meta":{"footnotes":""},"categories":[176,110],"tags":[],"class_list":["post-34887","post","type-post","status-publish","format-standard","has-post-thumbnail","hentry","category-meioambienteeagricultura","category-noticiasdestaque"],"_links":{"self":[{"href":"https:\/\/jorgezanoni.com.br\/2019\/wp-json\/wp\/v2\/posts\/34887","targetHints":{"allow":["GET"]}}],"collection":[{"href":"https:\/\/jorgezanoni.com.br\/2019\/wp-json\/wp\/v2\/posts"}],"about":[{"href":"https:\/\/jorgezanoni.com.br\/2019\/wp-json\/wp\/v2\/types\/post"}],"author":[{"embeddable":true,"href":"https:\/\/jorgezanoni.com.br\/2019\/wp-json\/wp\/v2\/users\/1"}],"replies":[{"embeddable":true,"href":"https:\/\/jorgezanoni.com.br\/2019\/wp-json\/wp\/v2\/comments?post=34887"}],"version-history":[{"count":0,"href":"https:\/\/jorgezanoni.com.br\/2019\/wp-json\/wp\/v2\/posts\/34887\/revisions"}],"wp:featuredmedia":[{"embeddable":true,"href":"https:\/\/jorgezanoni.com.br\/2019\/wp-json\/wp\/v2\/media\/34888"}],"wp:attachment":[{"href":"https:\/\/jorgezanoni.com.br\/2019\/wp-json\/wp\/v2\/media?parent=34887"}],"wp:term":[{"taxonomy":"category","embeddable":true,"href":"https:\/\/jorgezanoni.com.br\/2019\/wp-json\/wp\/v2\/categories?post=34887"},{"taxonomy":"post_tag","embeddable":true,"href":"https:\/\/jorgezanoni.com.br\/2019\/wp-json\/wp\/v2\/tags?post=34887"}],"curies":[{"name":"wp","href":"https:\/\/api.w.org\/{rel}","templated":true}]}}