{"id":34884,"date":"2020-09-14T21:55:48","date_gmt":"2020-09-14T21:55:48","guid":{"rendered":"https:\/\/jorgezanoni.com.br\/2019\/?p=34884"},"modified":"2020-09-14T21:55:48","modified_gmt":"2020-09-14T21:55:48","slug":"morte-de-parrerito-cala-uma-das-vozes-do-brasil-interiorano-retratado-pelo-trio-parada-dura","status":"publish","type":"post","link":"https:\/\/jorgezanoni.com.br\/2019\/morte-de-parrerito-cala-uma-das-vozes-do-brasil-interiorano-retratado-pelo-trio-parada-dura\/","title":{"rendered":"Morte de Parrerito cala uma das vozes do Brasil interiorano retratado pelo Trio Parada Dura"},"content":{"rendered":"<h2 class=\"content-head__subtitle\" style=\"text-align: justify;\"><strong>Oficializado no grupo a partir de 1988, o cantor fluminense ajudou a propagar repert\u00f3rio cultuado por duplas sertanejas da atualidade.<\/strong><\/h2>\n<article>\n<div class=\"mc-column content-text active-extra-styles \" data-block-type=\"unstyled\" data-block-weight=\"85\" data-block-id=\"2\">\n<p class=\"content-text__container \" style=\"text-align: justify;\" data-track-category=\"Link no Texto\" data-track-links=\"\">\u266a\u00a0<strong>OBITU\u00c1RIO\u00a0<\/strong>\u2013 \u00c9 natural que muita gente pense que o cantor sertanejo Eduardo Borges (20 de junho de 1953 \u2013 13 de setembro de 2020), o Parrerito, era mineiro. Afinal, al\u00e9m de residir em Contagem (MG), munic\u00edpio da regi\u00e3o metropolitana conhecida como Grande BH, o artista pavimentou a trajet\u00f3ria profissional em Minas Gerais, precisamente em Belo Horizonte (MG), cidade onde\u00a0<a href=\"https:\/\/g1.globo.com\/mg\/minas-gerais\/noticia\/2020\/09\/13\/parrerito-do-trio-parada-dura-morre-em-belo-horizonte.ghtml\">Parrerito morreu na noite de domingo, 13 de setembro, aos 67 anos, em hospital da capital, v\u00edtima de complica\u00e7\u00f5es da infec\u00e7\u00e3o pelo covid-19.<\/a><\/p>\n<\/div>\n<div class=\"wall protected-content\">\n<div class=\"mc-column content-text active-extra-styles \" style=\"text-align: justify;\" data-block-type=\"unstyled\" data-block-weight=\"39\" data-block-id=\"3\">\n<p class=\"content-text__container \" data-track-category=\"Link no Texto\" data-track-links=\"\">Mas Parrerito \u2013 que sai de cena imortalizado no Brasil sertanejo como umas vozes do Trio Parada Dura \u2013 nasceu em S\u00e3o Fid\u00e9lis (RJ), munic\u00edpio fluminense, assim como o irm\u00e3o \u00c9lcio Neves Borges (1942 \u2013 1998), o Barrerito.<\/p>\n<\/div>\n<div class=\"mc-column content-text active-extra-styles \" style=\"text-align: justify;\" data-block-type=\"unstyled\" data-block-weight=\"41\" data-block-id=\"4\">\n<p class=\"content-text__container \" data-track-category=\"Link no Texto\" data-track-links=\"\">As carreiras dos irm\u00e3os s\u00e3o indissoci\u00e1veis. A partir de 1975, Barrerito foi integrante da segunda e mais importante forma\u00e7\u00e3o do Trio Parada Dura, grupo formado em 1973 pelo cantor e m\u00fasico mineiro Carlos Alberto Ribeiro (1942 \u2013 2015), o Mangabinha.<\/p>\n<\/div>\n<div class=\"mc-column content-text active-extra-styles \" style=\"text-align: justify;\" data-block-type=\"unstyled\" data-block-weight=\"60\" data-block-id=\"5\">\n<p class=\"content-text__container \" data-track-category=\"Link no Texto\" data-track-links=\"\">Parrerito somente entrou no Trio Parada Dura \u2013 provisoriamente em 1982 e em car\u00e1ter definitivo a partir de 1988, na terceira forma\u00e7\u00e3o do grupo \u2013 porque o irm\u00e3o Barrerito sofreu acidente de avi\u00e3o, em setembro daquele ano de 1982, que o deixou parapl\u00e9gico e desestimulado a continuar no trio, preferindo partir para carreira solo para se sentir mais independente.<\/p>\n<\/div>\n<div class=\"content-ads content-ads--reveal\" style=\"text-align: justify;\" data-block-type=\"ads\" data-block-id=\"6\">\n<div id=\"banner_materia2\" class=\"tag-manager-publicidade-container mc-has-reveal mc-has-ad-lazyload\" data-id=\"banner_materia2\"><\/div>\n<\/div>\n<div class=\"row medium-uncollapsed content-media content-photo\" style=\"text-align: justify;\" data-block-type=\"backstage-photo\" data-block-id=\"7\">\n<div class=\"mc-column content-media__container\">\n<figure><img decoding=\"async\" class=\"i-amphtml-fill-content i-amphtml-replaced-content\" src=\"https:\/\/s2.glbimg.com\/12vNl8BzmUkpfSpQaoF8NZ1ReVo=\/0x0:1365x2048\/984x0\/smart\/filters:strip_icc()\/i.s3.glbimg.com\/v1\/AUTH_59edd422c0c84a879bd37670ae4f538a\/internal_photos\/bs\/2017\/G\/9\/gW5qliRSqWEqnnlwISxQ\/trioparadadura4.jpg\" sizes=\"(max-width: 1366px) 648px, 100vw\" srcset=\"https:\/\/s2.glbimg.com\/20USSSryq7vZhf7DFvym-b6itxQ=\/0x0:1365x2048\/1000x0\/smart\/filters:strip_icc()\/i.s3.glbimg.com\/v1\/AUTH_59edd422c0c84a879bd37670ae4f538a\/internal_photos\/bs\/2017\/G\/9\/gW5qliRSqWEqnnlwISxQ\/trioparadadura4.jpg 1000w, https:\/\/s2.glbimg.com\/12vNl8BzmUkpfSpQaoF8NZ1ReVo=\/0x0:1365x2048\/984x0\/smart\/filters:strip_icc()\/i.s3.glbimg.com\/v1\/AUTH_59edd422c0c84a879bd37670ae4f538a\/internal_photos\/bs\/2017\/G\/9\/gW5qliRSqWEqnnlwISxQ\/trioparadadura4.jpg 984w, https:\/\/s2.glbimg.com\/oA3UFiKHkB_Kr-n-VqIH68vXkzw=\/0x0:1365x2048\/640x0\/smart\/filters:strip_icc()\/i.s3.glbimg.com\/v1\/AUTH_59edd422c0c84a879bd37670ae4f538a\/internal_photos\/bs\/2017\/G\/9\/gW5qliRSqWEqnnlwISxQ\/trioparadadura4.jpg 640w, https:\/\/s2.glbimg.com\/t8mB7E9zFQsUgYEc_clyQK4M1Ng=\/0x0:1365x2048\/600x0\/smart\/filters:strip_icc()\/i.s3.glbimg.com\/v1\/AUTH_59edd422c0c84a879bd37670ae4f538a\/internal_photos\/bs\/2017\/G\/9\/gW5qliRSqWEqnnlwISxQ\/trioparadadura4.jpg 600w\" alt=\"Trio Parada Dura posa com a \u00faltima forma\u00e7\u00e3o do grupo, composto por Creone (\u00e0 esquerda), Parrerito e Xonad\u00e3o (com a sanfona)  \u2014 Foto: Divulga\u00e7\u00e3o\" \/><\/figure>\n<p class=\"content-media__description \">Trio Parada Dura posa com a \u00faltima forma\u00e7\u00e3o do grupo, composto por Creone (\u00e0 esquerda), Parrerito e Xonad\u00e3o (com a sanfona) \u2014 Foto: Divulga\u00e7\u00e3o<\/p>\n<\/div>\n<\/div>\n<div class=\"mc-column content-text active-extra-styles \" style=\"text-align: justify;\" data-block-type=\"unstyled\" data-block-weight=\"87\" data-block-id=\"8\">\n<p class=\"content-text__container \" data-track-category=\"Link no Texto\" data-track-links=\"\">Desde 1988, Parrerito passou a ser oficialmente uma voz desse Brasil sertanejo e sentimental propagado pelo Trio Parada Dura. \u00c9 raro uma dupla ou cantor sertanejo gravar disco e fazer show com sucessos do g\u00eanero sem incluir uma m\u00fasica do repert\u00f3rio do Trio Parada Dura, grupo que fez sucesso nas d\u00e9cadas de 1970 e 1980, pelos interiores perif\u00e9ricos do Brasil, com som sertanejo impregnado de influ\u00eancias das m\u00fasicas paraguaia e mexicana, sem tanto apego \u00e0s tradi\u00e7\u00f5es caipiras que moldaram o g\u00eanero a partir dos anos 1930.<\/p>\n<\/div>\n<div class=\"mc-column content-text active-extra-styles \" style=\"text-align: justify;\" data-block-type=\"unstyled\" data-block-weight=\"71\" data-block-id=\"9\">\n<p class=\"content-text__container \" data-track-category=\"Link no Texto\" data-track-links=\"\"><strong><em>As Andorinhas<\/em><\/strong>\u00a0(Darci Rossi, Alcino Alves e Rosa Quadros, 1987),\u00a0<strong><em>Homem de pedra<\/em><\/strong>\u00a0(Correto e Creone, 1978),\u00a0<strong><em>Castelo de amor<\/em><\/strong>\u00a0(Nenzico, Creone e Barrerito, 1975),\u00a0<strong><em>Fusc\u00e3o preto<\/em><\/strong>\u00a0(At\u00edlio Versuti e Jeca Mineiro, 1981),\u00a0<strong><em>O doutor e a empregada<\/em><\/strong>\u00a0(Roniel e Augusto Alves Pinto, 1983) e\u00a0<strong><em>Telefone mudo<\/em><\/strong>\u00a0(Franco e Ti\u00e3o Carreiro, 1981) s\u00e3o m\u00fasicas associadas a esse trio sertanejo em carreira que teve nota desafinada a partir dos anos 2000.<\/p>\n<\/div>\n<div class=\"mc-column content-text active-extra-styles \" style=\"text-align: justify;\" data-block-type=\"unstyled\" data-block-weight=\"51\" data-block-id=\"10\">\n<p class=\"content-text__container \" data-track-category=\"Link no Texto\" data-track-links=\"\">\u00c9 que lit\u00edgio entre Mangabinha e Parrerito (apoiado pelo integrante Creone) pelos direitos do uso do nome Trio Parada Dura foi parar na Justi\u00e7a e causou dissid\u00eancia no grupo. Por ser ent\u00e3o o \u00fanico remanescente da forma\u00e7\u00e3o original do trio que fundou, Mangabinha ganhou no tribunal o direito da marca.<\/p>\n<\/div>\n<div class=\"content-ads content-ads--reveal\" style=\"text-align: justify;\" data-block-type=\"ads\" data-block-id=\"11\">\n<div id=\"banner_materia__682fdadd-ac47-4d04-a5b7-5f51d0e474c5\" class=\"tag-manager-publicidade-container mc-has-reveal mc-has-ad-lazyload\" data-id=\"banner_materia__682fdadd-ac47-4d04-a5b7-5f51d0e474c5\"><\/div>\n<\/div>\n<div data-track-category=\"multicontent\" data-track-action=\"ultimo chunk conteudo\" data-track-noninteraction=\"false\" data-track-scroll=\"view\">\n<div class=\"mc-column content-text active-extra-styles \" data-block-type=\"unstyled\" data-block-weight=\"63\" data-block-id=\"12\">\n<p class=\"content-text__container \" style=\"text-align: justify;\" data-track-category=\"Link no Texto\" data-track-links=\"\">Parrerito e Creone ent\u00e3o se juntaram ao sanfoneiro Xonad\u00e3o e passaram a se apresentar como o Trio do Brasil. S\u00f3 que, em 2015, com a morte de Mangabinha, a fam\u00edlia do artista cedeu para Parrerito os direitos do nome Trio Parada Dura. \u00c9 como um legitimo integrantes do Trio Parada Dura que Parrerito sai de cena para ficar na hist\u00f3ria da m\u00fasica sertaneja.<\/p>\n<p style=\"text-align: justify;\" data-track-category=\"Link no Texto\" data-track-links=\"\">Fonte: G1<\/p>\n<\/div>\n<\/div>\n<\/div>\n<\/article>\n<div class=\"mc-column entities\"><\/div>\n<div><\/div>\n","protected":false},"excerpt":{"rendered":"<p>Oficializado no grupo a partir de 1988, o cantor fluminense ajudou a propagar repert\u00f3rio cultuado por duplas sertanejas da atualidade. \u266a\u00a0OBITU\u00c1RIO\u00a0\u2013 \u00c9 natural que muita gente pense que o cantor sertanejo Eduardo Borges (20 de junho de 1953 \u2013 13 de setembro de 2020), o Parrerito, era mineiro. Afinal, al\u00e9m de residir em Contagem (MG), [&hellip;]<\/p>\n","protected":false},"author":1,"featured_media":34885,"comment_status":"closed","ping_status":"open","sticky":false,"template":"","format":"standard","meta":{"footnotes":""},"categories":[183,178,110],"tags":[],"class_list":["post-34884","post","type-post","status-publish","format-standard","has-post-thumbnail","hentry","category-musicaeturismo","category-notadefalecimento","category-noticiasdestaque"],"_links":{"self":[{"href":"https:\/\/jorgezanoni.com.br\/2019\/wp-json\/wp\/v2\/posts\/34884","targetHints":{"allow":["GET"]}}],"collection":[{"href":"https:\/\/jorgezanoni.com.br\/2019\/wp-json\/wp\/v2\/posts"}],"about":[{"href":"https:\/\/jorgezanoni.com.br\/2019\/wp-json\/wp\/v2\/types\/post"}],"author":[{"embeddable":true,"href":"https:\/\/jorgezanoni.com.br\/2019\/wp-json\/wp\/v2\/users\/1"}],"replies":[{"embeddable":true,"href":"https:\/\/jorgezanoni.com.br\/2019\/wp-json\/wp\/v2\/comments?post=34884"}],"version-history":[{"count":0,"href":"https:\/\/jorgezanoni.com.br\/2019\/wp-json\/wp\/v2\/posts\/34884\/revisions"}],"wp:featuredmedia":[{"embeddable":true,"href":"https:\/\/jorgezanoni.com.br\/2019\/wp-json\/wp\/v2\/media\/34885"}],"wp:attachment":[{"href":"https:\/\/jorgezanoni.com.br\/2019\/wp-json\/wp\/v2\/media?parent=34884"}],"wp:term":[{"taxonomy":"category","embeddable":true,"href":"https:\/\/jorgezanoni.com.br\/2019\/wp-json\/wp\/v2\/categories?post=34884"},{"taxonomy":"post_tag","embeddable":true,"href":"https:\/\/jorgezanoni.com.br\/2019\/wp-json\/wp\/v2\/tags?post=34884"}],"curies":[{"name":"wp","href":"https:\/\/api.w.org\/{rel}","templated":true}]}}