{"id":34881,"date":"2020-09-14T21:42:34","date_gmt":"2020-09-14T21:42:34","guid":{"rendered":"https:\/\/jorgezanoni.com.br\/2019\/?p=34881"},"modified":"2020-09-14T21:42:34","modified_gmt":"2020-09-14T21:42:34","slug":"duas-amigas-morrem-ao-cair-em-cachoeira-de-30-metros-na-serra-de-sc","status":"publish","type":"post","link":"https:\/\/jorgezanoni.com.br\/2019\/duas-amigas-morrem-ao-cair-em-cachoeira-de-30-metros-na-serra-de-sc\/","title":{"rendered":"Duas amigas morrem ao cair em cachoeira de 30 metros na Serra de SC"},"content":{"rendered":"<h2 class=\"content-head__subtitle\" style=\"text-align: justify;\"><strong>Uma das jovens escorregou, e a amiga dela tamb\u00e9m caiu ao tentar segur\u00e1-la. Helic\u00f3ptero foi usado para resgate em local de dif\u00edcil acesso em Lages.<\/strong><\/h2>\n<div class=\"mc-column content-text active-extra-styles \" data-block-type=\"unstyled\" data-block-weight=\"46\" data-block-id=\"2\">\n<p class=\"content-text__container \" style=\"text-align: justify;\" data-track-category=\"Link no Texto\" data-track-links=\"\">Duas jovens de 18 e 19 anos morreram ap\u00f3s cair em uma cachoeira em\u00a0<a href=\"https:\/\/g1.globo.com\/sc\/santa-catarina\/cidade\/lages\/\">Lages<\/a>, na Serra catarinense, no fim da tarde deste domingo (13). Segundo o Batalh\u00e3o de Avia\u00e7\u00e3o da Pol\u00edcia Militar, uma delas escorregou e a amiga, ao tentar segur\u00e1-la, tamb\u00e9m se desequilibrou.<\/p>\n<\/div>\n<div class=\"wall protected-content\">\n<div class=\"mc-column content-text active-extra-styles \" data-block-type=\"unstyled\" data-block-weight=\"30\" data-block-id=\"3\">\n<p class=\"content-text__container \" style=\"text-align: justify;\" data-track-category=\"Link no Texto\" data-track-links=\"\">As duas ca\u00edram de uma altura de aproximadamente 30 metros, em um local de dif\u00edcil acesso. A equipe de resgate precisou usar um helic\u00f3ptero na localidade do Salto Rio Caveiras.<\/p>\n<p style=\"text-align: justify;\" data-track-category=\"Link no Texto\" data-track-links=\"\">Bruna Rafaela Vellasquez, de 18 anos, morreu ainda no local. Monique Medeiros de Almeida, de 19 anos, foi levada ao hospital Nossa Senhora dos Prazeres, em Lages, com ferimentos graves, mas n\u00e3o resistiu e morreu ao dar entrada na unidade de sa\u00fade.<\/p>\n<div class=\"mc-column content-text active-extra-styles \" style=\"text-align: justify;\" data-block-type=\"unstyled\" data-block-weight=\"52\" data-block-id=\"8\">\n<p class=\"content-text__container \" data-track-category=\"Link no Texto\" data-track-links=\"\">O Servi\u00e7o M\u00f3vel de Urg\u00eancia (Samu) socorreu as v\u00edtimas junto com a pol\u00edcia. Ap\u00f3s ser constatada a morte de uma delas no local, a segunda v\u00edtima foi colocada em &#8220;maca de ribanceira&#8221; e conduzida at\u00e9 um campo, para depois ser levada de ambul\u00e2ncia at\u00e9 o hospital<\/p>\n<\/div>\n<div class=\"mc-column content-text active-extra-styles \" style=\"text-align: justify;\" data-block-type=\"unstyled\" data-block-weight=\"37\" data-block-id=\"9\">\n<p class=\"content-text__container \" data-track-category=\"Link no Texto\" data-track-links=\"\">Segundo os socorristas, o lugar onde as jovens estavam \u00e9 proibido para visita\u00e7\u00e3o, mas visitantes acabam indo at\u00e9 o local tra\u00eddos pela paisagem. Muitas pessoas acompanharem o resgate no local no fim da tarde de domingo (13).<\/p>\n<\/div>\n<div class=\"row medium-uncollapsed content-media content-photo\" style=\"text-align: justify;\" data-block-type=\"backstage-photo\" data-block-id=\"10\">\n<div class=\"mc-column content-media__container\">\n<figure><img decoding=\"async\" class=\"i-amphtml-fill-content i-amphtml-replaced-content\" src=\"https:\/\/s2.glbimg.com\/M7K9GFcFL1FLFKx-GUlj1QzwELU=\/0x0:766x430\/984x0\/smart\/filters:strip_icc()\/i.s3.glbimg.com\/v1\/AUTH_59edd422c0c84a879bd37670ae4f538a\/internal_photos\/bs\/2020\/F\/r\/0xIsp0TWe2F8QiBHLEoA\/lages-cahcoeira-30-metros.png\" sizes=\"(max-width: 1366px) 648px, 100vw\" srcset=\"https:\/\/s2.glbimg.com\/Wepq7JKTltmhjFPAGRqqwoPf6aE=\/0x0:766x430\/1000x0\/smart\/filters:strip_icc()\/i.s3.glbimg.com\/v1\/AUTH_59edd422c0c84a879bd37670ae4f538a\/internal_photos\/bs\/2020\/F\/r\/0xIsp0TWe2F8QiBHLEoA\/lages-cahcoeira-30-metros.png 1000w, https:\/\/s2.glbimg.com\/M7K9GFcFL1FLFKx-GUlj1QzwELU=\/0x0:766x430\/984x0\/smart\/filters:strip_icc()\/i.s3.glbimg.com\/v1\/AUTH_59edd422c0c84a879bd37670ae4f538a\/internal_photos\/bs\/2020\/F\/r\/0xIsp0TWe2F8QiBHLEoA\/lages-cahcoeira-30-metros.png 984w, https:\/\/s2.glbimg.com\/26ITR7AGWDT_WZVoYA0JxC3n6Qw=\/0x0:766x430\/640x0\/smart\/filters:strip_icc()\/i.s3.glbimg.com\/v1\/AUTH_59edd422c0c84a879bd37670ae4f538a\/internal_photos\/bs\/2020\/F\/r\/0xIsp0TWe2F8QiBHLEoA\/lages-cahcoeira-30-metros.png 640w, https:\/\/s2.glbimg.com\/_1G64EiJiVmJLeeM0vTecVTBwdA=\/0x0:766x430\/600x0\/smart\/filters:strip_icc()\/i.s3.glbimg.com\/v1\/AUTH_59edd422c0c84a879bd37670ae4f538a\/internal_photos\/bs\/2020\/F\/r\/0xIsp0TWe2F8QiBHLEoA\/lages-cahcoeira-30-metros.png 600w\" alt=\"Duas jovens de 19 anos morreram ao ca\u00edrem de cachoeira em Lages, SC \u2014 Foto: \u00c1guia PM\/Reprodu\u00e7\u00e3o\" \/><\/figure>\n<p class=\"content-media__description \">Duas jovens de 19 anos morreram ao ca\u00edrem de cachoeira em Lages, SC \u2014 Foto: \u00c1guia PM\/Reprodu\u00e7\u00e3o<\/p>\n<\/div>\n<\/div>\n<div class=\"mc-column content-text active-extra-styles \" style=\"text-align: justify;\" data-block-type=\"unstyled\" data-block-weight=\"36\" data-block-id=\"11\">\n<p class=\"content-text__container \" data-track-category=\"Link no Texto\" data-track-links=\"\">As duas jovens moravam em Lages. Em redes sociais, amigos e familiares delas lamentaram as mortes. Os corpos foram liberados pelo Instituto M\u00e9dico Legal de Lages \u00e0s fam\u00edlias das v\u00edtimas na manh\u00e3 desta segunda-feira (14).<\/p>\n<\/div>\n<div class=\"content-ads content-ads--reveal\" style=\"text-align: justify;\" data-block-type=\"ads\" data-block-id=\"12\">\n<div id=\"banner_materia__62501c6b-518b-442a-ae12-34e898677518\" class=\"tag-manager-publicidade-container mc-has-reveal mc-has-ad-lazyload\" data-id=\"banner_materia__62501c6b-518b-442a-ae12-34e898677518\"><\/div>\n<\/div>\n<div class=\"row medium-uncollapsed content-media content-photo\" data-block-type=\"backstage-photo\" data-block-id=\"13\">\n<div class=\"mc-column content-media__container\">\n<figure style=\"text-align: justify;\"><img decoding=\"async\" class=\"i-amphtml-fill-content i-amphtml-replaced-content\" src=\"https:\/\/s2.glbimg.com\/uKuRvPPcsvOKiYm8z4Y-bOdt3fI=\/0x0:1925x1109\/984x0\/smart\/filters:strip_icc()\/i.s3.glbimg.com\/v1\/AUTH_59edd422c0c84a879bd37670ae4f538a\/internal_photos\/bs\/2020\/p\/8\/GMGvRzRdmBT3r1QLdl3Q\/bruna-e-monique.jpg\" sizes=\"(max-width: 1366px) 648px, 100vw\" srcset=\"https:\/\/s2.glbimg.com\/zahZON-amT6fe3e8jz57AVb6I64=\/0x0:1925x1109\/1000x0\/smart\/filters:strip_icc()\/i.s3.glbimg.com\/v1\/AUTH_59edd422c0c84a879bd37670ae4f538a\/internal_photos\/bs\/2020\/p\/8\/GMGvRzRdmBT3r1QLdl3Q\/bruna-e-monique.jpg 1000w, https:\/\/s2.glbimg.com\/uKuRvPPcsvOKiYm8z4Y-bOdt3fI=\/0x0:1925x1109\/984x0\/smart\/filters:strip_icc()\/i.s3.glbimg.com\/v1\/AUTH_59edd422c0c84a879bd37670ae4f538a\/internal_photos\/bs\/2020\/p\/8\/GMGvRzRdmBT3r1QLdl3Q\/bruna-e-monique.jpg 984w, https:\/\/s2.glbimg.com\/Fmr1quQA-5kboxeLBTr5Z7leKTY=\/0x0:1925x1109\/640x0\/smart\/filters:strip_icc()\/i.s3.glbimg.com\/v1\/AUTH_59edd422c0c84a879bd37670ae4f538a\/internal_photos\/bs\/2020\/p\/8\/GMGvRzRdmBT3r1QLdl3Q\/bruna-e-monique.jpg 640w, https:\/\/s2.glbimg.com\/9eMjffPbvqgQSrtn_2zWv3pIL9Y=\/0x0:1925x1109\/600x0\/smart\/filters:strip_icc()\/i.s3.glbimg.com\/v1\/AUTH_59edd422c0c84a879bd37670ae4f538a\/internal_photos\/bs\/2020\/p\/8\/GMGvRzRdmBT3r1QLdl3Q\/bruna-e-monique.jpg 600w\" alt=\"Bruna (E) e Monique (D) morreram ao ca\u00edrem cerca de 30 metros em cachoeira na Serra catarinense \u2014 Foto: Redes sociais\/Reprodu\u00e7\u00e3o \" \/><\/figure>\n<p class=\"content-media__description \" style=\"text-align: justify;\">Bruna (E) e Monique (D) morreram ao ca\u00edrem cerca de 30 metros em cachoeira na Serra catarinense \u2014 Foto: Redes sociais\/Reprodu\u00e7\u00e3o<\/p>\n<p>Fonte: https:\/\/g1.globo.com\/sc\/santa-catarina\/noticia\/2020\/09\/14\/duas-jovens-morrem-ao-cair-de-cachoeira-na-serra-de-sc.ghtml<\/p>\n<\/div>\n<\/div>\n<\/div>\n<\/div>\n","protected":false},"excerpt":{"rendered":"<p>Uma das jovens escorregou, e a amiga dela tamb\u00e9m caiu ao tentar segur\u00e1-la. Helic\u00f3ptero foi usado para resgate em local de dif\u00edcil acesso em Lages. Duas jovens de 18 e 19 anos morreram ap\u00f3s cair em uma cachoeira em\u00a0Lages, na Serra catarinense, no fim da tarde deste domingo (13). Segundo o Batalh\u00e3o de Avia\u00e7\u00e3o da [&hellip;]<\/p>\n","protected":false},"author":1,"featured_media":34882,"comment_status":"closed","ping_status":"open","sticky":false,"template":"","format":"standard","meta":{"footnotes":""},"categories":[110,2],"tags":[],"class_list":["post-34881","post","type-post","status-publish","format-standard","has-post-thumbnail","hentry","category-noticiasdestaque","category-policial"],"_links":{"self":[{"href":"https:\/\/jorgezanoni.com.br\/2019\/wp-json\/wp\/v2\/posts\/34881","targetHints":{"allow":["GET"]}}],"collection":[{"href":"https:\/\/jorgezanoni.com.br\/2019\/wp-json\/wp\/v2\/posts"}],"about":[{"href":"https:\/\/jorgezanoni.com.br\/2019\/wp-json\/wp\/v2\/types\/post"}],"author":[{"embeddable":true,"href":"https:\/\/jorgezanoni.com.br\/2019\/wp-json\/wp\/v2\/users\/1"}],"replies":[{"embeddable":true,"href":"https:\/\/jorgezanoni.com.br\/2019\/wp-json\/wp\/v2\/comments?post=34881"}],"version-history":[{"count":0,"href":"https:\/\/jorgezanoni.com.br\/2019\/wp-json\/wp\/v2\/posts\/34881\/revisions"}],"wp:featuredmedia":[{"embeddable":true,"href":"https:\/\/jorgezanoni.com.br\/2019\/wp-json\/wp\/v2\/media\/34882"}],"wp:attachment":[{"href":"https:\/\/jorgezanoni.com.br\/2019\/wp-json\/wp\/v2\/media?parent=34881"}],"wp:term":[{"taxonomy":"category","embeddable":true,"href":"https:\/\/jorgezanoni.com.br\/2019\/wp-json\/wp\/v2\/categories?post=34881"},{"taxonomy":"post_tag","embeddable":true,"href":"https:\/\/jorgezanoni.com.br\/2019\/wp-json\/wp\/v2\/tags?post=34881"}],"curies":[{"name":"wp","href":"https:\/\/api.w.org\/{rel}","templated":true}]}}