{"id":34872,"date":"2020-09-14T16:52:08","date_gmt":"2020-09-14T16:52:08","guid":{"rendered":"https:\/\/jorgezanoni.com.br\/2019\/?p=34872"},"modified":"2020-09-14T16:52:08","modified_gmt":"2020-09-14T16:52:08","slug":"homem-e-preso-por-trafico-de-drogas-apos-menor-tentar-fugir-de-abordagem-em-dracena","status":"publish","type":"post","link":"https:\/\/jorgezanoni.com.br\/2019\/homem-e-preso-por-trafico-de-drogas-apos-menor-tentar-fugir-de-abordagem-em-dracena\/","title":{"rendered":"Homem \u00e9 preso por Tr\u00e1fico de Drogas ap\u00f3s menor tentar fugir de abordagem em Dracena"},"content":{"rendered":"<p style=\"text-align: justify;\">Na noite de ontem (13), por volta das 22h, durante patrulhamento de For\u00e7a T\u00e1tica pela cidade de Dracena, os Policiais Militares avistaram um individuo em uma motocicleta pr\u00f3xima a linha f\u00e9rrea, sendo que o condutor ao notar a presen\u00e7a policial, tentou fugir para interior de uma resid\u00eancia, por\u00e9m foi alcan\u00e7ado e abordado juntamente com outro individuo (24 anos). Durante busca pessoal foi localizado dinheiro e durante busca na resid\u00eancia, foi localizada sob a cama, uma balan\u00e7a de precis\u00e3o contendo vest\u00edgios de maconha, um tijolo pequeno de maconha e uma por\u00e7\u00e3o da droga j\u00e1 embalada para venda. Na sala foi localizado mais uma por\u00e7\u00e3o da droga dentro de um saco de lixo. Indagados, o menor (17 anos) assumiu a propriedade da droga e informou ter pago o valor de R$ 1.200,00 para comprar a motocicleta. Diante do fato, foi dada voz de pris\u00e3o ao maior e voz de apreens\u00e3o ao menor, sendo que o maior permaneceu preso \u00e0 disposi\u00e7\u00e3o da justi\u00e7a.<br \/>\nApreens\u00f5es: 0,114 kg de maconha, 01 balan\u00e7a de precis\u00e3o, 01 celular, 01 motocicleta e R$709,00.<\/p>\n<p><a class=\"oajrlxb2 g5ia77u1 qu0x051f esr5mh6w e9989ue4 r7d6kgcz rq0escxv nhd2j8a9 nc684nl6 p7hjln8o kvgmc6g5 cxmmr5t8 oygrvhab hcukyx3x jb3vyjys rz4wbd8a qt6c0cv9 a8nywdso i1ao9s8h esuyzwwr f1sip0of lzcic4wl oo9gr5id gpro0wi8 lrazzd5p\" tabindex=\"0\" role=\"link\" href=\"https:\/\/www.facebook.com\/hashtag\/25bpmi?__eep__=6&amp;__tn__=*NK*F\">#25BPMI<\/a><br \/>\n<a class=\"oajrlxb2 g5ia77u1 qu0x051f esr5mh6w e9989ue4 r7d6kgcz rq0escxv nhd2j8a9 nc684nl6 p7hjln8o kvgmc6g5 cxmmr5t8 oygrvhab hcukyx3x jb3vyjys rz4wbd8a qt6c0cv9 a8nywdso i1ao9s8h esuyzwwr f1sip0of lzcic4wl oo9gr5id gpro0wi8 lrazzd5p\" tabindex=\"0\" role=\"link\" href=\"https:\/\/www.facebook.com\/hashtag\/poli%CC%81ciamilitarsp?__eep__=6&amp;__tn__=*NK*F\">#POLI\u0301CIAMILITARSP<\/a><br \/>\n<a class=\"oajrlxb2 g5ia77u1 qu0x051f esr5mh6w e9989ue4 r7d6kgcz rq0escxv nhd2j8a9 nc684nl6 p7hjln8o kvgmc6g5 cxmmr5t8 oygrvhab hcukyx3x jb3vyjys rz4wbd8a qt6c0cv9 a8nywdso i1ao9s8h esuyzwwr f1sip0of lzcic4wl oo9gr5id gpro0wi8 lrazzd5p\" tabindex=\"0\" role=\"link\" href=\"https:\/\/www.facebook.com\/hashtag\/afor%C3%A7ap%C3%BAblicades%C3%A3opaulo?__eep__=6&amp;__tn__=*NK*F\">#AFOR\u00c7AP\u00daBLICADES\u00c3OPAULO<\/a><br \/>\nCOMUNICA\u00c7\u00c3O SOCIAL DO 25\u00b0BPM\/I<\/p>\n","protected":false},"excerpt":{"rendered":"<p>Na noite de ontem (13), por volta das 22h, durante patrulhamento de For\u00e7a T\u00e1tica pela cidade de Dracena, os Policiais Militares avistaram um individuo em uma motocicleta pr\u00f3xima a linha f\u00e9rrea, sendo que o condutor ao notar a presen\u00e7a policial, tentou fugir para interior de uma resid\u00eancia, por\u00e9m foi alcan\u00e7ado e abordado juntamente com outro [&hellip;]<\/p>\n","protected":false},"author":1,"featured_media":34873,"comment_status":"closed","ping_status":"open","sticky":false,"template":"","format":"standard","meta":{"footnotes":""},"categories":[110,2],"tags":[],"class_list":["post-34872","post","type-post","status-publish","format-standard","has-post-thumbnail","hentry","category-noticiasdestaque","category-policial"],"_links":{"self":[{"href":"https:\/\/jorgezanoni.com.br\/2019\/wp-json\/wp\/v2\/posts\/34872","targetHints":{"allow":["GET"]}}],"collection":[{"href":"https:\/\/jorgezanoni.com.br\/2019\/wp-json\/wp\/v2\/posts"}],"about":[{"href":"https:\/\/jorgezanoni.com.br\/2019\/wp-json\/wp\/v2\/types\/post"}],"author":[{"embeddable":true,"href":"https:\/\/jorgezanoni.com.br\/2019\/wp-json\/wp\/v2\/users\/1"}],"replies":[{"embeddable":true,"href":"https:\/\/jorgezanoni.com.br\/2019\/wp-json\/wp\/v2\/comments?post=34872"}],"version-history":[{"count":0,"href":"https:\/\/jorgezanoni.com.br\/2019\/wp-json\/wp\/v2\/posts\/34872\/revisions"}],"wp:featuredmedia":[{"embeddable":true,"href":"https:\/\/jorgezanoni.com.br\/2019\/wp-json\/wp\/v2\/media\/34873"}],"wp:attachment":[{"href":"https:\/\/jorgezanoni.com.br\/2019\/wp-json\/wp\/v2\/media?parent=34872"}],"wp:term":[{"taxonomy":"category","embeddable":true,"href":"https:\/\/jorgezanoni.com.br\/2019\/wp-json\/wp\/v2\/categories?post=34872"},{"taxonomy":"post_tag","embeddable":true,"href":"https:\/\/jorgezanoni.com.br\/2019\/wp-json\/wp\/v2\/tags?post=34872"}],"curies":[{"name":"wp","href":"https:\/\/api.w.org\/{rel}","templated":true}]}}