{"id":34868,"date":"2020-09-14T16:26:02","date_gmt":"2020-09-14T16:26:02","guid":{"rendered":"https:\/\/jorgezanoni.com.br\/2019\/?p=34868"},"modified":"2020-09-14T16:45:01","modified_gmt":"2020-09-14T16:45:01","slug":"morre-emidio-teixeira-cruz-do-grupo-e-t-c","status":"publish","type":"post","link":"https:\/\/jorgezanoni.com.br\/2019\/morre-emidio-teixeira-cruz-do-grupo-e-t-c\/","title":{"rendered":"Morre Emidio Teixeira Cruz do Grupo E.T.C."},"content":{"rendered":"<p style=\"text-align: justify;\">Comunicamos com pesar o falecimento do senhor Emidio Teixeira Cruz do Grupo E.T.C. que por alguns anos atuou em Dracena.<\/p>\n<p style=\"text-align: justify;\">O senhor Emidio residia atualmente em S\u00e3o Paulo\/Santo Andr\u00e9. Deixa esposa, filhos, genros, noras e netos.<\/p>\n<p>(aguarde informa\u00e7\u00f5es)<\/p>\n<p style=\"text-align: justify;\">\n","protected":false},"excerpt":{"rendered":"<p>Comunicamos com pesar o falecimento do senhor Emidio Teixeira Cruz do Grupo E.T.C. que por alguns anos atuou em Dracena. O senhor Emidio residia atualmente em S\u00e3o Paulo\/Santo Andr\u00e9. Deixa esposa, filhos, genros, noras e netos. (aguarde informa\u00e7\u00f5es)<\/p>\n","protected":false},"author":1,"featured_media":34869,"comment_status":"closed","ping_status":"open","sticky":false,"template":"","format":"standard","meta":{"footnotes":""},"categories":[178,110],"tags":[],"class_list":["post-34868","post","type-post","status-publish","format-standard","has-post-thumbnail","hentry","category-notadefalecimento","category-noticiasdestaque"],"_links":{"self":[{"href":"https:\/\/jorgezanoni.com.br\/2019\/wp-json\/wp\/v2\/posts\/34868","targetHints":{"allow":["GET"]}}],"collection":[{"href":"https:\/\/jorgezanoni.com.br\/2019\/wp-json\/wp\/v2\/posts"}],"about":[{"href":"https:\/\/jorgezanoni.com.br\/2019\/wp-json\/wp\/v2\/types\/post"}],"author":[{"embeddable":true,"href":"https:\/\/jorgezanoni.com.br\/2019\/wp-json\/wp\/v2\/users\/1"}],"replies":[{"embeddable":true,"href":"https:\/\/jorgezanoni.com.br\/2019\/wp-json\/wp\/v2\/comments?post=34868"}],"version-history":[{"count":0,"href":"https:\/\/jorgezanoni.com.br\/2019\/wp-json\/wp\/v2\/posts\/34868\/revisions"}],"wp:featuredmedia":[{"embeddable":true,"href":"https:\/\/jorgezanoni.com.br\/2019\/wp-json\/wp\/v2\/media\/34869"}],"wp:attachment":[{"href":"https:\/\/jorgezanoni.com.br\/2019\/wp-json\/wp\/v2\/media?parent=34868"}],"wp:term":[{"taxonomy":"category","embeddable":true,"href":"https:\/\/jorgezanoni.com.br\/2019\/wp-json\/wp\/v2\/categories?post=34868"},{"taxonomy":"post_tag","embeddable":true,"href":"https:\/\/jorgezanoni.com.br\/2019\/wp-json\/wp\/v2\/tags?post=34868"}],"curies":[{"name":"wp","href":"https:\/\/api.w.org\/{rel}","templated":true}]}}