{"id":34834,"date":"2020-09-14T12:18:26","date_gmt":"2020-09-14T12:18:26","guid":{"rendered":"https:\/\/jorgezanoni.com.br\/2019\/?p=34834"},"modified":"2020-09-14T15:51:14","modified_gmt":"2020-09-14T15:51:14","slug":"aniversariantes-do-dia-14-09-20","status":"publish","type":"post","link":"https:\/\/jorgezanoni.com.br\/2019\/aniversariantes-do-dia-14-09-20\/","title":{"rendered":"Aniversariantes do Dia 14\/09\/20"},"content":{"rendered":"<p>PARABENIZAMOS OS ANIVERSARIANTES DE HOJE:<\/p>\n<p><img loading=\"lazy\" decoding=\"async\" class=\"alignnone size-full wp-image-34861\" src=\"https:\/\/jorgezanoni.com.br\/2019\/wp-content\/uploads\/2020\/09\/Antonella-Antunes-Soares.jpg\" alt=\"\" width=\"495\" height=\"1040\" srcset=\"https:\/\/jorgezanoni.com.br\/2019\/wp-content\/uploads\/2020\/09\/Antonella-Antunes-Soares.jpg 495w, https:\/\/jorgezanoni.com.br\/2019\/wp-content\/uploads\/2020\/09\/Antonella-Antunes-Soares-143x300.jpg 143w, https:\/\/jorgezanoni.com.br\/2019\/wp-content\/uploads\/2020\/09\/Antonella-Antunes-Soares-487x1024.jpg 487w, https:\/\/jorgezanoni.com.br\/2019\/wp-content\/uploads\/2020\/09\/Antonella-Antunes-Soares-200x420.jpg 200w\" sizes=\"auto, (max-width: 495px) 100vw, 495px\" \/>Antonella Antunes Soares (3 aninhos)<\/p>\n<p><img loading=\"lazy\" decoding=\"async\" class=\"alignnone size-full wp-image-34835\" src=\"https:\/\/jorgezanoni.com.br\/2019\/wp-content\/uploads\/2020\/09\/Bruno-Falc\u00e3o.jpg\" alt=\"\" width=\"960\" height=\"960\" srcset=\"https:\/\/jorgezanoni.com.br\/2019\/wp-content\/uploads\/2020\/09\/Bruno-Falc\u00e3o.jpg 960w, https:\/\/jorgezanoni.com.br\/2019\/wp-content\/uploads\/2020\/09\/Bruno-Falc\u00e3o-300x300.jpg 300w, https:\/\/jorgezanoni.com.br\/2019\/wp-content\/uploads\/2020\/09\/Bruno-Falc\u00e3o-150x150.jpg 150w, https:\/\/jorgezanoni.com.br\/2019\/wp-content\/uploads\/2020\/09\/Bruno-Falc\u00e3o-768x768.jpg 768w, https:\/\/jorgezanoni.com.br\/2019\/wp-content\/uploads\/2020\/09\/Bruno-Falc\u00e3o-696x696.jpg 696w, https:\/\/jorgezanoni.com.br\/2019\/wp-content\/uploads\/2020\/09\/Bruno-Falc\u00e3o-420x420.jpg 420w\" sizes=\"auto, (max-width: 960px) 100vw, 960px\" \/>Bruno Falc\u00e3o<\/p>\n<p><img loading=\"lazy\" decoding=\"async\" class=\"alignnone size-full wp-image-34836\" src=\"https:\/\/jorgezanoni.com.br\/2019\/wp-content\/uploads\/2020\/09\/Elza-Capobianco-Souza.jpg\" alt=\"\" width=\"2048\" height=\"1536\" srcset=\"https:\/\/jorgezanoni.com.br\/2019\/wp-content\/uploads\/2020\/09\/Elza-Capobianco-Souza.jpg 2048w, https:\/\/jorgezanoni.com.br\/2019\/wp-content\/uploads\/2020\/09\/Elza-Capobianco-Souza-300x225.jpg 300w, https:\/\/jorgezanoni.com.br\/2019\/wp-content\/uploads\/2020\/09\/Elza-Capobianco-Souza-1024x768.jpg 1024w, https:\/\/jorgezanoni.com.br\/2019\/wp-content\/uploads\/2020\/09\/Elza-Capobianco-Souza-768x576.jpg 768w, https:\/\/jorgezanoni.com.br\/2019\/wp-content\/uploads\/2020\/09\/Elza-Capobianco-Souza-1536x1152.jpg 1536w, https:\/\/jorgezanoni.com.br\/2019\/wp-content\/uploads\/2020\/09\/Elza-Capobianco-Souza-80x60.jpg 80w, https:\/\/jorgezanoni.com.br\/2019\/wp-content\/uploads\/2020\/09\/Elza-Capobianco-Souza-265x198.jpg 265w, https:\/\/jorgezanoni.com.br\/2019\/wp-content\/uploads\/2020\/09\/Elza-Capobianco-Souza-696x522.jpg 696w, https:\/\/jorgezanoni.com.br\/2019\/wp-content\/uploads\/2020\/09\/Elza-Capobianco-Souza-1068x801.jpg 1068w, https:\/\/jorgezanoni.com.br\/2019\/wp-content\/uploads\/2020\/09\/Elza-Capobianco-Souza-560x420.jpg 560w\" sizes=\"auto, (max-width: 2048px) 100vw, 2048px\" \/>Elza Capobianco Souza<\/p>\n<p><img loading=\"lazy\" decoding=\"async\" class=\"alignnone size-full wp-image-34837\" src=\"https:\/\/jorgezanoni.com.br\/2019\/wp-content\/uploads\/2020\/09\/Fernando-Bispo.jpg\" alt=\"\" width=\"1424\" height=\"1440\" srcset=\"https:\/\/jorgezanoni.com.br\/2019\/wp-content\/uploads\/2020\/09\/Fernando-Bispo.jpg 1424w, https:\/\/jorgezanoni.com.br\/2019\/wp-content\/uploads\/2020\/09\/Fernando-Bispo-297x300.jpg 297w, https:\/\/jorgezanoni.com.br\/2019\/wp-content\/uploads\/2020\/09\/Fernando-Bispo-1013x1024.jpg 1013w, https:\/\/jorgezanoni.com.br\/2019\/wp-content\/uploads\/2020\/09\/Fernando-Bispo-768x777.jpg 768w, https:\/\/jorgezanoni.com.br\/2019\/wp-content\/uploads\/2020\/09\/Fernando-Bispo-696x704.jpg 696w, https:\/\/jorgezanoni.com.br\/2019\/wp-content\/uploads\/2020\/09\/Fernando-Bispo-1068x1080.jpg 1068w, https:\/\/jorgezanoni.com.br\/2019\/wp-content\/uploads\/2020\/09\/Fernando-Bispo-415x420.jpg 415w\" sizes=\"auto, (max-width: 1424px) 100vw, 1424px\" \/>Fernando Bispo<\/p>\n<p><img loading=\"lazy\" decoding=\"async\" class=\"alignnone size-full wp-image-34839\" src=\"https:\/\/jorgezanoni.com.br\/2019\/wp-content\/uploads\/2020\/09\/J\u00e9ssica.jpg\" alt=\"\" width=\"720\" height=\"900\" srcset=\"https:\/\/jorgezanoni.com.br\/2019\/wp-content\/uploads\/2020\/09\/J\u00e9ssica.jpg 720w, https:\/\/jorgezanoni.com.br\/2019\/wp-content\/uploads\/2020\/09\/J\u00e9ssica-240x300.jpg 240w, https:\/\/jorgezanoni.com.br\/2019\/wp-content\/uploads\/2020\/09\/J\u00e9ssica-696x870.jpg 696w, https:\/\/jorgezanoni.com.br\/2019\/wp-content\/uploads\/2020\/09\/J\u00e9ssica-336x420.jpg 336w\" sizes=\"auto, (max-width: 720px) 100vw, 720px\" \/>J\u00e9ssica Fernanda<\/p>\n<p><img loading=\"lazy\" decoding=\"async\" class=\"alignnone size-full wp-image-34840\" src=\"https:\/\/jorgezanoni.com.br\/2019\/wp-content\/uploads\/2020\/09\/Luiz-Roberto-Volpi.jpg\" alt=\"\" width=\"600\" height=\"400\" srcset=\"https:\/\/jorgezanoni.com.br\/2019\/wp-content\/uploads\/2020\/09\/Luiz-Roberto-Volpi.jpg 600w, https:\/\/jorgezanoni.com.br\/2019\/wp-content\/uploads\/2020\/09\/Luiz-Roberto-Volpi-300x200.jpg 300w\" sizes=\"auto, (max-width: 600px) 100vw, 600px\" \/> Luiz Roberto Volpi<\/p>\n<p><img loading=\"lazy\" decoding=\"async\" class=\"alignnone size-full wp-image-34841\" src=\"https:\/\/jorgezanoni.com.br\/2019\/wp-content\/uploads\/2020\/09\/Priscila-Rios.jpg\" alt=\"\" width=\"1440\" height=\"1428\" srcset=\"https:\/\/jorgezanoni.com.br\/2019\/wp-content\/uploads\/2020\/09\/Priscila-Rios.jpg 1440w, https:\/\/jorgezanoni.com.br\/2019\/wp-content\/uploads\/2020\/09\/Priscila-Rios-300x298.jpg 300w, https:\/\/jorgezanoni.com.br\/2019\/wp-content\/uploads\/2020\/09\/Priscila-Rios-1024x1015.jpg 1024w, https:\/\/jorgezanoni.com.br\/2019\/wp-content\/uploads\/2020\/09\/Priscila-Rios-150x150.jpg 150w, https:\/\/jorgezanoni.com.br\/2019\/wp-content\/uploads\/2020\/09\/Priscila-Rios-768x762.jpg 768w, https:\/\/jorgezanoni.com.br\/2019\/wp-content\/uploads\/2020\/09\/Priscila-Rios-696x690.jpg 696w, https:\/\/jorgezanoni.com.br\/2019\/wp-content\/uploads\/2020\/09\/Priscila-Rios-1068x1059.jpg 1068w, https:\/\/jorgezanoni.com.br\/2019\/wp-content\/uploads\/2020\/09\/Priscila-Rios-424x420.jpg 424w\" sizes=\"auto, (max-width: 1440px) 100vw, 1440px\" \/>Priscila Rios<\/p>\n<p><img loading=\"lazy\" decoding=\"async\" class=\"alignnone size-full wp-image-34842\" src=\"https:\/\/jorgezanoni.com.br\/2019\/wp-content\/uploads\/2020\/09\/Renara-Gon\u00e7alves-Fonseca.jpg\" alt=\"\" width=\"749\" height=\"985\" srcset=\"https:\/\/jorgezanoni.com.br\/2019\/wp-content\/uploads\/2020\/09\/Renara-Gon\u00e7alves-Fonseca.jpg 749w, https:\/\/jorgezanoni.com.br\/2019\/wp-content\/uploads\/2020\/09\/Renara-Gon\u00e7alves-Fonseca-228x300.jpg 228w, https:\/\/jorgezanoni.com.br\/2019\/wp-content\/uploads\/2020\/09\/Renara-Gon\u00e7alves-Fonseca-696x915.jpg 696w, https:\/\/jorgezanoni.com.br\/2019\/wp-content\/uploads\/2020\/09\/Renara-Gon\u00e7alves-Fonseca-319x420.jpg 319w\" sizes=\"auto, (max-width: 749px) 100vw, 749px\" \/>Renara Gon\u00e7alves Fonseca<\/p>\n<p><img loading=\"lazy\" decoding=\"async\" class=\"alignnone size-full wp-image-34843\" src=\"https:\/\/jorgezanoni.com.br\/2019\/wp-content\/uploads\/2020\/09\/Vanda-Coelho-Bezerra.jpg\" alt=\"\" width=\"1424\" height=\"1440\" srcset=\"https:\/\/jorgezanoni.com.br\/2019\/wp-content\/uploads\/2020\/09\/Vanda-Coelho-Bezerra.jpg 1424w, https:\/\/jorgezanoni.com.br\/2019\/wp-content\/uploads\/2020\/09\/Vanda-Coelho-Bezerra-297x300.jpg 297w, https:\/\/jorgezanoni.com.br\/2019\/wp-content\/uploads\/2020\/09\/Vanda-Coelho-Bezerra-1013x1024.jpg 1013w, https:\/\/jorgezanoni.com.br\/2019\/wp-content\/uploads\/2020\/09\/Vanda-Coelho-Bezerra-768x777.jpg 768w, https:\/\/jorgezanoni.com.br\/2019\/wp-content\/uploads\/2020\/09\/Vanda-Coelho-Bezerra-696x704.jpg 696w, https:\/\/jorgezanoni.com.br\/2019\/wp-content\/uploads\/2020\/09\/Vanda-Coelho-Bezerra-1068x1080.jpg 1068w, https:\/\/jorgezanoni.com.br\/2019\/wp-content\/uploads\/2020\/09\/Vanda-Coelho-Bezerra-415x420.jpg 415w\" sizes=\"auto, (max-width: 1424px) 100vw, 1424px\" \/>Vanda Coelho Bezerra<\/p>\n","protected":false},"excerpt":{"rendered":"<p>PARABENIZAMOS OS ANIVERSARIANTES DE HOJE: Antonella Antunes Soares (3 aninhos) Bruno Falc\u00e3o Elza Capobianco Souza Fernando Bispo J\u00e9ssica Fernanda Luiz Roberto Volpi Priscila Rios Renara Gon\u00e7alves Fonseca Vanda Coelho Bezerra<\/p>\n","protected":false},"author":1,"featured_media":34841,"comment_status":"closed","ping_status":"open","sticky":false,"template":"","format":"standard","meta":{"footnotes":""},"categories":[174],"tags":[],"class_list":["post-34834","post","type-post","status-publish","format-standard","has-post-thumbnail","hentry","category-aniversariantes"],"_links":{"self":[{"href":"https:\/\/jorgezanoni.com.br\/2019\/wp-json\/wp\/v2\/posts\/34834","targetHints":{"allow":["GET"]}}],"collection":[{"href":"https:\/\/jorgezanoni.com.br\/2019\/wp-json\/wp\/v2\/posts"}],"about":[{"href":"https:\/\/jorgezanoni.com.br\/2019\/wp-json\/wp\/v2\/types\/post"}],"author":[{"embeddable":true,"href":"https:\/\/jorgezanoni.com.br\/2019\/wp-json\/wp\/v2\/users\/1"}],"replies":[{"embeddable":true,"href":"https:\/\/jorgezanoni.com.br\/2019\/wp-json\/wp\/v2\/comments?post=34834"}],"version-history":[{"count":0,"href":"https:\/\/jorgezanoni.com.br\/2019\/wp-json\/wp\/v2\/posts\/34834\/revisions"}],"wp:featuredmedia":[{"embeddable":true,"href":"https:\/\/jorgezanoni.com.br\/2019\/wp-json\/wp\/v2\/media\/34841"}],"wp:attachment":[{"href":"https:\/\/jorgezanoni.com.br\/2019\/wp-json\/wp\/v2\/media?parent=34834"}],"wp:term":[{"taxonomy":"category","embeddable":true,"href":"https:\/\/jorgezanoni.com.br\/2019\/wp-json\/wp\/v2\/categories?post=34834"},{"taxonomy":"post_tag","embeddable":true,"href":"https:\/\/jorgezanoni.com.br\/2019\/wp-json\/wp\/v2\/tags?post=34834"}],"curies":[{"name":"wp","href":"https:\/\/api.w.org\/{rel}","templated":true}]}}