{"id":34820,"date":"2020-09-14T11:42:05","date_gmt":"2020-09-14T11:42:05","guid":{"rendered":"https:\/\/jorgezanoni.com.br\/2019\/?p=34820"},"modified":"2020-09-14T11:49:57","modified_gmt":"2020-09-14T11:49:57","slug":"fogo-acabou-com-o-atacadao-veja-cenas-de-um-dos-piores-incendios-em-campo-grande-ms","status":"publish","type":"post","link":"https:\/\/jorgezanoni.com.br\/2019\/fogo-acabou-com-o-atacadao-veja-cenas-de-um-dos-piores-incendios-em-campo-grande-ms\/","title":{"rendered":"Fogo acabou com o Atacad\u00e3o: veja cenas de um dos piores inc\u00eandios em Campo Grande\/MS."},"content":{"rendered":"<p style=\"text-align: justify;\"><strong>Foi o 4\u00ba inc\u00eandio de grandes propor\u00e7\u00f5es em 8 anos na cidade.<\/strong><\/p>\n<p style=\"text-align: justify;\">H\u00e1 3 anos inc\u00eandio grave em com\u00e9rcio de Campo Grande n\u00e3o causava mobiliza\u00e7\u00e3o e preju\u00edzo. O \u00faltimo ocorreu em 2017, em loja de borrachas no Centro da Capital. Mas nem de perto se compara as imagens deste domingo (13). Mesmo sem poder entrar, do lado de fora \u00e9 poss\u00edvel ver a destrui\u00e7\u00e3o total no interior do Atacad\u00e3o da Avenida Duque de Caxias.<\/p>\n<p style=\"text-align: justify;\">Ferro retorcido e estrutura met\u00e1lica a mostra foi o que sobrou de um sal\u00e3o dominado pelas chamas durante quase 6 horas. Na frente, ainda \u00e9 poss\u00edvel ver os carrinhos abandonados pelos clientes com alguns produtos.<\/p>\n<p style=\"text-align: justify;\">Trabalho se concentrou no fundo do pr\u00e9dio, onde teto cedeu (Foto: Nyelder Rodrigues)<br \/>\nParte do teto met\u00e1lico da \u00e1rea dos fundos, onde fica a descarga de produtos, cedeu e est\u00e1 torta.<\/p>\n<p style=\"text-align: justify;\">Al\u00e9m de 11 viaturas e 50 bombeiros, Infraero e Ex\u00e9rcito ajudaram na for\u00e7a-tarefa para debelar o fogo e evitar que casas ao lado fossem atingidas.<\/p>\n<p style=\"text-align: justify;\">Depois de 6 horas de trabalho intenso, o fogo foi controlado, mas as equipes ainda trabalham no local, para resfriar a \u00e1rea e evitar que o inc\u00eandio recomece.<\/p>\n<p style=\"text-align: justify;\">A causa do inc\u00eandio ainda depende de per\u00edcia, mas clientes que estavam no interior da loja registraram o momento em que o fogo come\u00e7ou.<\/p>\n<p style=\"text-align: justify;\">Labaredas enormes surgiram no interior do Atacad\u00e3o \u00a0por volta das 17h. Minutos depois, a fuma\u00e7a preta j\u00e1 era vista a quil\u00f4metros dali. Segundo testemunhas, as chamas come\u00e7aram no alto de prateleiras no setor de limpeza.<\/p>\n<p style=\"text-align: justify;\">O pr\u00e9dio, que estava cheio no momento, foi evacuado, funcion\u00e1rios tentaram combater o fogo, mas com estrutura questionada por clientes que reclamaram de ser usada apenas uma pequena mangueira.<\/p>\n<p style=\"text-align: justify;\">Em uma das grava\u00e7\u00f5es, \u00e9 poss\u00edvel ver que a \u00e1gua que come\u00e7a a esguichar mas logo a press\u00e3o parece enfraquecer diante do fogo que segue intenso.<\/p>\n<p style=\"text-align: justify;\">Logo o inc\u00eandio dominou o pr\u00e9dio que tem 8 anos de funcionamento. Inaugurada em 2012, a unidade do Atacad\u00e3o, na Avenida Duque de Caxias teve \u00e0 \u00e9poca investimento de R$ 34 milh\u00f5es. A loja emprega 287 funcion\u00e1rios de forma direta. Apesar do susto, nem trabalhadores, nem clientes ficaram feridos.<\/p>\n<p style=\"text-align: justify;\">O estoque continha muitas caixas e madeiras, onde eram guardados os produtos, o que piorou ainda mais a situa\u00e7\u00e3o, dando mais material para as chamas ganharem for\u00e7a. A maior preocupa\u00e7\u00e3o era com deposito de \u00f3leo diesel nos fundos, usado para abastecer o gerador do Atacad\u00e3o.<\/p>\n<p style=\"text-align: justify;\">Por isso, a avenida foi bloqueada, assim como os quarteir\u00f5es ao fundo do pr\u00e9dio. O bairro \u00e9 residencial e moradores foram orientados a sair de casa e retirar botij\u00f5es de g\u00e1s para evitar explos\u00f5es com o calor.<\/p>\n<p style=\"text-align: justify;\">Os bombeiros tamb\u00e9m utilizam produto chamado l\u00edquido gerador de espuma, que \u00e9 usado em caso de acidentes a\u00e9reos, que faz temperatura diminuir e consequentemente as chamas.<\/p>\n<p style=\"text-align: justify;\">\u00a0Quem passou pela avenida Duque de Caxias no fim da tarde, ficou chocado com as cenas e registrou o medo diante das chamas.<\/p>\n<p style=\"text-align: justify;\">4\u00ba inc\u00eandio em 8 anos\u00a0&#8211; \u00a0At\u00e9 o fogo deste domingo, o inc\u00eandio na loja Planeta Real era considerado o mais grave da hist\u00f3ria recente Campo Grande. Em maio de 2013, 80 homens do Corpo de Bombeiros trabalharam para conter as chamas na loja da Avenida Afonso Pena.<\/p>\n<p style=\"text-align: justify;\">O Centro parou naquele dia e cerca de 70 mil litros de \u00e1gua foram usados. Todas as mercadorias expostas em mais de 2 mil m\u00b2 queimaram. At\u00e9 a \u00e1rea reservada aos peixes, que eram atra\u00e7\u00e3o no local, acabou com as chamas.<\/p>\n<p style=\"text-align: justify;\">Antes, em dezembro 2012, outro inc\u00eandio de grande propor\u00e7\u00f5es destruiu a loja Atacado Paulist\u00e3o, localizada na Avenida Costa e Silva, Vila Progresso. Em 2007 outra unidade da mesma rede havia pegado fogo na Rui Barbosa.<\/p>\n<p style=\"text-align: justify;\">O inc\u00eandio mais recente ocorreu em junho de 2017, na Casa das Borrachas, na Fernando Corr\u00eaa da Costa.Problema no sistema el\u00e9trico provocou o fogo. Naquele dia o trabalho foi menos complicado, durou cerca de 1 hora, com 28 mil litros de \u00e1gua consumidos.<\/p>\n<p style=\"text-align: justify;\">Outra diferen\u00e7a neste domingo foi a utiliza\u00e7\u00e3o da escada Magirus, com 60 metros de altura. Depois de anos parada, desde mar\u00e7o estava a disposi\u00e7\u00e3o dos bombeiros e lamentavelmente estreou no combate ao fogo no Atacad\u00e3o.<\/p>\n<p style=\"text-align: justify;\">https:\/\/www.campograndenews.com.br\/cidades\/capital\/fogo-acabou-com-o-atacadao-veja-cenas-de-um-dos-piores-incendios-da-capital<\/p>\n<p><img loading=\"lazy\" decoding=\"async\" class=\"alignnone size-full wp-image-34822\" src=\"https:\/\/jorgezanoni.com.br\/2019\/wp-content\/uploads\/2020\/09\/Incendio-Atacadao-Foto-Henrique-Arakaki-1-1536x1024-1.jpg\" alt=\"\" width=\"1536\" height=\"1024\" srcset=\"https:\/\/jorgezanoni.com.br\/2019\/wp-content\/uploads\/2020\/09\/Incendio-Atacadao-Foto-Henrique-Arakaki-1-1536x1024-1.jpg 1536w, https:\/\/jorgezanoni.com.br\/2019\/wp-content\/uploads\/2020\/09\/Incendio-Atacadao-Foto-Henrique-Arakaki-1-1536x1024-1-300x200.jpg 300w, https:\/\/jorgezanoni.com.br\/2019\/wp-content\/uploads\/2020\/09\/Incendio-Atacadao-Foto-Henrique-Arakaki-1-1536x1024-1-1024x683.jpg 1024w, https:\/\/jorgezanoni.com.br\/2019\/wp-content\/uploads\/2020\/09\/Incendio-Atacadao-Foto-Henrique-Arakaki-1-1536x1024-1-768x512.jpg 768w, https:\/\/jorgezanoni.com.br\/2019\/wp-content\/uploads\/2020\/09\/Incendio-Atacadao-Foto-Henrique-Arakaki-1-1536x1024-1-696x464.jpg 696w, https:\/\/jorgezanoni.com.br\/2019\/wp-content\/uploads\/2020\/09\/Incendio-Atacadao-Foto-Henrique-Arakaki-1-1536x1024-1-1068x712.jpg 1068w, https:\/\/jorgezanoni.com.br\/2019\/wp-content\/uploads\/2020\/09\/Incendio-Atacadao-Foto-Henrique-Arakaki-1-1536x1024-1-630x420.jpg 630w\" sizes=\"auto, (max-width: 1536px) 100vw, 1536px\" \/> <img loading=\"lazy\" decoding=\"async\" class=\"alignnone size-full wp-image-34823\" src=\"https:\/\/jorgezanoni.com.br\/2019\/wp-content\/uploads\/2020\/09\/Incendio-Atacadao-Foto-Henrique-Arakaki-3-1536x1024-1.jpg\" alt=\"\" width=\"1536\" height=\"1024\" srcset=\"https:\/\/jorgezanoni.com.br\/2019\/wp-content\/uploads\/2020\/09\/Incendio-Atacadao-Foto-Henrique-Arakaki-3-1536x1024-1.jpg 1536w, https:\/\/jorgezanoni.com.br\/2019\/wp-content\/uploads\/2020\/09\/Incendio-Atacadao-Foto-Henrique-Arakaki-3-1536x1024-1-300x200.jpg 300w, https:\/\/jorgezanoni.com.br\/2019\/wp-content\/uploads\/2020\/09\/Incendio-Atacadao-Foto-Henrique-Arakaki-3-1536x1024-1-1024x683.jpg 1024w, https:\/\/jorgezanoni.com.br\/2019\/wp-content\/uploads\/2020\/09\/Incendio-Atacadao-Foto-Henrique-Arakaki-3-1536x1024-1-768x512.jpg 768w, https:\/\/jorgezanoni.com.br\/2019\/wp-content\/uploads\/2020\/09\/Incendio-Atacadao-Foto-Henrique-Arakaki-3-1536x1024-1-696x464.jpg 696w, https:\/\/jorgezanoni.com.br\/2019\/wp-content\/uploads\/2020\/09\/Incendio-Atacadao-Foto-Henrique-Arakaki-3-1536x1024-1-1068x712.jpg 1068w, https:\/\/jorgezanoni.com.br\/2019\/wp-content\/uploads\/2020\/09\/Incendio-Atacadao-Foto-Henrique-Arakaki-3-1536x1024-1-630x420.jpg 630w\" sizes=\"auto, (max-width: 1536px) 100vw, 1536px\" \/> <img loading=\"lazy\" decoding=\"async\" class=\"alignnone size-full wp-image-34824\" src=\"https:\/\/jorgezanoni.com.br\/2019\/wp-content\/uploads\/2020\/09\/Incendio-Atacadao-Foto-Henrique-Arakaki-4-1536x1024-1.jpg\" alt=\"\" width=\"1536\" height=\"1024\" srcset=\"https:\/\/jorgezanoni.com.br\/2019\/wp-content\/uploads\/2020\/09\/Incendio-Atacadao-Foto-Henrique-Arakaki-4-1536x1024-1.jpg 1536w, https:\/\/jorgezanoni.com.br\/2019\/wp-content\/uploads\/2020\/09\/Incendio-Atacadao-Foto-Henrique-Arakaki-4-1536x1024-1-300x200.jpg 300w, https:\/\/jorgezanoni.com.br\/2019\/wp-content\/uploads\/2020\/09\/Incendio-Atacadao-Foto-Henrique-Arakaki-4-1536x1024-1-1024x683.jpg 1024w, https:\/\/jorgezanoni.com.br\/2019\/wp-content\/uploads\/2020\/09\/Incendio-Atacadao-Foto-Henrique-Arakaki-4-1536x1024-1-768x512.jpg 768w, https:\/\/jorgezanoni.com.br\/2019\/wp-content\/uploads\/2020\/09\/Incendio-Atacadao-Foto-Henrique-Arakaki-4-1536x1024-1-696x464.jpg 696w, https:\/\/jorgezanoni.com.br\/2019\/wp-content\/uploads\/2020\/09\/Incendio-Atacadao-Foto-Henrique-Arakaki-4-1536x1024-1-1068x712.jpg 1068w, https:\/\/jorgezanoni.com.br\/2019\/wp-content\/uploads\/2020\/09\/Incendio-Atacadao-Foto-Henrique-Arakaki-4-1536x1024-1-630x420.jpg 630w\" sizes=\"auto, (max-width: 1536px) 100vw, 1536px\" \/> <img loading=\"lazy\" decoding=\"async\" class=\"alignnone size-full wp-image-34825\" src=\"https:\/\/jorgezanoni.com.br\/2019\/wp-content\/uploads\/2020\/09\/Incendio-Atacadao-Foto-Henrique-Arakaki-5-1536x1024-1.jpg\" alt=\"\" width=\"1536\" height=\"1024\" srcset=\"https:\/\/jorgezanoni.com.br\/2019\/wp-content\/uploads\/2020\/09\/Incendio-Atacadao-Foto-Henrique-Arakaki-5-1536x1024-1.jpg 1536w, https:\/\/jorgezanoni.com.br\/2019\/wp-content\/uploads\/2020\/09\/Incendio-Atacadao-Foto-Henrique-Arakaki-5-1536x1024-1-300x200.jpg 300w, https:\/\/jorgezanoni.com.br\/2019\/wp-content\/uploads\/2020\/09\/Incendio-Atacadao-Foto-Henrique-Arakaki-5-1536x1024-1-1024x683.jpg 1024w, https:\/\/jorgezanoni.com.br\/2019\/wp-content\/uploads\/2020\/09\/Incendio-Atacadao-Foto-Henrique-Arakaki-5-1536x1024-1-768x512.jpg 768w, https:\/\/jorgezanoni.com.br\/2019\/wp-content\/uploads\/2020\/09\/Incendio-Atacadao-Foto-Henrique-Arakaki-5-1536x1024-1-696x464.jpg 696w, https:\/\/jorgezanoni.com.br\/2019\/wp-content\/uploads\/2020\/09\/Incendio-Atacadao-Foto-Henrique-Arakaki-5-1536x1024-1-1068x712.jpg 1068w, https:\/\/jorgezanoni.com.br\/2019\/wp-content\/uploads\/2020\/09\/Incendio-Atacadao-Foto-Henrique-Arakaki-5-1536x1024-1-630x420.jpg 630w\" sizes=\"auto, (max-width: 1536px) 100vw, 1536px\" \/> <img loading=\"lazy\" decoding=\"async\" class=\"alignnone size-full wp-image-34826\" src=\"https:\/\/jorgezanoni.com.br\/2019\/wp-content\/uploads\/2020\/09\/Incendio-Atacadao-Foto-Henrique-Arakaki-6-1536x1024-1.jpg\" alt=\"\" width=\"1536\" height=\"1024\" srcset=\"https:\/\/jorgezanoni.com.br\/2019\/wp-content\/uploads\/2020\/09\/Incendio-Atacadao-Foto-Henrique-Arakaki-6-1536x1024-1.jpg 1536w, https:\/\/jorgezanoni.com.br\/2019\/wp-content\/uploads\/2020\/09\/Incendio-Atacadao-Foto-Henrique-Arakaki-6-1536x1024-1-300x200.jpg 300w, https:\/\/jorgezanoni.com.br\/2019\/wp-content\/uploads\/2020\/09\/Incendio-Atacadao-Foto-Henrique-Arakaki-6-1536x1024-1-1024x683.jpg 1024w, https:\/\/jorgezanoni.com.br\/2019\/wp-content\/uploads\/2020\/09\/Incendio-Atacadao-Foto-Henrique-Arakaki-6-1536x1024-1-768x512.jpg 768w, https:\/\/jorgezanoni.com.br\/2019\/wp-content\/uploads\/2020\/09\/Incendio-Atacadao-Foto-Henrique-Arakaki-6-1536x1024-1-696x464.jpg 696w, https:\/\/jorgezanoni.com.br\/2019\/wp-content\/uploads\/2020\/09\/Incendio-Atacadao-Foto-Henrique-Arakaki-6-1536x1024-1-1068x712.jpg 1068w, https:\/\/jorgezanoni.com.br\/2019\/wp-content\/uploads\/2020\/09\/Incendio-Atacadao-Foto-Henrique-Arakaki-6-1536x1024-1-630x420.jpg 630w\" sizes=\"auto, (max-width: 1536px) 100vw, 1536px\" \/> <img loading=\"lazy\" decoding=\"async\" class=\"alignnone size-full wp-image-34827\" src=\"https:\/\/jorgezanoni.com.br\/2019\/wp-content\/uploads\/2020\/09\/Incendio-Atacadao-Foto-Henrique-Arakaki-7-1536x1024-1.jpg\" alt=\"\" width=\"1536\" height=\"1024\" srcset=\"https:\/\/jorgezanoni.com.br\/2019\/wp-content\/uploads\/2020\/09\/Incendio-Atacadao-Foto-Henrique-Arakaki-7-1536x1024-1.jpg 1536w, https:\/\/jorgezanoni.com.br\/2019\/wp-content\/uploads\/2020\/09\/Incendio-Atacadao-Foto-Henrique-Arakaki-7-1536x1024-1-300x200.jpg 300w, https:\/\/jorgezanoni.com.br\/2019\/wp-content\/uploads\/2020\/09\/Incendio-Atacadao-Foto-Henrique-Arakaki-7-1536x1024-1-1024x683.jpg 1024w, https:\/\/jorgezanoni.com.br\/2019\/wp-content\/uploads\/2020\/09\/Incendio-Atacadao-Foto-Henrique-Arakaki-7-1536x1024-1-768x512.jpg 768w, https:\/\/jorgezanoni.com.br\/2019\/wp-content\/uploads\/2020\/09\/Incendio-Atacadao-Foto-Henrique-Arakaki-7-1536x1024-1-696x464.jpg 696w, https:\/\/jorgezanoni.com.br\/2019\/wp-content\/uploads\/2020\/09\/Incendio-Atacadao-Foto-Henrique-Arakaki-7-1536x1024-1-1068x712.jpg 1068w, https:\/\/jorgezanoni.com.br\/2019\/wp-content\/uploads\/2020\/09\/Incendio-Atacadao-Foto-Henrique-Arakaki-7-1536x1024-1-630x420.jpg 630w\" sizes=\"auto, (max-width: 1536px) 100vw, 1536px\" \/> <img loading=\"lazy\" decoding=\"async\" class=\"alignnone size-full wp-image-34828\" src=\"https:\/\/jorgezanoni.com.br\/2019\/wp-content\/uploads\/2020\/09\/Incendio-Atacadao-Foto-Henrique-Arakaki-10-1536x1024-1.jpg\" alt=\"\" width=\"1536\" height=\"1024\" srcset=\"https:\/\/jorgezanoni.com.br\/2019\/wp-content\/uploads\/2020\/09\/Incendio-Atacadao-Foto-Henrique-Arakaki-10-1536x1024-1.jpg 1536w, https:\/\/jorgezanoni.com.br\/2019\/wp-content\/uploads\/2020\/09\/Incendio-Atacadao-Foto-Henrique-Arakaki-10-1536x1024-1-300x200.jpg 300w, https:\/\/jorgezanoni.com.br\/2019\/wp-content\/uploads\/2020\/09\/Incendio-Atacadao-Foto-Henrique-Arakaki-10-1536x1024-1-1024x683.jpg 1024w, https:\/\/jorgezanoni.com.br\/2019\/wp-content\/uploads\/2020\/09\/Incendio-Atacadao-Foto-Henrique-Arakaki-10-1536x1024-1-768x512.jpg 768w, https:\/\/jorgezanoni.com.br\/2019\/wp-content\/uploads\/2020\/09\/Incendio-Atacadao-Foto-Henrique-Arakaki-10-1536x1024-1-696x464.jpg 696w, https:\/\/jorgezanoni.com.br\/2019\/wp-content\/uploads\/2020\/09\/Incendio-Atacadao-Foto-Henrique-Arakaki-10-1536x1024-1-1068x712.jpg 1068w, https:\/\/jorgezanoni.com.br\/2019\/wp-content\/uploads\/2020\/09\/Incendio-Atacadao-Foto-Henrique-Arakaki-10-1536x1024-1-630x420.jpg 630w\" sizes=\"auto, (max-width: 1536px) 100vw, 1536px\" \/><a class=\"st_tag internal_tag\" title=\"Mais not\u00edcias sobre Inc\u00eandio\" href=\"https:\/\/www.midiamax.com.br\/tag\/incendio\" rel=\"tag\">Inc\u00eandio<\/a>\u00a0de grandes propor\u00e7\u00f5es no\u00a0<a class=\"st_tag internal_tag\" title=\"Mais not\u00edcias sobre Atacad\u00e3o\" href=\"https:\/\/www.midiamax.com.br\/tag\/atacadao\" rel=\"tag\">Atacad\u00e3o<\/a>\u00a0em Campo Grande (Foto Henrique Arakaki)<\/p>\n<p>Fotos: https:\/\/www.midiamax.com.br\/<\/p>\n","protected":false},"excerpt":{"rendered":"<p>Foi o 4\u00ba inc\u00eandio de grandes propor\u00e7\u00f5es em 8 anos na cidade. H\u00e1 3 anos inc\u00eandio grave em com\u00e9rcio de Campo Grande n\u00e3o causava mobiliza\u00e7\u00e3o e preju\u00edzo. O \u00faltimo ocorreu em 2017, em loja de borrachas no Centro da Capital. Mas nem de perto se compara as imagens deste domingo (13). Mesmo sem poder entrar, [&hellip;]<\/p>\n","protected":false},"author":1,"featured_media":34833,"comment_status":"closed","ping_status":"open","sticky":false,"template":"","format":"standard","meta":{"footnotes":""},"categories":[110,2],"tags":[],"class_list":["post-34820","post","type-post","status-publish","format-standard","has-post-thumbnail","hentry","category-noticiasdestaque","category-policial"],"_links":{"self":[{"href":"https:\/\/jorgezanoni.com.br\/2019\/wp-json\/wp\/v2\/posts\/34820","targetHints":{"allow":["GET"]}}],"collection":[{"href":"https:\/\/jorgezanoni.com.br\/2019\/wp-json\/wp\/v2\/posts"}],"about":[{"href":"https:\/\/jorgezanoni.com.br\/2019\/wp-json\/wp\/v2\/types\/post"}],"author":[{"embeddable":true,"href":"https:\/\/jorgezanoni.com.br\/2019\/wp-json\/wp\/v2\/users\/1"}],"replies":[{"embeddable":true,"href":"https:\/\/jorgezanoni.com.br\/2019\/wp-json\/wp\/v2\/comments?post=34820"}],"version-history":[{"count":0,"href":"https:\/\/jorgezanoni.com.br\/2019\/wp-json\/wp\/v2\/posts\/34820\/revisions"}],"wp:featuredmedia":[{"embeddable":true,"href":"https:\/\/jorgezanoni.com.br\/2019\/wp-json\/wp\/v2\/media\/34833"}],"wp:attachment":[{"href":"https:\/\/jorgezanoni.com.br\/2019\/wp-json\/wp\/v2\/media?parent=34820"}],"wp:term":[{"taxonomy":"category","embeddable":true,"href":"https:\/\/jorgezanoni.com.br\/2019\/wp-json\/wp\/v2\/categories?post=34820"},{"taxonomy":"post_tag","embeddable":true,"href":"https:\/\/jorgezanoni.com.br\/2019\/wp-json\/wp\/v2\/tags?post=34820"}],"curies":[{"name":"wp","href":"https:\/\/api.w.org\/{rel}","templated":true}]}}