{"id":34811,"date":"2020-09-13T14:42:58","date_gmt":"2020-09-13T14:42:58","guid":{"rendered":"https:\/\/jorgezanoni.com.br\/2019\/?p=34811"},"modified":"2020-09-13T14:42:58","modified_gmt":"2020-09-13T14:42:58","slug":"celia-brandani-e-candidata-ao-cargo-de-prefeito-tendo-ulysses-panes-como-vice","status":"publish","type":"post","link":"https:\/\/jorgezanoni.com.br\/2019\/celia-brandani-e-candidata-ao-cargo-de-prefeito-tendo-ulysses-panes-como-vice\/","title":{"rendered":"C\u00e9lia Brandani \u00e9 candidata ao cargo de prefeito, tendo Ulysses Panes como vice"},"content":{"rendered":"<p style=\"text-align: justify;\"><b>C\u00e9lia e Ulysses foram homologados em conven\u00e7\u00e3o, neste domingo pela manh\u00e3.<\/b><\/p>\n<p style=\"font-weight: 400; text-align: justify;\">A terceira conven\u00e7\u00e3o partid\u00e1ria de Dracena foi realizada neste domingo, sendo a primeira para indica\u00e7\u00e3o de prefeito e vice. Os partidos PT e PDT apresentaram C\u00e9lia Regina Brandani para prefeita e Ulysses Panes Moreno para vice-prefeito. Ambos s\u00e3o do PT. A coliga\u00e7\u00e3o ter\u00e1 o nome de \u201cSomos tod@s Dracena\u201d. Os dois partidos v\u00e3o lan\u00e7ar em torno de 15 candidatos a vereador, sendo que algumas candidaturas s\u00e3o coletivas.<\/p>\n<p style=\"text-align: justify;\">C\u00e9lia Brandani \u00e9 aposentada da Caixa Federal e foi vice-prefeita no per\u00edodo de 2013 a 2016. J\u00e1 disputou elei\u00e7\u00f5es de deputada estadual e vereadora e presidiu o partido em Dracena. Ulysses Panes \u00e9 funcion\u00e1rio concursado da Fundec e preside o partido em Dracena.<\/p>\n<p style=\"text-align: justify;\">As pr\u00f3ximas conven\u00e7\u00f5es ocorrem na segunda e quarta-feira, com a possibilidade de Dracena contar com at\u00e9 seis candidaturas a prefeito.<\/p>\n<p>Fonte: Bastidores da Not\u00edcia<\/p>\n","protected":false},"excerpt":{"rendered":"<p>C\u00e9lia e Ulysses foram homologados em conven\u00e7\u00e3o, neste domingo pela manh\u00e3. A terceira conven\u00e7\u00e3o partid\u00e1ria de Dracena foi realizada neste domingo, sendo a primeira para indica\u00e7\u00e3o de prefeito e vice. Os partidos PT e PDT apresentaram C\u00e9lia Regina Brandani para prefeita e Ulysses Panes Moreno para vice-prefeito. Ambos s\u00e3o do PT. A coliga\u00e7\u00e3o ter\u00e1 o [&hellip;]<\/p>\n","protected":false},"author":1,"featured_media":34812,"comment_status":"closed","ping_status":"open","sticky":false,"template":"","format":"standard","meta":{"footnotes":""},"categories":[110,116],"tags":[],"class_list":["post-34811","post","type-post","status-publish","format-standard","has-post-thumbnail","hentry","category-noticiasdestaque","category-politicaeeconomia"],"_links":{"self":[{"href":"https:\/\/jorgezanoni.com.br\/2019\/wp-json\/wp\/v2\/posts\/34811","targetHints":{"allow":["GET"]}}],"collection":[{"href":"https:\/\/jorgezanoni.com.br\/2019\/wp-json\/wp\/v2\/posts"}],"about":[{"href":"https:\/\/jorgezanoni.com.br\/2019\/wp-json\/wp\/v2\/types\/post"}],"author":[{"embeddable":true,"href":"https:\/\/jorgezanoni.com.br\/2019\/wp-json\/wp\/v2\/users\/1"}],"replies":[{"embeddable":true,"href":"https:\/\/jorgezanoni.com.br\/2019\/wp-json\/wp\/v2\/comments?post=34811"}],"version-history":[{"count":0,"href":"https:\/\/jorgezanoni.com.br\/2019\/wp-json\/wp\/v2\/posts\/34811\/revisions"}],"wp:featuredmedia":[{"embeddable":true,"href":"https:\/\/jorgezanoni.com.br\/2019\/wp-json\/wp\/v2\/media\/34812"}],"wp:attachment":[{"href":"https:\/\/jorgezanoni.com.br\/2019\/wp-json\/wp\/v2\/media?parent=34811"}],"wp:term":[{"taxonomy":"category","embeddable":true,"href":"https:\/\/jorgezanoni.com.br\/2019\/wp-json\/wp\/v2\/categories?post=34811"},{"taxonomy":"post_tag","embeddable":true,"href":"https:\/\/jorgezanoni.com.br\/2019\/wp-json\/wp\/v2\/tags?post=34811"}],"curies":[{"name":"wp","href":"https:\/\/api.w.org\/{rel}","templated":true}]}}