{"id":34808,"date":"2020-09-13T14:29:57","date_gmt":"2020-09-13T14:29:57","guid":{"rendered":"https:\/\/jorgezanoni.com.br\/2019\/?p=34808"},"modified":"2020-09-13T14:29:57","modified_gmt":"2020-09-13T14:29:57","slug":"comunicado-da-gerencia-do-banco-itau-de-dracena","status":"publish","type":"post","link":"https:\/\/jorgezanoni.com.br\/2019\/comunicado-da-gerencia-do-banco-itau-de-dracena\/","title":{"rendered":"Comunicado da ger\u00eancia do Banco Ita\u00fa de Dracena"},"content":{"rendered":"<p style=\"text-align: justify;\">Prezados clientes. \ud83d\ude4f\ud83c\udffc<\/p>\n<p style=\"text-align: justify;\">Eu, Andr\u00e9 Gerente Geral estou aqui para informar a voc\u00eas, que nesta segunda e ter\u00e7a-feira, a unidade 0596 Dracena estar\u00e1 passando por higieniza\u00e7\u00e3o total do pr\u00e9dio, seguindo todos os protocolos de sa\u00fade.<\/p>\n<p style=\"text-align: justify;\">Por esse motivo os caixas eletr\u00f4nicos N\u00c3O estar\u00e3o em funcionamento, para aqueles que precisarem realizar dep\u00f3sitos se antecipar neste domingo.<\/p>\n<p style=\"text-align: justify;\">Para saques nesta segunda e ter\u00e7a-feira, de conta corrente ou poupan\u00e7a orientamos a utiliza\u00e7\u00e3o do caixa eletr\u00f4nico 24 horas, que se localiza no posto da pra\u00e7a.<\/p>\n<p style=\"text-align: justify;\">Priorizar as transa\u00e7\u00f5es via cart\u00e3o de d\u00e9bito, tanto da conta corrente, poupan\u00e7a, jur\u00eddica e INSS para compras ou opera\u00e7\u00f5es de transfer\u00eancias via canais digitais.<\/p>\n<p style=\"text-align: justify;\">O fechamento \u00e9 importante devido aos produtos que ser\u00e3o utilizados, assim ningu\u00e9m poder\u00e1 ter acesso.<\/p>\n<p style=\"text-align: justify;\">Pedimos desculpas pelos transtornos causados , mas sempre colocaremos a sa\u00fade de todos em primeiro lugar.<\/p>\n<p style=\"text-align: justify;\">Desejo a cada um de voc\u00eas muita sa\u00fade, fiquem com Deus e um \u00f3timo final semana.<\/p>\n<p style=\"text-align: justify;\">Abra\u00e7o a todos, estou a disposi\u00e7\u00e3o para eventuais d\u00favidas.<\/p>\n","protected":false},"excerpt":{"rendered":"<p>Prezados clientes. \ud83d\ude4f\ud83c\udffc Eu, Andr\u00e9 Gerente Geral estou aqui para informar a voc\u00eas, que nesta segunda e ter\u00e7a-feira, a unidade 0596 Dracena estar\u00e1 passando por higieniza\u00e7\u00e3o total do pr\u00e9dio, seguindo todos os protocolos de sa\u00fade. Por esse motivo os caixas eletr\u00f4nicos N\u00c3O estar\u00e3o em funcionamento, para aqueles que precisarem realizar dep\u00f3sitos se antecipar neste domingo. [&hellip;]<\/p>\n","protected":false},"author":1,"featured_media":34809,"comment_status":"closed","ping_status":"open","sticky":false,"template":"","format":"standard","meta":{"footnotes":""},"categories":[110,116],"tags":[],"class_list":["post-34808","post","type-post","status-publish","format-standard","has-post-thumbnail","hentry","category-noticiasdestaque","category-politicaeeconomia"],"_links":{"self":[{"href":"https:\/\/jorgezanoni.com.br\/2019\/wp-json\/wp\/v2\/posts\/34808","targetHints":{"allow":["GET"]}}],"collection":[{"href":"https:\/\/jorgezanoni.com.br\/2019\/wp-json\/wp\/v2\/posts"}],"about":[{"href":"https:\/\/jorgezanoni.com.br\/2019\/wp-json\/wp\/v2\/types\/post"}],"author":[{"embeddable":true,"href":"https:\/\/jorgezanoni.com.br\/2019\/wp-json\/wp\/v2\/users\/1"}],"replies":[{"embeddable":true,"href":"https:\/\/jorgezanoni.com.br\/2019\/wp-json\/wp\/v2\/comments?post=34808"}],"version-history":[{"count":0,"href":"https:\/\/jorgezanoni.com.br\/2019\/wp-json\/wp\/v2\/posts\/34808\/revisions"}],"wp:featuredmedia":[{"embeddable":true,"href":"https:\/\/jorgezanoni.com.br\/2019\/wp-json\/wp\/v2\/media\/34809"}],"wp:attachment":[{"href":"https:\/\/jorgezanoni.com.br\/2019\/wp-json\/wp\/v2\/media?parent=34808"}],"wp:term":[{"taxonomy":"category","embeddable":true,"href":"https:\/\/jorgezanoni.com.br\/2019\/wp-json\/wp\/v2\/categories?post=34808"},{"taxonomy":"post_tag","embeddable":true,"href":"https:\/\/jorgezanoni.com.br\/2019\/wp-json\/wp\/v2\/tags?post=34808"}],"curies":[{"name":"wp","href":"https:\/\/api.w.org\/{rel}","templated":true}]}}