{"id":34778,"date":"2020-09-13T01:58:10","date_gmt":"2020-09-13T01:58:10","guid":{"rendered":"https:\/\/jorgezanoni.com.br\/2019\/?p=34778"},"modified":"2020-09-13T01:58:10","modified_gmt":"2020-09-13T01:58:10","slug":"eleicoes-2020-conheca-regras-e-saiba-o-que-candidato-e-eleitor-podem-e-nao-podem-fazer","status":"publish","type":"post","link":"https:\/\/jorgezanoni.com.br\/2019\/eleicoes-2020-conheca-regras-e-saiba-o-que-candidato-e-eleitor-podem-e-nao-podem-fazer\/","title":{"rendered":"Elei\u00e7\u00f5es 2020: conhe\u00e7a regras e saiba o que candidato e eleitor podem e n\u00e3o podem fazer"},"content":{"rendered":"<h2 class=\"content-head__subtitle\" style=\"text-align: justify;\"><strong>Pandemia de Covid-19 levou Congresso a mudar datas da elei\u00e7\u00e3o, inicialmente programada para outubro. Primeiro turno ser\u00e1 em 15 de novembro e o segundo, dia 29, duas semanas depois.<\/strong><\/h2>\n<div class=\"mc-column content-text active-extra-styles active-capital-letter\" data-block-type=\"unstyled\" data-block-weight=\"48\" data-block-id=\"1\">\n<p class=\"content-text__container theme-color-primary-first-letter\" style=\"text-align: justify;\" data-track-category=\"Link no Texto\" data-track-links=\"\">Pouco mais de 147,9 milh\u00f5es de eleitores estar\u00e3o aptos a\u00a0<a href=\"https:\/\/g1.globo.com\/politica\/eleicoes\/2020\/\">comparecer \u00e0s urnas<\/a>\u00a0nos pr\u00f3ximos dia 15 (primeiro turno) e 29 (segundo turno) de novembro para escolher 5.568 prefeitos, 5.568 vice-prefeitos e 57.942 vereadores em todo o Brasil, segundo informa\u00e7\u00f5es da Corregedoria do\u00a0<a href=\"https:\/\/g1.globo.com\/tudo-sobre\/tribunal-superior-eleitoral\/\">Tribunal Superior Eleitoral (TSE)<\/a>.<\/p>\n<\/div>\n<div class=\"wall protected-content\">\n<div class=\"mc-column content-text active-extra-styles \" style=\"text-align: justify;\" data-block-type=\"unstyled\" data-block-weight=\"37\" data-block-id=\"2\">\n<p class=\"content-text__container \" data-track-category=\"Link no Texto\" data-track-links=\"\">Noventa e cinco cidades t\u00eam mais de 200 mil eleitores e, por esse motivo, poder\u00e3o ter segundo turno para defini\u00e7\u00e3o do prefeito se, no primeiro, nenhum dos candidatos obtiver maioria absoluta (mais da metade dos votos v\u00e1lidos).<\/p>\n<\/div>\n<div class=\"mc-column content-text active-extra-styles \" data-block-type=\"unstyled\" data-block-weight=\"22\" data-block-id=\"3\">\n<p class=\"content-text__container \" style=\"text-align: justify;\" data-track-category=\"Link no Texto\" data-track-links=\"\">O tribunal estima que 750 mil candidatos disputar\u00e3o as vagas de prefeito e vereador \u2014 n\u00e3o h\u00e1 elei\u00e7\u00f5es municipais no Distrito Federal.<\/p>\n<div class=\"mc-column content-text active-extra-styles \" style=\"text-align: justify;\" data-block-type=\"unstyled\" data-block-weight=\"36\" data-block-id=\"5\">\n<p class=\"content-text__container \" data-track-category=\"Link no Texto\" data-track-links=\"\">Pelo calend\u00e1rio original da Justi\u00e7a Eleitoral, o primeiro turno estava marcado para 4 de outubro e o segundo, para 25 de outubro. Mas, em raz\u00e3o da pandemia da Covid-19, o\u00a0<a href=\"https:\/\/g1.globo.com\/politica\/eleicoes\/2020\/noticia\/2020\/07\/02\/congresso-promulga-emenda-constitucional-que-adia-eleicoes-municipais-para-novembro.ghtml\">Congresso Nacional decidiu adiar o pleito<\/a>.<\/p>\n<\/div>\n<div class=\"mc-column content-text active-extra-styles\" style=\"text-align: justify;\" data-block-type=\"raw\" data-block-weight=\"6\" data-block-id=\"6\">\n<ul class=\"content-unordered-list\">\n<li><a href=\"https:\/\/g1.globo.com\/politica\/eleicoes\/2020\/noticia\/2020\/07\/02\/eleicoes-2020-datas-do-calendario-eleitoral.ghtml\">Elei\u00e7\u00f5es 2020: datas do calend\u00e1rio eleitoral<\/a><\/li>\n<\/ul>\n<\/div>\n<div class=\"mc-column content-text active-extra-styles \" style=\"text-align: justify;\" data-block-type=\"unstyled\" data-block-weight=\"25\" data-block-id=\"7\">\n<p class=\"content-text__container \" data-track-category=\"Link no Texto\" data-track-links=\"\">Ser\u00e1 a primeira elei\u00e7\u00e3o em que os partidos n\u00e3o poder\u00e3o fazer alian\u00e7as para disputar as vagas nas c\u00e2maras municipais \u2013 somente para as prefeituras.<\/p>\n<\/div>\n<div class=\"mc-column content-text active-extra-styles \" style=\"text-align: justify;\" data-block-type=\"unstyled\" data-block-weight=\"12\" data-block-id=\"8\">\n<p class=\"content-text__container \" data-track-category=\"Link no Texto\" data-track-links=\"\">Veja abaixo quais regras valer\u00e3o para as elei\u00e7\u00f5es municipais de 2020.<\/p>\n<\/div>\n<div class=\"mc-column content-text active-extra-styles\" style=\"text-align: justify;\" data-block-type=\"raw\" data-block-weight=\"3\" data-block-id=\"9\">\n<div class=\"content-intertitle\">\n<h2>Data da elei\u00e7\u00e3o<\/h2>\n<\/div>\n<\/div>\n<div class=\"mc-column content-text active-extra-styles\" data-block-type=\"raw\" data-block-weight=\"12\" data-block-id=\"10\">\n<ul class=\"content-unordered-list\" style=\"text-align: justify;\">\n<li><strong>Primeiro turno<\/strong>: 15 de novembro<\/li>\n<li><strong>Segundo turno<\/strong>\u00a0(onde houver): 29 de novembro<\/li>\n<\/ul>\n<div class=\"mc-column content-text active-extra-styles\" style=\"text-align: justify;\" data-block-type=\"raw\" data-block-weight=\"3\" data-block-id=\"12\">\n<div class=\"content-intertitle\">\n<h2>Cargos em disputa<\/h2>\n<\/div>\n<\/div>\n<div class=\"mc-column content-text active-extra-styles\" style=\"text-align: justify;\" data-block-type=\"raw\" data-block-weight=\"3\" data-block-id=\"13\">\n<ul class=\"content-unordered-list\">\n<li><strong>Prefeito<\/strong><\/li>\n<li><strong>Vice-prefeito<\/strong><\/li>\n<li><strong>Vereador<\/strong><\/li>\n<\/ul>\n<\/div>\n<div class=\"mc-column content-text active-extra-styles\" style=\"text-align: justify;\" data-block-type=\"raw\" data-block-weight=\"1\" data-block-id=\"14\">\n<div class=\"content-intertitle\">\n<h2>Coliga\u00e7\u00f5es<\/h2>\n<\/div>\n<\/div>\n<div class=\"mc-column content-text active-extra-styles\" style=\"text-align: justify;\" data-block-type=\"raw\" data-block-weight=\"32\" data-block-id=\"15\">\n<ul class=\"content-unordered-list\">\n<li><strong>Candidatos a prefeito &#8211;<\/strong>\u00a0podem formar coliga\u00e7\u00f5es (alian\u00e7as) com outros partidos para disputar as elei\u00e7\u00f5es.<\/li>\n<li><strong>Candidatos a vereador &#8211;<\/strong>\u00a0coliga\u00e7\u00f5es est\u00e3o proibidas para as elei\u00e7\u00f5es proporcionais (na elei\u00e7\u00e3o deste ano, para vereadores).<\/li>\n<\/ul>\n<\/div>\n<div class=\"mc-column content-text active-extra-styles\" style=\"text-align: justify;\" data-block-type=\"raw\" data-block-weight=\"1\" data-block-id=\"16\">\n<div class=\"content-intertitle\">\n<h2>Candidaturas<\/h2>\n<\/div>\n<\/div>\n<div class=\"mc-column content-text active-extra-styles\" style=\"text-align: justify;\" data-block-type=\"raw\" data-block-weight=\"40\" data-block-id=\"17\">\n<ul class=\"content-unordered-list\">\n<li><strong>Cota &#8211;<\/strong>\u00a0Cada partido dever\u00e1 reservar a cota m\u00ednima de 30% para mulheres filiadas concorrerem na elei\u00e7\u00e3o.<\/li>\n<li><strong>Idade m\u00ednima &#8211;<\/strong>\u00a0A idade m\u00ednima para se eleger \u00e9 de 21 anos para prefeito ou vice-prefeito e de 18 anos para vereador.<\/li>\n<\/ul>\n<\/div>\n<div class=\"mc-column content-text active-extra-styles\" style=\"text-align: justify;\" data-block-type=\"raw\" data-block-weight=\"3\" data-block-id=\"18\">\n<div class=\"content-intertitle\">\n<h2>Gastos de campanha<\/h2>\n<\/div>\n<\/div>\n<div class=\"mc-column content-text active-extra-styles\" style=\"text-align: justify;\" data-block-type=\"raw\" data-block-weight=\"189\" data-block-id=\"19\">\n<ul class=\"content-unordered-list\">\n<li><strong>Limites de gasto da campanha &#8211;<\/strong>\u00a0As despesas de campanha devem respeitar um limite, que varia conforme o cargo disputado, a cidade e o turno da elei\u00e7\u00e3o. O candidato que descumprir o teto estar\u00e1 sujeito \u00e0 multa e poder\u00e1 responder por abuso do poder econ\u00f4mico. Esses limites s\u00e3o iguais aos de 2016, corrigidos pela infla\u00e7\u00e3o, medida pelo \u00cdndice de Pre\u00e7os ao Consumidor Amplo (IPCA). S\u00e3o Paulo \u00e9 a cidade com o maior limite de despesas \u2014 quase R$ 51,8 milh\u00f5es para campanha de prefeito no primeiro turno e R$ 20,7 milh\u00f5es no segundo turno; e R$ 3,6 milh\u00f5es nas campanhas para vereador.<\/li>\n<li><strong>Autofinanciamento &#8211;<\/strong>\u00a0O candidato poder\u00e1 usar recursos pr\u00f3prios para se autofinanciar em at\u00e9 10% do limite de gasto para o cargo.<\/li>\n<li><strong>Doa\u00e7\u00f5es &#8211;<\/strong>\u00a0Somente pessoas f\u00edsicas podem fazer doa\u00e7\u00f5es para campanhas eleitorais. As doa\u00e7\u00f5es s\u00e3o limitadas a 10% da renda bruta do doador no ano de 2019.<\/li>\n<li><strong>Arrecada\u00e7\u00e3o pela internet &#8211;<\/strong>\u00a0Os candidatos poder\u00e3o fazer arrecada\u00e7\u00e3o de recursos pela internet, por meio de cart\u00e3o de cr\u00e9dito ou de d\u00e9bito. O doador ser\u00e1 identificado pelo nome e pelo CPF. Para cada doa\u00e7\u00e3o realizada, ser\u00e1 emitido um recibo eleitoral.<\/li>\n<\/ul>\n<\/div>\n<div class=\"mc-column content-text active-extra-styles\" style=\"text-align: justify;\" data-block-type=\"raw\" data-block-weight=\"2\" data-block-id=\"20\">\n<div class=\"content-intertitle\">\n<h2>Propaganda eleitoral<\/h2>\n<\/div>\n<\/div>\n<div class=\"mc-column content-text active-extra-styles\" data-block-type=\"raw\" data-block-weight=\"741\" data-block-id=\"21\">\n<ul class=\"content-unordered-list\" style=\"text-align: justify;\">\n<li><strong>Data de in\u00edcio &#8211;<\/strong>\u00a0A propaganda eleitoral, inclusive na internet, \u00e9 permitida a partir de 27 de setembro.<\/li>\n<li><strong>Caminhada e carreata &#8211;<\/strong>\u00a0De 27 de setembro at\u00e9 as 22h de 14 de novembro, poder\u00e1 haver distribui\u00e7\u00e3o de material gr\u00e1fico, caminhada, carreata ou passeata, acompanhadas ou n\u00e3o por carro de som ou minitrio.<\/li>\n<li><strong>Propaganda na internet &#8211;<\/strong>\u00a0\u00c9 permitido fazer campanha na internet por meio de blogs, redes sociais e sites.<\/li>\n<li><strong>Impulsionamento de conte\u00fado na internet &#8211;<\/strong>\u00a0Somente partidos, coliga\u00e7\u00f5es ou candidatos podem fazer impulsionamento de conte\u00fado, que \u00e9 o uso de ferramentas oferecidas por plataformas ou redes sociais para difundir o conte\u00fado a mais usu\u00e1rios e, assim, ter maior alcance. \u00c9 vedada a utiliza\u00e7\u00e3o de impulsionamento de conte\u00fados e ferramentas digitais n\u00e3o disponibilizadas pelo provedor da aplica\u00e7\u00e3o de internet, ainda que gratuitas. N\u00e3o \u00e9 permitido tamb\u00e9m contratar impulsionamento para propaganda negativa, como cr\u00edticas e ataques a advers\u00e1rios. Empresas e eleitores n\u00e3o podem fazer impulsionamento de conte\u00fado. Tanto candidatos e partidos quanto eleitores est\u00e3o proibidos de contratar servi\u00e7o de disparo em massa de conte\u00fado.<\/li>\n<li><strong>Telemarketing &#8211;<\/strong>\u00a0\u00c9 vedada a realiza\u00e7\u00e3o de propaganda via telemarketing em qualquer hor\u00e1rio, bem como por meio de disparo em massa de mensagens instant\u00e2neas sem anu\u00eancia do destinat\u00e1rio.<\/li>\n<li><strong>Propaganda no r\u00e1dio e na TV &#8211;<\/strong>\u00a0Propaganda eleitoral gratuita no r\u00e1dio e na televis\u00e3o referente ao primeiro turno ser\u00e1 veiculada de 9 de outubro a 12 de novembro. \u00c9 proibido qualquer tipo de propaganda eleitoral paga no r\u00e1dio e na televis\u00e3o.<\/li>\n<li><strong>Propaganda &#8216;cinematogr\u00e1fica&#8217; &#8211;<\/strong>\u00a0Na propaganda eleitoral de TV e r\u00e1dio, n\u00e3o podem ser usados efeitos especiais, montagens, trucagens, computa\u00e7\u00e3o gr\u00e1fica e desenhos animados.<\/li>\n<li><strong>Propaganda eleitoral na imprensa &#8211;\u00a0<\/strong>S\u00e3o permitidas, de 27 de setembro at\u00e9 a antev\u00e9spera das elei\u00e7\u00f5es (dia 13 de novembro), a divulga\u00e7\u00e3o paga, na imprensa escrita, e a reprodu\u00e7\u00e3o na internet do jornal impresso.<\/li>\n<li><strong>Ofensa \u00e0 honra ou \u00e0 imagem &#8211;<\/strong>\u00a0\u00c9 crime a contrata\u00e7\u00e3o direta ou indireta de grupo de pessoas para enviar mensagens ou fazer coment\u00e1rios na internet para ofender a honra ou a imagem de candidato, partido ou coliga\u00e7\u00e3o. Tamb\u00e9m incorre em crime quem for contratado para fazer isso.<\/li>\n<li><strong>Propaganda proibida na rua &#8211;<\/strong>\u00a0\u00c9 proibido fazer propaganda de qualquer natureza (incluindo pinturas, placas, faixas, cavaletes e bonecos) em locais como cinemas, clubes, lojas, centros comerciais, templos, gin\u00e1sios e est\u00e1dios, ainda que de propriedade privada. A proibi\u00e7\u00e3o se estende a postes de ilumina\u00e7\u00e3o p\u00fablica, sinaliza\u00e7\u00e3o de tr\u00e1fego, viadutos, passarelas, pontes e paradas de \u00f4nibus, \u00e1rvores, muros e cercas.<\/li>\n<li><strong>Propaganda permitida na rua &#8211;<\/strong>\u00a0\u00c9 permitido colocar bandeiras na rua, desde que n\u00e3o atrapalhem o tr\u00e2nsito de pessoas e ve\u00edculos, no per\u00edodo entre 6h e 22h. Tamb\u00e9m \u00e9 permitido colar adesivo (de 50 cm x 50 cm) em carros, motos, caminh\u00f5es, bicicletas e janelas residenciais.<\/li>\n<li><strong>Propaganda em ve\u00edculos &#8211;<\/strong>\u00a0&#8220;Envelopar&#8221; o carro (cobri-lo totalmente com adesivo) com propaganda eleitoral est\u00e1 proibido. No m\u00e1ximo, poder\u00e1 ser adesivado o para-brisa traseiro, desde que o adesivo seja microperfurado, ou colocar em outras posi\u00e7\u00f5es adesivos que n\u00e3o passem de meio metro quadrado.<\/li>\n<li><strong>Distribui\u00e7\u00e3o de brindes &#8211;<\/strong>\u00a0Durante a campanha eleitoral, \u00e9 vedado ao candidato ou comit\u00ea confeccionar e distribuir aos eleitores camisetas, chaveiros, bon\u00e9s, canetas, brindes, cestas b\u00e1sicas ou outros bens.<\/li>\n<li><strong>Outdoor &#8211;\u00a0<\/strong>\u00c9 vedada a propaganda eleitoral em outdoors, inclusive eletr\u00f4nicos.<\/li>\n<li><strong>Alto-falantes &#8211;\u00a0<\/strong>O uso de alto-falantes ou amplificadores de som \u00e9 permitido de 27 de setembro a 14 de novembro entre 8h e 22h. Por\u00e9m, os equipamentos n\u00e3o podem ser usados a menos de 200 metros de locais como as sedes dos Poderes Executivo e Legislativo, quart\u00e9is e hospitais, al\u00e9m de escolas, bibliotecas p\u00fablicas, igrejas e teatros (quando em funcionamento).<\/li>\n<li><strong>Cabos eleitorais &#8211;<\/strong>\u00a0A contrata\u00e7\u00e3o de cabo eleitoral \u00e9 permitida, mas respeitando alguns crit\u00e9rios conforme a quantidade de eleitores no munic\u00edpio.<\/li>\n<li><strong>Com\u00edcios &#8211;<\/strong>\u00a0A realiza\u00e7\u00e3o de com\u00edcios e o uso de aparelhos de som ser\u00e3o permitidos de 27 de setembro a 12 de novembro entre 8h e a meia-noite, exceto o com\u00edcio de encerramento da campanha, que poder\u00e1 prosseguir at\u00e9 as 2h da manh\u00e3.<\/li>\n<li><strong>Trio el\u00e9trico &#8211;<\/strong>\u00a0\u00c9 proibido o uso de trios el\u00e9tricos em campanhas, exceto para a sonoriza\u00e7\u00e3o de com\u00edcios. A circula\u00e7\u00e3o de carros de som e minitrios \u00e9 permitida em com\u00edcios, passeatas, carreatas e caminhadas, mas desde que observado o limite de 80 decib\u00e9is, medido a sete metros de dist\u00e2ncia do ve\u00edculo.<\/li>\n<li><strong>Showm\u00edcio &#8211;<\/strong>\u00a0\u00c9 proibida a realiza\u00e7\u00e3o de showm\u00edcio para promo\u00e7\u00e3o de candidatos, assim como a apresenta\u00e7\u00e3o, remunerada ou n\u00e3o, de artistas com a finalidade de animar com\u00edcio e reuni\u00e3o eleitoral.<\/li>\n<\/ul>\n<div class=\"mc-column content-text active-extra-styles\" style=\"text-align: justify;\" data-block-type=\"raw\" data-block-weight=\"1\" data-block-id=\"23\">\n<div class=\"content-intertitle\">\n<h2>Eleitor<\/h2>\n<\/div>\n<\/div>\n<div class=\"mc-column content-text active-extra-styles\" style=\"text-align: justify;\" data-block-type=\"raw\" data-block-weight=\"67\" data-block-id=\"24\">\n<ul class=\"content-unordered-list\">\n<li><strong>O que pode usar &#8211;<\/strong>\u00a0\u00c9 permitido a qualquer tempo o uso pelo eleitor de bandeiras, broches, adesivos, camisetas e outros adornos semelhantes como forma de manifestar prefer\u00eancia por partido pol\u00edtico ou candidato.<\/li>\n<li><strong>Pris\u00e3o &#8211;<\/strong>\u00a0A partir de 10 de novembro, nenhum eleitor poder\u00e1 ser preso ou detido, salvo em flagrante delito, ou em virtude de senten\u00e7a criminal condenat\u00f3ria por crime inafian\u00e7\u00e1vel, ou por desrespeito a salvo-conduto.<\/li>\n<\/ul>\n<\/div>\n<div class=\"mc-column content-text active-extra-styles\" style=\"text-align: justify;\" data-block-type=\"raw\" data-block-weight=\"1\" data-block-id=\"25\">\n<div class=\"content-intertitle\">\n<h2>Debates<\/h2>\n<\/div>\n<\/div>\n<div class=\"mc-column content-text active-extra-styles\" style=\"text-align: justify;\" data-block-type=\"raw\" data-block-weight=\"58\" data-block-id=\"26\">\n<ul class=\"content-unordered-list\">\n<li><strong>Crit\u00e9rio &#8211;<\/strong>\u00a0\u00c9 permitida a realiza\u00e7\u00e3o de debates promovidos por r\u00e1dios ou canais de televis\u00e3o, sendo assegurada a participa\u00e7\u00e3o de candidatos dos partidos com representa\u00e7\u00e3o no Congresso Nacional, de, no m\u00ednimo, cinco parlamentares.<\/li>\n<li><strong>Prazos &#8211;<\/strong>\u00a0Dia 12 de novembro \u00e9 o \u00faltimo dia para a realiza\u00e7\u00e3o dos debates, admitida a extens\u00e3o at\u00e9 as 7h de 13 de novembro.<\/li>\n<\/ul>\n<\/div>\n<div class=\"mc-column content-text active-extra-styles\" style=\"text-align: justify;\" data-block-type=\"raw\" data-block-weight=\"3\" data-block-id=\"27\">\n<div class=\"content-intertitle\">\n<h2>V\u00e9spera da elei\u00e7\u00e3o<\/h2>\n<\/div>\n<\/div>\n<div class=\"mc-column content-text active-extra-styles\" style=\"text-align: justify;\" data-block-type=\"raw\" data-block-weight=\"67\" data-block-id=\"28\">\n<ul class=\"content-unordered-list\">\n<li><strong>Atividades permitidas &#8211;<\/strong>\u00a0At\u00e9 as 22h de 14 de novembro, pode haver distribui\u00e7\u00e3o de material gr\u00e1fico, caminhada, carreata, passeata ou carro de som.<\/li>\n<li><strong>\u2018Santinhos\u2019 &#8211;\u00a0<\/strong>Jogar no ch\u00e3o \u201csantinhos\u201d ou material de propaganda no local de vota\u00e7\u00e3o ou nas vias pr\u00f3ximas, ainda que na v\u00e9spera da elei\u00e7\u00e3o, configura propaganda irregular, sujeitando-se o infrator a multa. O candidato beneficiado que tiver conhecimento da pr\u00e1tica tamb\u00e9m poder\u00e1 ser punido.<\/li>\n<\/ul>\n<\/div>\n<div class=\"mc-column content-text active-extra-styles\" style=\"text-align: justify;\" data-block-type=\"raw\" data-block-weight=\"3\" data-block-id=\"29\">\n<div class=\"content-intertitle\">\n<h2>Dia da elei\u00e7\u00e3o<\/h2>\n<\/div>\n<\/div>\n<div class=\"mc-column content-text active-extra-styles\" data-block-type=\"raw\" data-block-weight=\"208\" data-block-id=\"30\">\n<ul class=\"content-unordered-list\" style=\"text-align: justify;\">\n<li><strong>Uso de m\u00e1scara &#8211;<\/strong>\u00a0<a href=\"https:\/\/g1.globo.com\/politica\/eleicoes\/2020\/noticia\/2020\/09\/08\/eleicoes-2020-eleitor-sem-mascara-nao-podera-acessar-cabine-de-votacao-diz-tse.ghtml\">obrigat\u00f3rio<\/a>\u00a0(quem chegar ao local de vota\u00e7\u00e3o com o rosto descoberto poder\u00e1 ser barrado na entrada).<\/li>\n<li><strong>\u00c1lcool gel &#8211;<\/strong>\u00a0eleitor dever\u00e1 passar \u00e1lcool em gel nas m\u00e3os antes e depois de votar.<\/li>\n<li><strong>Hor\u00e1rio de vota\u00e7\u00e3o &#8211;<\/strong>\u00a0o\u00a0<a href=\"https:\/\/g1.globo.com\/politica\/eleicoes\/2020\/noticia\/2020\/08\/28\/eleicoes-2020-tse-amplia-horario-de-votacao-em-uma-hora-eleitores-irao-as-urnas-das-7h-as-17h.ghtml\">per\u00edodo de vota\u00e7\u00e3o foi ampliado<\/a>. Ser\u00e1 das 7h \u00e0s 17h, com hor\u00e1rio preferencial de 7h \u00e0s 10h para maiores de 60 anos<\/li>\n<li><strong>Caneta &#8211;<\/strong>\u00a0O TSE recomenda aos eleitores que levem a pr\u00f3pria caneta para assinar o caderno de vota\u00e7\u00f5es e que o eleitor permane\u00e7a pelo tempo m\u00ednimo necess\u00e1rio na se\u00e7\u00e3o.<\/li>\n<li><strong>Crimes &#8211;<\/strong>\u00a0Constituem crime, no dia da elei\u00e7\u00e3o o uso de alto-falantes e amplificadores de som ou a promo\u00e7\u00e3o de com\u00edcio ou carreata; arregimenta\u00e7\u00e3o de eleitor ou a propaganda de boca de urna; divulga\u00e7\u00e3o de qualquer esp\u00e9cie de propaganda de partidos pol\u00edticos ou de seus candidatos; publica\u00e7\u00e3o de novos conte\u00fados ou o impulsionamento de conte\u00fados nas aplica\u00e7\u00f5es de internet (podendo ser mantidos em funcionamento as aplica\u00e7\u00f5es e os conte\u00fados publicados anteriormente).<\/li>\n<li><strong>Manifesta\u00e7\u00e3o silenciosa &#8211;<\/strong>\u00a0No dia da elei\u00e7\u00e3o, est\u00e3o permitidas manifesta\u00e7\u00f5es individuais e silenciosas da prefer\u00eancia do eleitor pelo uso de camisetas, bandeiras, broches e adesivos.<\/li>\n<li><strong>Aglomera\u00e7\u00e3o de apoiadores &#8211;<\/strong>\u00a0Est\u00e3o proibidas aglomera\u00e7\u00f5es de pessoas com roupa padronizada at\u00e9 o t\u00e9rmino do hor\u00e1rio de vota\u00e7\u00e3o.<\/li>\n<\/ul>\n<p style=\"text-align: justify;\">Fonte: https:\/\/g1.globo.com\/politica\/eleicoes\/2020\/noticia\/2020\/09\/12\/eleicoes-2020-conheca-regras-e-saiba-o-que-candidato-e-eleitor-podem-e-nao-podem-fazer.ghtml<\/p>\n<\/div>\n<\/div>\n<\/div>\n<div class=\"content-ads content-ads--reveal\" data-block-type=\"ads\" data-block-id=\"11\">\n<div id=\"banner_materia2\" class=\"tag-manager-publicidade-container mc-has-reveal mc-has-ad-lazyload tag-manager-publicidade-banner_materia2 tag-manager-publicidade-container--carregado tag-manager-publicidade-container--visivel\" data-id=\"banner_materia2\" data-cid=\"138323101720\" data-lid=\"5473471817\" data-google-query-id=\"CJrowfmC5esCFUII1AodBXIExA\"><\/div>\n<\/div>\n<\/div>\n<\/div>\n","protected":false},"excerpt":{"rendered":"<p>Pandemia de Covid-19 levou Congresso a mudar datas da elei\u00e7\u00e3o, inicialmente programada para outubro. Primeiro turno ser\u00e1 em 15 de novembro e o segundo, dia 29, duas semanas depois. Pouco mais de 147,9 milh\u00f5es de eleitores estar\u00e3o aptos a\u00a0comparecer \u00e0s urnas\u00a0nos pr\u00f3ximos dia 15 (primeiro turno) e 29 (segundo turno) de novembro para escolher 5.568 [&hellip;]<\/p>\n","protected":false},"author":1,"featured_media":34779,"comment_status":"closed","ping_status":"open","sticky":false,"template":"","format":"standard","meta":{"footnotes":""},"categories":[110,116],"tags":[],"class_list":["post-34778","post","type-post","status-publish","format-standard","has-post-thumbnail","hentry","category-noticiasdestaque","category-politicaeeconomia"],"_links":{"self":[{"href":"https:\/\/jorgezanoni.com.br\/2019\/wp-json\/wp\/v2\/posts\/34778","targetHints":{"allow":["GET"]}}],"collection":[{"href":"https:\/\/jorgezanoni.com.br\/2019\/wp-json\/wp\/v2\/posts"}],"about":[{"href":"https:\/\/jorgezanoni.com.br\/2019\/wp-json\/wp\/v2\/types\/post"}],"author":[{"embeddable":true,"href":"https:\/\/jorgezanoni.com.br\/2019\/wp-json\/wp\/v2\/users\/1"}],"replies":[{"embeddable":true,"href":"https:\/\/jorgezanoni.com.br\/2019\/wp-json\/wp\/v2\/comments?post=34778"}],"version-history":[{"count":0,"href":"https:\/\/jorgezanoni.com.br\/2019\/wp-json\/wp\/v2\/posts\/34778\/revisions"}],"wp:featuredmedia":[{"embeddable":true,"href":"https:\/\/jorgezanoni.com.br\/2019\/wp-json\/wp\/v2\/media\/34779"}],"wp:attachment":[{"href":"https:\/\/jorgezanoni.com.br\/2019\/wp-json\/wp\/v2\/media?parent=34778"}],"wp:term":[{"taxonomy":"category","embeddable":true,"href":"https:\/\/jorgezanoni.com.br\/2019\/wp-json\/wp\/v2\/categories?post=34778"},{"taxonomy":"post_tag","embeddable":true,"href":"https:\/\/jorgezanoni.com.br\/2019\/wp-json\/wp\/v2\/tags?post=34778"}],"curies":[{"name":"wp","href":"https:\/\/api.w.org\/{rel}","templated":true}]}}