{"id":34775,"date":"2020-09-13T01:24:34","date_gmt":"2020-09-13T01:24:34","guid":{"rendered":"https:\/\/jorgezanoni.com.br\/2019\/?p=34775"},"modified":"2020-09-13T01:24:34","modified_gmt":"2020-09-13T01:24:34","slug":"homem-fura-bloqueio-de-obra-e-fica-com-moto-presa-em-cimento-fresco","status":"publish","type":"post","link":"https:\/\/jorgezanoni.com.br\/2019\/homem-fura-bloqueio-de-obra-e-fica-com-moto-presa-em-cimento-fresco\/","title":{"rendered":"Homem fura bloqueio de obra e fica com moto presa em cimento fresco"},"content":{"rendered":"<h2 class=\"content-head__subtitle\" style=\"text-align: justify;\"><strong>Caso foi registrado em S\u00e3o Jos\u00e9 do Rio Preto (SP), interior de S\u00e3o Paulo.<\/strong><\/h2>\n<div class=\"mc-column content-text active-extra-styles \" data-block-type=\"unstyled\" data-block-weight=\"39\" data-block-id=\"2\">\n<p class=\"content-text__container \" style=\"text-align: justify;\" data-track-category=\"Link no Texto\" data-track-links=\"\">Um homem atolou a moto no cimento fresco depois de furar o bloqueio de uma obra na avenida Potirendaba, em S\u00e3o Jos\u00e9 do Rio Preto (SP). A cena curiosa, registrada na tarde de quinta-feira (10), viralizou na internet.<\/p>\n<\/div>\n<div class=\"wall protected-content\" style=\"text-align: justify;\">\n<div class=\"mc-column content-text active-extra-styles \" data-block-type=\"unstyled\" data-block-weight=\"18\" data-block-id=\"3\">\n<p class=\"content-text__container \" data-track-category=\"Link no Texto\" data-track-links=\"\">Pessoas que trabalhavam no momento em que o morador ficou atolado no cimento gravaram o incidente.<\/p>\n<div class=\"mc-column content-text active-extra-styles \" data-block-type=\"unstyled\" data-block-weight=\"41\" data-block-id=\"5\">\n<p class=\"content-text__container \" data-track-category=\"Link no Texto\" data-track-links=\"\">Nas imagens, \u00e9 poss\u00edvel ver o motociclista preso dentro do cimento, com as rodas cobertas e os dois t\u00eanis sujos. O rapaz que filma se aproxima e pergunta: \u201cvoc\u00ea n\u00e3o fez isso n\u00e3o, n\u00e9? Por que furou o bloqueio nosso? Caramba.\u201d<\/p>\n<\/div>\n<div class=\"mc-column content-text active-extra-styles \" data-block-type=\"unstyled\" data-block-weight=\"20\" data-block-id=\"6\">\n<p class=\"content-text__container \" data-track-category=\"Link no Texto\" data-track-links=\"\">Em entrevista ao\u00a0<strong>G1<\/strong>, o motociclista que aparece na grava\u00e7\u00e3o afirmou que se distraiu e ficou preso no cimento.<\/p>\n<\/div>\n<div class=\"mc-column content-text active-extra-styles \" data-block-type=\"unstyled\" data-block-weight=\"35\" data-block-id=\"8\">\n<p class=\"content-text__container \" data-track-category=\"Link no Texto\" data-track-links=\"\">\u201cEu estava abastecendo em um posto e fui resolver um problema. Descuidei e ca\u00ed dentro do cimento. N\u00e3o aconteceu nada com a moto, mas perdi o t\u00eanis, a meia e a cal\u00e7a\u201d, contou Jos\u00e9 Sobrinho.<\/p>\n<\/div>\n<div class=\"mc-column content-text active-extra-styles \" data-block-type=\"unstyled\" data-block-weight=\"18\" data-block-id=\"9\">\n<p class=\"content-text__container \" data-track-category=\"Link no Texto\" data-track-links=\"\">Depois de ficar preso, funcion\u00e1rios que trabalhavam na obra vieram ajudar o motociclista. Jos\u00e9 n\u00e3o sofreu nenhum ferimento.<\/p>\n<\/div>\n<div class=\"mc-column content-text active-extra-styles \" data-block-type=\"unstyled\" data-block-weight=\"21\" data-block-id=\"10\">\n<p class=\"content-text__container \" data-track-category=\"Link no Texto\" data-track-links=\"\">\u201cUm me puxou. Outros n\u00e3o ajudaram n\u00e3o, s\u00f3 ficaram filmando. Depois veio outro rapaz e me tirou do cimento\u201d, afirmou.<\/p>\n<\/div>\n<div class=\"row medium-uncollapsed content-media content-photo\" data-block-type=\"backstage-photo\" data-block-id=\"11\">\n<div class=\"mc-column content-media__container\">\n<figure><img decoding=\"async\" class=\"i-amphtml-fill-content i-amphtml-replaced-content\" src=\"https:\/\/s2.glbimg.com\/LCl1k_6gjdG6zFp3xXEXlza4HLA=\/0x137:812x1024\/984x0\/smart\/filters:strip_icc()\/i.s3.glbimg.com\/v1\/AUTH_59edd422c0c84a879bd37670ae4f538a\/internal_photos\/bs\/2020\/2\/x\/1qzhTGS2SsGh3Pf6o2Tw\/whatsapp-image-2020-09-11-at-20.20.17.jpeg\" sizes=\"(max-width: 1366px) 648px, 100vw\" srcset=\"https:\/\/s2.glbimg.com\/Ew1avLQ0wk3ggqSu0CTtYsS0zLE=\/0x137:812x1024\/1000x0\/smart\/filters:strip_icc()\/i.s3.glbimg.com\/v1\/AUTH_59edd422c0c84a879bd37670ae4f538a\/internal_photos\/bs\/2020\/2\/x\/1qzhTGS2SsGh3Pf6o2Tw\/whatsapp-image-2020-09-11-at-20.20.17.jpeg 1000w, https:\/\/s2.glbimg.com\/LCl1k_6gjdG6zFp3xXEXlza4HLA=\/0x137:812x1024\/984x0\/smart\/filters:strip_icc()\/i.s3.glbimg.com\/v1\/AUTH_59edd422c0c84a879bd37670ae4f538a\/internal_photos\/bs\/2020\/2\/x\/1qzhTGS2SsGh3Pf6o2Tw\/whatsapp-image-2020-09-11-at-20.20.17.jpeg 984w, https:\/\/s2.glbimg.com\/qIDvMBcP9OTeDem4vsbbgk25uoU=\/0x137:812x1024\/640x0\/smart\/filters:strip_icc()\/i.s3.glbimg.com\/v1\/AUTH_59edd422c0c84a879bd37670ae4f538a\/internal_photos\/bs\/2020\/2\/x\/1qzhTGS2SsGh3Pf6o2Tw\/whatsapp-image-2020-09-11-at-20.20.17.jpeg 640w, https:\/\/s2.glbimg.com\/4rH6a48KUYSFZIpzyLxAISdu03U=\/0x137:812x1024\/600x0\/smart\/filters:strip_icc()\/i.s3.glbimg.com\/v1\/AUTH_59edd422c0c84a879bd37670ae4f538a\/internal_photos\/bs\/2020\/2\/x\/1qzhTGS2SsGh3Pf6o2Tw\/whatsapp-image-2020-09-11-at-20.20.17.jpeg 600w\" alt=\"Funcion\u00e1rio ajudou motociclista a sair do cimento em Rio Preto  \u2014 Foto: Arquivo Pessoal \" \/><\/figure>\n<p class=\"content-media__description \">Funcion\u00e1rio ajudou motociclista a sair do cimento em Rio Preto \u2014 Foto: Arquivo Pessoal<\/p>\n<p>Fonte: https:\/\/g1.globo.com\/sp\/sao-jose-do-rio-preto-aracatuba\/noticia\/2020\/09\/12\/homem-fura-bloqueio-de-obra-e-fica-com-moto-presa-em-cimento-fresco-veja-o-video.ghtml<\/p>\n<\/div>\n<\/div>\n<\/div>\n<\/div>\n<h2 class=\"content-head__subtitle\" style=\"text-align: justify;\"><\/h2>\n<p>&nbsp;<\/p>\n","protected":false},"excerpt":{"rendered":"<p>Caso foi registrado em S\u00e3o Jos\u00e9 do Rio Preto (SP), interior de S\u00e3o Paulo. Um homem atolou a moto no cimento fresco depois de furar o bloqueio de uma obra na avenida Potirendaba, em S\u00e3o Jos\u00e9 do Rio Preto (SP). A cena curiosa, registrada na tarde de quinta-feira (10), viralizou na internet. Pessoas que trabalhavam [&hellip;]<\/p>\n","protected":false},"author":1,"featured_media":34776,"comment_status":"closed","ping_status":"open","sticky":false,"template":"","format":"standard","meta":{"footnotes":""},"categories":[114,110],"tags":[],"class_list":["post-34775","post","type-post","status-publish","format-standard","has-post-thumbnail","hentry","category-geralecomercio","category-noticiasdestaque"],"_links":{"self":[{"href":"https:\/\/jorgezanoni.com.br\/2019\/wp-json\/wp\/v2\/posts\/34775","targetHints":{"allow":["GET"]}}],"collection":[{"href":"https:\/\/jorgezanoni.com.br\/2019\/wp-json\/wp\/v2\/posts"}],"about":[{"href":"https:\/\/jorgezanoni.com.br\/2019\/wp-json\/wp\/v2\/types\/post"}],"author":[{"embeddable":true,"href":"https:\/\/jorgezanoni.com.br\/2019\/wp-json\/wp\/v2\/users\/1"}],"replies":[{"embeddable":true,"href":"https:\/\/jorgezanoni.com.br\/2019\/wp-json\/wp\/v2\/comments?post=34775"}],"version-history":[{"count":0,"href":"https:\/\/jorgezanoni.com.br\/2019\/wp-json\/wp\/v2\/posts\/34775\/revisions"}],"wp:featuredmedia":[{"embeddable":true,"href":"https:\/\/jorgezanoni.com.br\/2019\/wp-json\/wp\/v2\/media\/34776"}],"wp:attachment":[{"href":"https:\/\/jorgezanoni.com.br\/2019\/wp-json\/wp\/v2\/media?parent=34775"}],"wp:term":[{"taxonomy":"category","embeddable":true,"href":"https:\/\/jorgezanoni.com.br\/2019\/wp-json\/wp\/v2\/categories?post=34775"},{"taxonomy":"post_tag","embeddable":true,"href":"https:\/\/jorgezanoni.com.br\/2019\/wp-json\/wp\/v2\/tags?post=34775"}],"curies":[{"name":"wp","href":"https:\/\/api.w.org\/{rel}","templated":true}]}}