{"id":34772,"date":"2020-09-13T01:10:51","date_gmt":"2020-09-13T01:10:51","guid":{"rendered":"https:\/\/jorgezanoni.com.br\/2019\/?p=34772"},"modified":"2020-09-13T01:10:51","modified_gmt":"2020-09-13T01:10:51","slug":"quatro-mulheres-ficam-feridas-apos-carro-capotar-em-estrada-vicinal","status":"publish","type":"post","link":"https:\/\/jorgezanoni.com.br\/2019\/quatro-mulheres-ficam-feridas-apos-carro-capotar-em-estrada-vicinal\/","title":{"rendered":"Quatro mulheres ficam feridas ap\u00f3s carro capotar em estrada vicinal"},"content":{"rendered":"<h2 class=\"content-head__subtitle\" style=\"text-align: justify;\"><strong>Segundo a PM, motorista perdeu o controle do ve\u00edculo em uma curva na Jos\u00e9 Maria Verdini em Ja\u00fa; duas v\u00edtimas tiveram ferimentos graves.<\/strong><\/h2>\n<div class=\"mc-column content-text active-extra-styles \" data-block-type=\"unstyled\" data-block-weight=\"23\" data-block-id=\"2\">\n<p class=\"content-text__container \" style=\"text-align: justify;\" data-track-category=\"Link no Texto\" data-track-links=\"\">Um carro com quatro mulheres capotou em uma vicinal que liga Ja\u00fa (SP) ao distrito de Potunduva na madrugada deste s\u00e1bado (12).<\/p>\n<\/div>\n<div class=\"wall protected-content\">\n<div class=\"mc-column content-text active-extra-styles \" style=\"text-align: justify;\" data-block-type=\"unstyled\" data-block-weight=\"40\" data-block-id=\"3\">\n<p class=\"content-text__container \" data-track-category=\"Link no Texto\" data-track-links=\"\">Segundo a Pol\u00edcia Militar, a motorista perdeu o controle do ve\u00edculo em uma curva na vicinal Jos\u00e9 Maria Verdini e capotou. Com o impacto, duas mulheres foram socorridas pelo Samu com ferimentos graves para a Santa Casa de Ja\u00fa.<\/p>\n<\/div>\n<div class=\"mc-column content-text active-extra-styles \" data-block-type=\"unstyled\" data-block-weight=\"26\" data-block-id=\"4\">\n<p class=\"content-text__container \" style=\"text-align: justify;\" data-track-category=\"Link no Texto\" data-track-links=\"\">A PM informou que as outras duas ocupantes, de 20 e 22 anos, tamb\u00e9m precisaram ser socorridas, mas passaram por atendimento m\u00e9dico e foram liberadas.<\/p>\n<p style=\"text-align: justify;\" data-track-category=\"Link no Texto\" data-track-links=\"\">Fonte: G1<\/p>\n<\/div>\n<\/div>\n","protected":false},"excerpt":{"rendered":"<p>Segundo a PM, motorista perdeu o controle do ve\u00edculo em uma curva na Jos\u00e9 Maria Verdini em Ja\u00fa; duas v\u00edtimas tiveram ferimentos graves. Um carro com quatro mulheres capotou em uma vicinal que liga Ja\u00fa (SP) ao distrito de Potunduva na madrugada deste s\u00e1bado (12). Segundo a Pol\u00edcia Militar, a motorista perdeu o controle do [&hellip;]<\/p>\n","protected":false},"author":1,"featured_media":34773,"comment_status":"closed","ping_status":"open","sticky":false,"template":"","format":"standard","meta":{"footnotes":""},"categories":[170,110],"tags":[],"class_list":["post-34772","post","type-post","status-publish","format-standard","has-post-thumbnail","hentry","category-acidentes","category-noticiasdestaque"],"_links":{"self":[{"href":"https:\/\/jorgezanoni.com.br\/2019\/wp-json\/wp\/v2\/posts\/34772","targetHints":{"allow":["GET"]}}],"collection":[{"href":"https:\/\/jorgezanoni.com.br\/2019\/wp-json\/wp\/v2\/posts"}],"about":[{"href":"https:\/\/jorgezanoni.com.br\/2019\/wp-json\/wp\/v2\/types\/post"}],"author":[{"embeddable":true,"href":"https:\/\/jorgezanoni.com.br\/2019\/wp-json\/wp\/v2\/users\/1"}],"replies":[{"embeddable":true,"href":"https:\/\/jorgezanoni.com.br\/2019\/wp-json\/wp\/v2\/comments?post=34772"}],"version-history":[{"count":0,"href":"https:\/\/jorgezanoni.com.br\/2019\/wp-json\/wp\/v2\/posts\/34772\/revisions"}],"wp:featuredmedia":[{"embeddable":true,"href":"https:\/\/jorgezanoni.com.br\/2019\/wp-json\/wp\/v2\/media\/34773"}],"wp:attachment":[{"href":"https:\/\/jorgezanoni.com.br\/2019\/wp-json\/wp\/v2\/media?parent=34772"}],"wp:term":[{"taxonomy":"category","embeddable":true,"href":"https:\/\/jorgezanoni.com.br\/2019\/wp-json\/wp\/v2\/categories?post=34772"},{"taxonomy":"post_tag","embeddable":true,"href":"https:\/\/jorgezanoni.com.br\/2019\/wp-json\/wp\/v2\/tags?post=34772"}],"curies":[{"name":"wp","href":"https:\/\/api.w.org\/{rel}","templated":true}]}}