{"id":34769,"date":"2020-09-13T01:01:55","date_gmt":"2020-09-13T01:01:55","guid":{"rendered":"https:\/\/jorgezanoni.com.br\/2019\/?p=34769"},"modified":"2020-09-13T01:01:55","modified_gmt":"2020-09-13T01:01:55","slug":"batida-entre-carro-e-caminhao-deixa-feridos-e-espalha-carga-de-laranja-em-rodovia","status":"publish","type":"post","link":"https:\/\/jorgezanoni.com.br\/2019\/batida-entre-carro-e-caminhao-deixa-feridos-e-espalha-carga-de-laranja-em-rodovia\/","title":{"rendered":"Batida entre carro e caminh\u00e3o deixa feridos e espalha carga de laranja em rodovia"},"content":{"rendered":"<h2 class=\"content-head__subtitle\" style=\"text-align: justify;\"><strong>Acidente aconteceu na tarde deste s\u00e1bado (12) na Rodovia Jos\u00e9 Saab entre Botucatu e Itatinga (SP).<\/strong><\/h2>\n<div class=\"mc-column content-text active-extra-styles \" data-block-type=\"unstyled\" data-block-weight=\"28\" data-block-id=\"2\">\n<p class=\"content-text__container \" style=\"text-align: justify;\" data-track-category=\"Link no Texto\" data-track-links=\"\">Um carro bateu em um caminh\u00e3o carregado de laranjas na tarde deste s\u00e1bado (12) e deixou duas pessoas feridas na Rodovia Jos\u00e9 Saab, entre Botucatu e Itatinga (SP).<\/p>\n<\/div>\n<div class=\"wall protected-content\">\n<div class=\"mc-column content-text active-extra-styles \" style=\"text-align: justify;\" data-block-type=\"unstyled\" data-block-weight=\"41\" data-block-id=\"3\">\n<p class=\"content-text__container \" data-track-category=\"Link no Texto\" data-track-links=\"\">De acordo com o Corpo de Bombeiros, o caminh\u00e3o tombou depois da batida e a carga ficou espalhada na rodovia. A pista foi interditada para o atendimento da ocorr\u00eancia no quil\u00f4metro 216, mas funcion\u00e1rios da concession\u00e1ria j\u00e1 desobstru\u00edram a via.<\/p>\n<\/div>\n<div class=\"row medium-uncollapsed content-media content-photo\" style=\"text-align: justify;\" data-block-type=\"backstage-photo\" data-block-id=\"4\">\n<div class=\"mc-column content-media__container\">\n<figure><img decoding=\"async\" class=\"i-amphtml-fill-content i-amphtml-replaced-content\" src=\"https:\/\/s2.glbimg.com\/TNO9kAKhIf_gOpE2f9uMg0EdVvE=\/0x11:712x545\/984x0\/smart\/filters:strip_icc()\/i.s3.glbimg.com\/v1\/AUTH_59edd422c0c84a879bd37670ae4f538a\/internal_photos\/bs\/2020\/7\/S\/oAwbbOSMqGnPHdEthQEA\/whatsapp-image-2020-09-12-at-16.20.35.jpeg\" sizes=\"(max-width: 1366px) 648px, 100vw\" srcset=\"https:\/\/s2.glbimg.com\/iWh0CGpSattHuQdR6Fabym0wwmU=\/0x11:712x545\/1000x0\/smart\/filters:strip_icc()\/i.s3.glbimg.com\/v1\/AUTH_59edd422c0c84a879bd37670ae4f538a\/internal_photos\/bs\/2020\/7\/S\/oAwbbOSMqGnPHdEthQEA\/whatsapp-image-2020-09-12-at-16.20.35.jpeg 1000w, https:\/\/s2.glbimg.com\/TNO9kAKhIf_gOpE2f9uMg0EdVvE=\/0x11:712x545\/984x0\/smart\/filters:strip_icc()\/i.s3.glbimg.com\/v1\/AUTH_59edd422c0c84a879bd37670ae4f538a\/internal_photos\/bs\/2020\/7\/S\/oAwbbOSMqGnPHdEthQEA\/whatsapp-image-2020-09-12-at-16.20.35.jpeg 984w, https:\/\/s2.glbimg.com\/4NkIvr7ZsUzLt0OlVQbVmjDEAA4=\/0x11:712x545\/640x0\/smart\/filters:strip_icc()\/i.s3.glbimg.com\/v1\/AUTH_59edd422c0c84a879bd37670ae4f538a\/internal_photos\/bs\/2020\/7\/S\/oAwbbOSMqGnPHdEthQEA\/whatsapp-image-2020-09-12-at-16.20.35.jpeg 640w, https:\/\/s2.glbimg.com\/LtQ5tzfUzzHlvYTNgo3ab6p1xVw=\/0x11:712x545\/600x0\/smart\/filters:strip_icc()\/i.s3.glbimg.com\/v1\/AUTH_59edd422c0c84a879bd37670ae4f538a\/internal_photos\/bs\/2020\/7\/S\/oAwbbOSMqGnPHdEthQEA\/whatsapp-image-2020-09-12-at-16.20.35.jpeg 600w\" alt=\"Carga de laranja ficou espalhada na rodovia ap\u00f3s acidente em Itatinga \u2014 Foto: Arquivo pessoal\" \/><\/figure>\n<p class=\"content-media__description \">Carga de laranja ficou espalhada na rodovia ap\u00f3s acidente em Itatinga \u2014 Foto: Arquivo pessoal<\/p>\n<\/div>\n<\/div>\n<div class=\"mc-column content-text active-extra-styles \" style=\"text-align: justify;\" data-block-type=\"unstyled\" data-block-weight=\"43\" data-block-id=\"5\">\n<p class=\"content-text__container \" data-track-category=\"Link no Texto\" data-track-links=\"\">Os bombeiros informaram que o motorista do carro foi socorrido por moradores antes da chegada da corpora\u00e7\u00e3o. J\u00e1 a passageira foi retirada pela equipe e levada ao pronto-socorro da Unesp de Botucatu por uma ambul\u00e2ncia de Itatinga. O caminhoneiro n\u00e3o se feriu.<\/p>\n<\/div>\n<div class=\"row medium-uncollapsed content-media content-photo\" data-block-type=\"backstage-photo\" data-block-id=\"7\">\n<div class=\"mc-column content-media__container\">\n<figure style=\"text-align: justify;\"><img decoding=\"async\" class=\"i-amphtml-fill-content i-amphtml-replaced-content\" src=\"https:\/\/s2.glbimg.com\/KX7WVIu99TPKzZ18fYEvv1mt3CM=\/0x0:694x409\/984x0\/smart\/filters:strip_icc()\/i.s3.glbimg.com\/v1\/AUTH_59edd422c0c84a879bd37670ae4f538a\/internal_photos\/bs\/2020\/B\/x\/d9BJHiT8umPINL4m8BpQ\/gcm-itatinga-2.jpg\" sizes=\"(max-width: 1366px) 648px, 100vw\" srcset=\"https:\/\/s2.glbimg.com\/mKk8Pb8_sqHBTYSOckOv1q8d8Oc=\/0x0:694x409\/1000x0\/smart\/filters:strip_icc()\/i.s3.glbimg.com\/v1\/AUTH_59edd422c0c84a879bd37670ae4f538a\/internal_photos\/bs\/2020\/B\/x\/d9BJHiT8umPINL4m8BpQ\/gcm-itatinga-2.jpg 1000w, https:\/\/s2.glbimg.com\/KX7WVIu99TPKzZ18fYEvv1mt3CM=\/0x0:694x409\/984x0\/smart\/filters:strip_icc()\/i.s3.glbimg.com\/v1\/AUTH_59edd422c0c84a879bd37670ae4f538a\/internal_photos\/bs\/2020\/B\/x\/d9BJHiT8umPINL4m8BpQ\/gcm-itatinga-2.jpg 984w, https:\/\/s2.glbimg.com\/mcOOLBLJ065XtygcPyQhWmgj08I=\/0x0:694x409\/640x0\/smart\/filters:strip_icc()\/i.s3.glbimg.com\/v1\/AUTH_59edd422c0c84a879bd37670ae4f538a\/internal_photos\/bs\/2020\/B\/x\/d9BJHiT8umPINL4m8BpQ\/gcm-itatinga-2.jpg 640w, https:\/\/s2.glbimg.com\/p0pqzwbZ-LiCEwB1KqLupOMLQww=\/0x0:694x409\/600x0\/smart\/filters:strip_icc()\/i.s3.glbimg.com\/v1\/AUTH_59edd422c0c84a879bd37670ae4f538a\/internal_photos\/bs\/2020\/B\/x\/d9BJHiT8umPINL4m8BpQ\/gcm-itatinga-2.jpg 600w\" alt=\"Carro bateu em caminh\u00e3o na tarde deste s\u00e1bado (12) em Itatinga \u2014 Foto: Guarda Civil Municipal\/Divulga\u00e7\u00e3o\" \/><\/figure>\n<p class=\"content-media__description \" style=\"text-align: justify;\">Carro bateu em caminh\u00e3o na tarde deste s\u00e1bado (12) em Itatinga \u2014 Foto: Guarda Civil Municipal\/Divulga\u00e7\u00e3o<\/p>\n<p style=\"text-align: justify;\">Fonte: G1<\/p>\n<\/div>\n<\/div>\n<\/div>\n","protected":false},"excerpt":{"rendered":"<p>Acidente aconteceu na tarde deste s\u00e1bado (12) na Rodovia Jos\u00e9 Saab entre Botucatu e Itatinga (SP). Um carro bateu em um caminh\u00e3o carregado de laranjas na tarde deste s\u00e1bado (12) e deixou duas pessoas feridas na Rodovia Jos\u00e9 Saab, entre Botucatu e Itatinga (SP). De acordo com o Corpo de Bombeiros, o caminh\u00e3o tombou depois [&hellip;]<\/p>\n","protected":false},"author":1,"featured_media":34770,"comment_status":"closed","ping_status":"open","sticky":false,"template":"","format":"standard","meta":{"footnotes":""},"categories":[170,110],"tags":[],"class_list":["post-34769","post","type-post","status-publish","format-standard","has-post-thumbnail","hentry","category-acidentes","category-noticiasdestaque"],"_links":{"self":[{"href":"https:\/\/jorgezanoni.com.br\/2019\/wp-json\/wp\/v2\/posts\/34769","targetHints":{"allow":["GET"]}}],"collection":[{"href":"https:\/\/jorgezanoni.com.br\/2019\/wp-json\/wp\/v2\/posts"}],"about":[{"href":"https:\/\/jorgezanoni.com.br\/2019\/wp-json\/wp\/v2\/types\/post"}],"author":[{"embeddable":true,"href":"https:\/\/jorgezanoni.com.br\/2019\/wp-json\/wp\/v2\/users\/1"}],"replies":[{"embeddable":true,"href":"https:\/\/jorgezanoni.com.br\/2019\/wp-json\/wp\/v2\/comments?post=34769"}],"version-history":[{"count":0,"href":"https:\/\/jorgezanoni.com.br\/2019\/wp-json\/wp\/v2\/posts\/34769\/revisions"}],"wp:featuredmedia":[{"embeddable":true,"href":"https:\/\/jorgezanoni.com.br\/2019\/wp-json\/wp\/v2\/media\/34770"}],"wp:attachment":[{"href":"https:\/\/jorgezanoni.com.br\/2019\/wp-json\/wp\/v2\/media?parent=34769"}],"wp:term":[{"taxonomy":"category","embeddable":true,"href":"https:\/\/jorgezanoni.com.br\/2019\/wp-json\/wp\/v2\/categories?post=34769"},{"taxonomy":"post_tag","embeddable":true,"href":"https:\/\/jorgezanoni.com.br\/2019\/wp-json\/wp\/v2\/tags?post=34769"}],"curies":[{"name":"wp","href":"https:\/\/api.w.org\/{rel}","templated":true}]}}