{"id":34746,"date":"2020-09-12T21:06:16","date_gmt":"2020-09-12T21:06:16","guid":{"rendered":"https:\/\/jorgezanoni.com.br\/2019\/?p=34746"},"modified":"2020-09-12T21:06:16","modified_gmt":"2020-09-12T21:06:16","slug":"santa-mercedes-registra-primeiro-obito-de-paciente-com-covid-19","status":"publish","type":"post","link":"https:\/\/jorgezanoni.com.br\/2019\/santa-mercedes-registra-primeiro-obito-de-paciente-com-covid-19\/","title":{"rendered":"Santa Mercedes registra primeiro \u00f3bito de paciente com COVID-19"},"content":{"rendered":"<p style=\"text-align: justify;\"><strong>\u00daltima cidade do Estado de S\u00e3o Paulo a registrar paciente com COVID, tem o primeiro \u00f3bito confirmado.<\/strong><\/p>\n<p style=\"text-align: justify;\">VEJA O COMUNICADO DA SECRETARIA DE SA\u00daDE DE SANTA MERCEDES:<\/p>\n<div class=\"o9v6fnle cxmmr5t8 oygrvhab hcukyx3x c1et5uql ii04i59q\" style=\"text-align: justify;\">\n<div dir=\"auto\">&#8220;\u00c9 COM PESAR QUE ANUNCIAMOS O FALECIMENTO DA MUN\u00cdCIPE DE SANTA MERCEDES, POR DECORR\u00caNCIA DA COVID 19.<\/div>\n<\/div>\n<div class=\"o9v6fnle cxmmr5t8 oygrvhab hcukyx3x c1et5uql ii04i59q\" style=\"text-align: justify;\">\n<div dir=\"auto\">ESTENDEMOS OS NOSSOS SENTIMENTOS A TODA FAM\u00cdLIA.<\/div>\n<\/div>\n<div class=\"o9v6fnle cxmmr5t8 oygrvhab hcukyx3x c1et5uql ii04i59q\" style=\"text-align: justify;\">\n<div dir=\"auto\">E QUANTO A POPULA\u00c7\u00c3O DE SANTA MERCEDES SUPLICAMOS QUE FA\u00c7AM USO DAS BARREIRAS DE PREVEN\u00c7\u00c3O AO COVID. QUE N\u00c3O COLOQUEM NOSSA SA\u00daDE EM RISCO. QUE SEJAM CONSCIENTES COM O PR\u00d3XIMO&#8221;.<\/div>\n<\/div>\n<div class=\"o9v6fnle cxmmr5t8 oygrvhab hcukyx3x c1et5uql ii04i59q\">\n<div dir=\"auto\" style=\"text-align: justify;\"><\/div>\n<div dir=\"auto\">\n<div class=\"o9v6fnle cxmmr5t8 oygrvhab hcukyx3x c1et5uql ii04i59q\" style=\"text-align: justify;\">\n<div dir=\"auto\">BOLETIM COVID-19 em 12 Setembro de 2020<\/div>\n<\/div>\n<div class=\"o9v6fnle cxmmr5t8 oygrvhab hcukyx3x c1et5uql ii04i59q\" style=\"text-align: justify;\">\n<div dir=\"auto\">Casos Confirmado: 06<\/div>\n<\/div>\n<div class=\"o9v6fnle cxmmr5t8 oygrvhab hcukyx3x c1et5uql ii04i59q\" style=\"text-align: justify;\">\n<div dir=\"auto\">Casos Suspeitos: 11<\/div>\n<\/div>\n<div class=\"o9v6fnle cxmmr5t8 oygrvhab hcukyx3x c1et5uql ii04i59q\" style=\"text-align: justify;\">\n<div dir=\"auto\">Casos Curados:0<\/div>\n<\/div>\n<div class=\"o9v6fnle cxmmr5t8 oygrvhab hcukyx3x c1et5uql ii04i59q\" style=\"text-align: justify;\">\n<div dir=\"auto\">Casos Descartados:88<\/div>\n<\/div>\n<div class=\"o9v6fnle cxmmr5t8 oygrvhab hcukyx3x c1et5uql ii04i59q\" style=\"text-align: justify;\">\n<div dir=\"auto\">N\u00famero de \u00d3bitos por COVID: 01<\/div>\n<div dir=\"auto\"><\/div>\n<\/div>\n<div dir=\"auto\" style=\"text-align: justify;\">Fonte: SMS &#8211; SANTA MERCEDES<\/div>\n<\/div>\n<\/div>\n","protected":false},"excerpt":{"rendered":"<p>\u00daltima cidade do Estado de S\u00e3o Paulo a registrar paciente com COVID, tem o primeiro \u00f3bito confirmado. VEJA O COMUNICADO DA SECRETARIA DE SA\u00daDE DE SANTA MERCEDES: &#8220;\u00c9 COM PESAR QUE ANUNCIAMOS O FALECIMENTO DA MUN\u00cdCIPE DE SANTA MERCEDES, POR DECORR\u00caNCIA DA COVID 19. ESTENDEMOS OS NOSSOS SENTIMENTOS A TODA FAM\u00cdLIA. E QUANTO A POPULA\u00c7\u00c3O [&hellip;]<\/p>\n","protected":false},"author":1,"featured_media":34748,"comment_status":"closed","ping_status":"open","sticky":false,"template":"","format":"standard","meta":{"footnotes":""},"categories":[179,110,196],"tags":[],"class_list":["post-34746","post","type-post","status-publish","format-standard","has-post-thumbnail","hentry","category-cidadeseregiao","category-noticiasdestaque","category-santamercedes"],"_links":{"self":[{"href":"https:\/\/jorgezanoni.com.br\/2019\/wp-json\/wp\/v2\/posts\/34746","targetHints":{"allow":["GET"]}}],"collection":[{"href":"https:\/\/jorgezanoni.com.br\/2019\/wp-json\/wp\/v2\/posts"}],"about":[{"href":"https:\/\/jorgezanoni.com.br\/2019\/wp-json\/wp\/v2\/types\/post"}],"author":[{"embeddable":true,"href":"https:\/\/jorgezanoni.com.br\/2019\/wp-json\/wp\/v2\/users\/1"}],"replies":[{"embeddable":true,"href":"https:\/\/jorgezanoni.com.br\/2019\/wp-json\/wp\/v2\/comments?post=34746"}],"version-history":[{"count":0,"href":"https:\/\/jorgezanoni.com.br\/2019\/wp-json\/wp\/v2\/posts\/34746\/revisions"}],"wp:featuredmedia":[{"embeddable":true,"href":"https:\/\/jorgezanoni.com.br\/2019\/wp-json\/wp\/v2\/media\/34748"}],"wp:attachment":[{"href":"https:\/\/jorgezanoni.com.br\/2019\/wp-json\/wp\/v2\/media?parent=34746"}],"wp:term":[{"taxonomy":"category","embeddable":true,"href":"https:\/\/jorgezanoni.com.br\/2019\/wp-json\/wp\/v2\/categories?post=34746"},{"taxonomy":"post_tag","embeddable":true,"href":"https:\/\/jorgezanoni.com.br\/2019\/wp-json\/wp\/v2\/tags?post=34746"}],"curies":[{"name":"wp","href":"https:\/\/api.w.org\/{rel}","templated":true}]}}