{"id":34742,"date":"2020-09-12T20:25:04","date_gmt":"2020-09-12T20:25:04","guid":{"rendered":"https:\/\/jorgezanoni.com.br\/2019\/?p=34742"},"modified":"2020-09-12T22:51:17","modified_gmt":"2020-09-12T22:51:17","slug":"morre-elzio-antonio-zanata","status":"publish","type":"post","link":"https:\/\/jorgezanoni.com.br\/2019\/morre-elzio-antonio-zanata\/","title":{"rendered":"Morre Elsio Antonio Zanata"},"content":{"rendered":"<p style=\"text-align: justify;\">Comunicamos com pesar o falecimento de Elsio Antonio Zanata aos 66 anos. Segundo as primeiras informa\u00e7\u00f5es de familiares, sofreu um Infarto e n\u00e3o resistiu.<\/p>\n<p style=\"text-align: justify;\">Deixa a esposa Vilma, filhos Elvio e Tiago, noras e netos.<\/p>\n<p style=\"text-align: justify;\">O seu Corpo ser\u00e1 velado no Memorial Vida Prev, amanh\u00e3 (13), a partir das 07:00 Horas e o Sepultamento ocorre as 13:00 Horas no Cemit\u00e9rio local.<\/p>\n<p style=\"text-align: justify;\">\n","protected":false},"excerpt":{"rendered":"<p>Comunicamos com pesar o falecimento de Elsio Antonio Zanata aos 66 anos. Segundo as primeiras informa\u00e7\u00f5es de familiares, sofreu um Infarto e n\u00e3o resistiu. Deixa a esposa Vilma, filhos Elvio e Tiago, noras e netos. O seu Corpo ser\u00e1 velado no Memorial Vida Prev, amanh\u00e3 (13), a partir das 07:00 Horas e o Sepultamento ocorre [&hellip;]<\/p>\n","protected":false},"author":1,"featured_media":34743,"comment_status":"closed","ping_status":"open","sticky":false,"template":"","format":"standard","meta":{"footnotes":""},"categories":[178,110],"tags":[],"class_list":["post-34742","post","type-post","status-publish","format-standard","has-post-thumbnail","hentry","category-notadefalecimento","category-noticiasdestaque"],"_links":{"self":[{"href":"https:\/\/jorgezanoni.com.br\/2019\/wp-json\/wp\/v2\/posts\/34742","targetHints":{"allow":["GET"]}}],"collection":[{"href":"https:\/\/jorgezanoni.com.br\/2019\/wp-json\/wp\/v2\/posts"}],"about":[{"href":"https:\/\/jorgezanoni.com.br\/2019\/wp-json\/wp\/v2\/types\/post"}],"author":[{"embeddable":true,"href":"https:\/\/jorgezanoni.com.br\/2019\/wp-json\/wp\/v2\/users\/1"}],"replies":[{"embeddable":true,"href":"https:\/\/jorgezanoni.com.br\/2019\/wp-json\/wp\/v2\/comments?post=34742"}],"version-history":[{"count":0,"href":"https:\/\/jorgezanoni.com.br\/2019\/wp-json\/wp\/v2\/posts\/34742\/revisions"}],"wp:featuredmedia":[{"embeddable":true,"href":"https:\/\/jorgezanoni.com.br\/2019\/wp-json\/wp\/v2\/media\/34743"}],"wp:attachment":[{"href":"https:\/\/jorgezanoni.com.br\/2019\/wp-json\/wp\/v2\/media?parent=34742"}],"wp:term":[{"taxonomy":"category","embeddable":true,"href":"https:\/\/jorgezanoni.com.br\/2019\/wp-json\/wp\/v2\/categories?post=34742"},{"taxonomy":"post_tag","embeddable":true,"href":"https:\/\/jorgezanoni.com.br\/2019\/wp-json\/wp\/v2\/tags?post=34742"}],"curies":[{"name":"wp","href":"https:\/\/api.w.org\/{rel}","templated":true}]}}