{"id":34685,"date":"2020-09-11T22:24:21","date_gmt":"2020-09-11T22:24:21","guid":{"rendered":"https:\/\/jorgezanoni.com.br\/2019\/?p=34685"},"modified":"2020-09-11T22:24:21","modified_gmt":"2020-09-11T22:24:21","slug":"tiago-nunes-nao-e-mais-tecnico-do-corinthians","status":"publish","type":"post","link":"https:\/\/jorgezanoni.com.br\/2019\/tiago-nunes-nao-e-mais-tecnico-do-corinthians\/","title":{"rendered":"Tiago Nunes n\u00e3o \u00e9 mais t\u00e9cnico do Corinthians"},"content":{"rendered":"<h2 class=\"content-head__subtitle\" style=\"text-align: justify;\"><strong>Treinador foi informado do desligamento nesta sexta-feira; Dyego Coelho assume.<\/strong><\/h2>\n<div class=\"mc-column content-text active-extra-styles active-capital-letter\" data-block-type=\"unstyled\" data-block-weight=\"22\" data-block-id=\"1\">\n<p class=\"content-text__container theme-color-primary-first-letter\" style=\"text-align: justify;\" data-track-category=\"Link no Texto\" data-track-links=\"\">O\u00a0<a href=\"http:\/\/globoesporte.globo.com\/futebol\/times\/corinthians\"><strong>Corinthians\u00a0<\/strong><\/a>demitiu o t\u00e9cnico Tiago Nunes um dia depois da derrota para o Palmeiras, na Neo Qu\u00edmica Arena, em Itaquera.<\/p>\n<\/div>\n<div class=\"wall protected-content\">\n<div class=\"mc-column content-text active-extra-styles \" style=\"text-align: justify;\" data-block-type=\"unstyled\" data-block-weight=\"37\" data-block-id=\"2\">\n<p class=\"content-text__container \" data-track-category=\"Link no Texto\" data-track-links=\"\">O treinador foi informado de seu desligamento no in\u00edcio da manh\u00e3 desta sexta-feira, comandou um treino para os reservas na sequ\u00eancia, e uma reuni\u00e3o \u00e0 tarde sacramentou a decis\u00e3o da diretoria em deslig\u00e1-lo de suas fun\u00e7\u00f5es.<\/p>\n<\/div>\n<div class=\"mc-column content-text active-extra-styles \" style=\"text-align: justify;\" data-block-type=\"unstyled\" data-block-weight=\"36\" data-block-id=\"3\">\n<p class=\"content-text__container \" data-track-category=\"Link no Texto\" data-track-links=\"\">Tiago Nunes estava balan\u00e7ando no cargo h\u00e1 algumas semanas. A derrota no D\u00e9rbi foi, portanto, a gota d&#8217;\u00e1gua para a diretoria. O presidente Andr\u00e9s Sanchez chegou a dizer que a press\u00e3o para demiti-lo estava &#8220;insuport\u00e1vel&#8221;.<\/p>\n<\/div>\n<div class=\"mc-column content-text active-extra-styles \" style=\"text-align: justify;\" data-block-type=\"unstyled\" data-block-weight=\"27\" data-block-id=\"4\">\n<p class=\"content-text__container \" data-track-category=\"Link no Texto\" data-track-links=\"\">Nos \u00faltimos quatro jogos, o Corinthians conquistou apenas uma vit\u00f3ria e um empate. Foram duas derrotas. O aproveitamento no Brasileir\u00e3o \u00e9 de pouco mais de 40%.<\/p>\n<\/div>\n<div class=\"mc-column content-text active-extra-styles \" data-block-type=\"unstyled\" data-block-weight=\"23\" data-block-id=\"5\">\n<p class=\"content-text__container \" style=\"text-align: justify;\" data-track-category=\"Link no Texto\" data-track-links=\"\">Dyego Coelho \u00e9 quem comandar\u00e1 a equipe na partida deste domingo, contra o Fluminense, no Maracan\u00e3, pela d\u00e9cima rodada do Campeonato Brasileiro.<\/p>\n<div class=\"mc-column content-text active-extra-styles \" style=\"text-align: justify;\" data-block-type=\"unstyled\" data-block-weight=\"7\" data-block-id=\"8\">\n<p class=\"content-text__container \" data-track-category=\"Link no Texto\" data-track-links=\"\"><strong>Confira nota oficial divulgada pelo Corinthians:<\/strong><\/p>\n<\/div>\n<div class=\"mc-column content-text active-extra-styles \" style=\"text-align: justify;\" data-block-type=\"unstyled\" data-block-weight=\"41\" data-block-id=\"9\">\n<p class=\"content-text__container \" data-track-category=\"Link no Texto\" data-track-links=\"\"><em>&#8220;A diretoria de futebol do Corinthians comunica o desligamento do t\u00e9cnico Tiago Nunes. Ele assumiu a equipe no in\u00edcio de 2020 e foi vice-campe\u00e3o Paulista. Em 28 jogos sob seu comando, o Alvinegro venceu 10, empatou 10 e teve oito derrotas.<\/em><\/p>\n<\/div>\n<div class=\"mc-column content-text active-extra-styles \" style=\"text-align: justify;\" data-block-type=\"unstyled\" data-block-weight=\"18\" data-block-id=\"11\">\n<p class=\"content-text__container \" data-track-category=\"Link no Texto\" data-track-links=\"\"><em>O Corinthians agradece o profissional pelos servi\u00e7os prestados desde janeiro, e deseja sucesso na sequ\u00eancia de sua carreira.<\/em><\/p>\n<\/div>\n<div class=\"mc-column content-text active-extra-styles \" data-block-type=\"unstyled\" data-block-weight=\"23\" data-block-id=\"12\">\n<p class=\"content-text__container \" style=\"text-align: justify;\" data-track-category=\"Link no Texto\" data-track-links=\"\"><em>Para o jogo contra o Fluminense \u2013 domingo (13), \u00e0s 16h, no Maracan\u00e3 \u2013, Dyego Coelho, treinador do sub-20, assume a equipe interinamente.&#8221;<\/em><\/p>\n<p style=\"text-align: justify;\" data-track-category=\"Link no Texto\" data-track-links=\"\">Fonte: https:\/\/globoesporte.globo.com\/<\/p>\n<\/div>\n<\/div>\n<\/div>\n","protected":false},"excerpt":{"rendered":"<p>Treinador foi informado do desligamento nesta sexta-feira; Dyego Coelho assume. O\u00a0Corinthians\u00a0demitiu o t\u00e9cnico Tiago Nunes um dia depois da derrota para o Palmeiras, na Neo Qu\u00edmica Arena, em Itaquera. O treinador foi informado de seu desligamento no in\u00edcio da manh\u00e3 desta sexta-feira, comandou um treino para os reservas na sequ\u00eancia, e uma reuni\u00e3o \u00e0 tarde [&hellip;]<\/p>\n","protected":false},"author":1,"featured_media":34687,"comment_status":"closed","ping_status":"open","sticky":false,"template":"","format":"standard","meta":{"footnotes":""},"categories":[111,110],"tags":[],"class_list":["post-34685","post","type-post","status-publish","format-standard","has-post-thumbnail","hentry","category-esporteecultura","category-noticiasdestaque"],"_links":{"self":[{"href":"https:\/\/jorgezanoni.com.br\/2019\/wp-json\/wp\/v2\/posts\/34685","targetHints":{"allow":["GET"]}}],"collection":[{"href":"https:\/\/jorgezanoni.com.br\/2019\/wp-json\/wp\/v2\/posts"}],"about":[{"href":"https:\/\/jorgezanoni.com.br\/2019\/wp-json\/wp\/v2\/types\/post"}],"author":[{"embeddable":true,"href":"https:\/\/jorgezanoni.com.br\/2019\/wp-json\/wp\/v2\/users\/1"}],"replies":[{"embeddable":true,"href":"https:\/\/jorgezanoni.com.br\/2019\/wp-json\/wp\/v2\/comments?post=34685"}],"version-history":[{"count":0,"href":"https:\/\/jorgezanoni.com.br\/2019\/wp-json\/wp\/v2\/posts\/34685\/revisions"}],"wp:featuredmedia":[{"embeddable":true,"href":"https:\/\/jorgezanoni.com.br\/2019\/wp-json\/wp\/v2\/media\/34687"}],"wp:attachment":[{"href":"https:\/\/jorgezanoni.com.br\/2019\/wp-json\/wp\/v2\/media?parent=34685"}],"wp:term":[{"taxonomy":"category","embeddable":true,"href":"https:\/\/jorgezanoni.com.br\/2019\/wp-json\/wp\/v2\/categories?post=34685"},{"taxonomy":"post_tag","embeddable":true,"href":"https:\/\/jorgezanoni.com.br\/2019\/wp-json\/wp\/v2\/tags?post=34685"}],"curies":[{"name":"wp","href":"https:\/\/api.w.org\/{rel}","templated":true}]}}