{"id":34681,"date":"2020-09-11T22:08:15","date_gmt":"2020-09-11T22:08:15","guid":{"rendered":"https:\/\/jorgezanoni.com.br\/2019\/?p=34681"},"modified":"2020-09-11T22:09:33","modified_gmt":"2020-09-11T22:09:33","slug":"incendio-atinge-area-de-pastagem-as-margens-de-rodovia-em-castilho","status":"publish","type":"post","link":"https:\/\/jorgezanoni.com.br\/2019\/incendio-atinge-area-de-pastagem-as-margens-de-rodovia-em-castilho\/","title":{"rendered":"Inc\u00eandio atinge \u00e1rea de pastagem \u00e0s margens de rodovia em Castilho"},"content":{"rendered":"<h2 class=\"content-head__subtitle\" style=\"text-align: justify;\"><strong>De acordo com o Corpo de Bombeiros, as chamas tamb\u00e9m atingiram a rede el\u00e9trica. O fogo mobilizou a brigada de inc\u00eandio em Castilho e caminh\u00f5es pipa de uma usina.<\/strong><\/h2>\n<div class=\"mc-column content-text active-extra-styles \" data-block-type=\"unstyled\" data-block-weight=\"18\" data-block-id=\"2\">\n<p class=\"content-text__container \" style=\"text-align: justify;\" data-track-category=\"Link no Texto\" data-track-links=\"\">Um inc\u00eandio atingiu \u00e1rea de pastagem pr\u00f3xima da Rodovia Marechal Rondon, em Castilho (SP), nesta sexta-feira (11).<\/p>\n<\/div>\n<div class=\"wall protected-content\">\n<div class=\"mc-column content-text active-extra-styles \" style=\"text-align: justify;\" data-block-type=\"unstyled\" data-block-weight=\"29\" data-block-id=\"3\">\n<p class=\"content-text__container \" data-track-category=\"Link no Texto\" data-track-links=\"\">De acordo com o Corpo de Bombeiros, as chamas tamb\u00e9m atingiram a rede el\u00e9trica. O fogo mobilizou a brigada de inc\u00eandio em Castilho e caminh\u00f5es pipa de uma usina.<\/p>\n<\/div>\n<div class=\"mc-column content-text active-extra-styles \" style=\"text-align: justify;\" data-block-type=\"unstyled\" data-block-weight=\"38\" data-block-id=\"4\">\n<p class=\"content-text__container \" data-track-category=\"Link no Texto\" data-track-links=\"\">Uma grande \u00e1rea de vegeta\u00e7\u00e3o pegou fogo, mas os bombeiros ainda calculam o tamanho da destrui\u00e7\u00e3o. As chamas come\u00e7aram de um lado da rodovia e com o vento acabaram passando para o outro, chegando bem perto da cidade.<\/p>\n<\/div>\n<div class=\"mc-column content-text active-extra-styles \" style=\"text-align: justify;\" data-block-type=\"unstyled\" data-block-weight=\"26\" data-block-id=\"5\">\n<p class=\"content-text__container \" data-track-category=\"Link no Texto\" data-track-links=\"\">Segundo os bombeiros, o inc\u00eandio j\u00e1 est\u00e1 controlado, mas alerta aos motoristas de tomar cuidado ao passarem pelo local por causa da fuma\u00e7a na pista.<\/p>\n<\/div>\n<div class=\"row medium-uncollapsed content-media content-photo\" data-block-type=\"backstage-photo\" data-block-id=\"6\">\n<div class=\"mc-column content-media__container\">\n<figure style=\"text-align: justify;\"><img decoding=\"async\" class=\"i-amphtml-fill-content i-amphtml-replaced-content\" src=\"https:\/\/s2.glbimg.com\/1wQv8H0G1ZiWREyQQNYALIlM2eY=\/0x0:1136x640\/984x0\/smart\/filters:strip_icc()\/i.s3.glbimg.com\/v1\/AUTH_59edd422c0c84a879bd37670ae4f538a\/internal_photos\/bs\/2020\/D\/b\/IzfBguROS3CncSSB0u2w\/fogo-castilho2.jpeg\" sizes=\"(max-width: 1366px) 648px, 100vw\" srcset=\"https:\/\/s2.glbimg.com\/TQaCpYuwrb9_EKov8Lbz6baVy3Q=\/0x0:1136x640\/1000x0\/smart\/filters:strip_icc()\/i.s3.glbimg.com\/v1\/AUTH_59edd422c0c84a879bd37670ae4f538a\/internal_photos\/bs\/2020\/D\/b\/IzfBguROS3CncSSB0u2w\/fogo-castilho2.jpeg 1000w, https:\/\/s2.glbimg.com\/1wQv8H0G1ZiWREyQQNYALIlM2eY=\/0x0:1136x640\/984x0\/smart\/filters:strip_icc()\/i.s3.glbimg.com\/v1\/AUTH_59edd422c0c84a879bd37670ae4f538a\/internal_photos\/bs\/2020\/D\/b\/IzfBguROS3CncSSB0u2w\/fogo-castilho2.jpeg 984w, https:\/\/s2.glbimg.com\/Y0Nqi5DB0EIOAd08VhRu9xH9b2A=\/0x0:1136x640\/640x0\/smart\/filters:strip_icc()\/i.s3.glbimg.com\/v1\/AUTH_59edd422c0c84a879bd37670ae4f538a\/internal_photos\/bs\/2020\/D\/b\/IzfBguROS3CncSSB0u2w\/fogo-castilho2.jpeg 640w, https:\/\/s2.glbimg.com\/QcEIqBLVAv0J9GJDRe_eH6Qq-1Y=\/0x0:1136x640\/600x0\/smart\/filters:strip_icc()\/i.s3.glbimg.com\/v1\/AUTH_59edd422c0c84a879bd37670ae4f538a\/internal_photos\/bs\/2020\/D\/b\/IzfBguROS3CncSSB0u2w\/fogo-castilho2.jpeg 600w\" alt=\"Chamas atingiram grande \u00e1rea em pastagem de Castilho \u2014 Foto: Reprodu\u00e7\u00e3o\/TV TEM\" \/><\/figure>\n<p class=\"content-media__description \" style=\"text-align: justify;\">Chamas atingiram grande \u00e1rea em pastagem de Castilho \u2014 Foto: Reprodu\u00e7\u00e3o\/TV TEM<\/p>\n<p style=\"text-align: justify;\">Fonte: G1<\/p>\n<p style=\"text-align: justify;\">V\u00eddeo de Internauta mostra o Portal de Entrada de Castilho.<\/p>\n<div style=\"width: 696px;\" class=\"wp-video\"><video class=\"wp-video-shortcode\" id=\"video-34681-1\" width=\"696\" height=\"392\" preload=\"metadata\" controls=\"controls\"><source type=\"video\/mp4\" src=\"https:\/\/jorgezanoni.com.br\/2019\/wp-content\/uploads\/2020\/09\/WhatsApp-Video-2020-09-11-at-13.12.08.mp4?_=1\" \/><a href=\"https:\/\/jorgezanoni.com.br\/2019\/wp-content\/uploads\/2020\/09\/WhatsApp-Video-2020-09-11-at-13.12.08.mp4\">https:\/\/jorgezanoni.com.br\/2019\/wp-content\/uploads\/2020\/09\/WhatsApp-Video-2020-09-11-at-13.12.08.mp4<\/a><\/video><\/div>\n<\/div>\n<\/div>\n<\/div>\n","protected":false},"excerpt":{"rendered":"<p>De acordo com o Corpo de Bombeiros, as chamas tamb\u00e9m atingiram a rede el\u00e9trica. O fogo mobilizou a brigada de inc\u00eandio em Castilho e caminh\u00f5es pipa de uma usina. Um inc\u00eandio atingiu \u00e1rea de pastagem pr\u00f3xima da Rodovia Marechal Rondon, em Castilho (SP), nesta sexta-feira (11). De acordo com o Corpo de Bombeiros, as chamas [&hellip;]<\/p>\n","protected":false},"author":1,"featured_media":34683,"comment_status":"closed","ping_status":"open","sticky":false,"template":"","format":"video","meta":{"footnotes":""},"categories":[110,169],"tags":[],"class_list":["post-34681","post","type-post","status-publish","format-video","has-post-thumbnail","hentry","category-noticiasdestaque","category-videos","post_format-post-format-video"],"_links":{"self":[{"href":"https:\/\/jorgezanoni.com.br\/2019\/wp-json\/wp\/v2\/posts\/34681","targetHints":{"allow":["GET"]}}],"collection":[{"href":"https:\/\/jorgezanoni.com.br\/2019\/wp-json\/wp\/v2\/posts"}],"about":[{"href":"https:\/\/jorgezanoni.com.br\/2019\/wp-json\/wp\/v2\/types\/post"}],"author":[{"embeddable":true,"href":"https:\/\/jorgezanoni.com.br\/2019\/wp-json\/wp\/v2\/users\/1"}],"replies":[{"embeddable":true,"href":"https:\/\/jorgezanoni.com.br\/2019\/wp-json\/wp\/v2\/comments?post=34681"}],"version-history":[{"count":0,"href":"https:\/\/jorgezanoni.com.br\/2019\/wp-json\/wp\/v2\/posts\/34681\/revisions"}],"wp:featuredmedia":[{"embeddable":true,"href":"https:\/\/jorgezanoni.com.br\/2019\/wp-json\/wp\/v2\/media\/34683"}],"wp:attachment":[{"href":"https:\/\/jorgezanoni.com.br\/2019\/wp-json\/wp\/v2\/media?parent=34681"}],"wp:term":[{"taxonomy":"category","embeddable":true,"href":"https:\/\/jorgezanoni.com.br\/2019\/wp-json\/wp\/v2\/categories?post=34681"},{"taxonomy":"post_tag","embeddable":true,"href":"https:\/\/jorgezanoni.com.br\/2019\/wp-json\/wp\/v2\/tags?post=34681"}],"curies":[{"name":"wp","href":"https:\/\/api.w.org\/{rel}","templated":true}]}}