{"id":34673,"date":"2020-09-11T16:58:08","date_gmt":"2020-09-11T16:58:08","guid":{"rendered":"https:\/\/jorgezanoni.com.br\/2019\/?p=34673"},"modified":"2020-09-11T16:58:44","modified_gmt":"2020-09-11T16:58:44","slug":"aviao-de-pequeno-porte-cai-em-frente-a-base-da-policia-rodoviaria-em-bauru","status":"publish","type":"post","link":"https:\/\/jorgezanoni.com.br\/2019\/aviao-de-pequeno-porte-cai-em-frente-a-base-da-policia-rodoviaria-em-bauru\/","title":{"rendered":"Avi\u00e3o de pequeno porte cai em frente \u00e0 base da Pol\u00edcia Rodovi\u00e1ria em Bauru"},"content":{"rendered":"<h2 class=\"content-head__subtitle\" style=\"text-align: justify;\"><strong>Segundo os bombeiros, piloto e aluno estavam no monomotor que pertence ao aeroclube. V\u00edtimas tiveram ferimentos leves e a aeronave foi parar no canteiro central da Rodovia Marechal Rondon.<\/strong><\/h2>\n<div class=\"mc-column content-text active-extra-styles \" data-block-type=\"unstyled\" data-block-weight=\"18\" data-block-id=\"2\">\n<p class=\"content-text__container \" style=\"text-align: justify;\" data-track-category=\"Link no Texto\" data-track-links=\"\">Um avi\u00e3o monomotor caiu na manh\u00e3 desta sexta-feira (11) na Rodovia Marechal Rondon (SP-300), em Bauru (SP).<\/p>\n<\/div>\n<div class=\"wall protected-content\">\n<div class=\"mc-column content-text active-extra-styles \" style=\"text-align: justify;\" data-block-type=\"unstyled\" data-block-weight=\"29\" data-block-id=\"3\">\n<p class=\"content-text__container \" data-track-category=\"Link no Texto\" data-track-links=\"\">Segundo o Corpo de Bombeiros, o avi\u00e3o modelo modelo AB 115 e prefixo PP-FLJ pertence ao aeroclube, e estava com duas pessoas, o piloto instrutor e um aluno.<\/p>\n<\/div>\n<div class=\"mc-column content-text active-extra-styles \" style=\"text-align: justify;\" data-block-type=\"unstyled\" data-block-weight=\"43\" data-block-id=\"4\">\n<p class=\"content-text__container \" data-track-category=\"Link no Texto\" data-track-links=\"\">Eles haviam decolado da pista do aeroclube em dire\u00e7\u00e3o \u00e0 Pederneiras quando o monomotor perdeu sustenta\u00e7\u00e3o por conta de uma falha no motor, segundo o piloto relatou aos bombeiros, e caiu em frente \u00e0 base da Pol\u00edcia Rodovi\u00e1ria por volta das 11h.<\/p>\n<\/div>\n<div class=\"row medium-uncollapsed content-media content-photo\" style=\"text-align: justify;\" data-block-type=\"backstage-photo\" data-block-id=\"5\">\n<div class=\"mc-column content-media__container\">\n<figure><img decoding=\"async\" class=\"i-amphtml-fill-content i-amphtml-replaced-content\" src=\"https:\/\/s2.glbimg.com\/qF9XbaaKYc0oYNcVHydRg4IMUG4=\/0x0:849x450\/984x0\/smart\/filters:strip_icc()\/i.s3.glbimg.com\/v1\/AUTH_59edd422c0c84a879bd37670ae4f538a\/internal_photos\/bs\/2020\/C\/C\/ek3lWRRtCYIsjPB6klLA\/aviao2.png\" sizes=\"(max-width: 1366px) 648px, 100vw\" srcset=\"https:\/\/s2.glbimg.com\/q5iEPc3cGHmPWaZ4bMtxbb3smm0=\/0x0:849x450\/1000x0\/smart\/filters:strip_icc()\/i.s3.glbimg.com\/v1\/AUTH_59edd422c0c84a879bd37670ae4f538a\/internal_photos\/bs\/2020\/C\/C\/ek3lWRRtCYIsjPB6klLA\/aviao2.png 1000w, https:\/\/s2.glbimg.com\/qF9XbaaKYc0oYNcVHydRg4IMUG4=\/0x0:849x450\/984x0\/smart\/filters:strip_icc()\/i.s3.glbimg.com\/v1\/AUTH_59edd422c0c84a879bd37670ae4f538a\/internal_photos\/bs\/2020\/C\/C\/ek3lWRRtCYIsjPB6klLA\/aviao2.png 984w, https:\/\/s2.glbimg.com\/6jwVJJtZ6NN_2LshIEDCAzX-rxQ=\/0x0:849x450\/640x0\/smart\/filters:strip_icc()\/i.s3.glbimg.com\/v1\/AUTH_59edd422c0c84a879bd37670ae4f538a\/internal_photos\/bs\/2020\/C\/C\/ek3lWRRtCYIsjPB6klLA\/aviao2.png 640w, https:\/\/s2.glbimg.com\/xx7BQO4PRyA63h2NtZKqtqhMx6o=\/0x0:849x450\/600x0\/smart\/filters:strip_icc()\/i.s3.glbimg.com\/v1\/AUTH_59edd422c0c84a879bd37670ae4f538a\/internal_photos\/bs\/2020\/C\/C\/ek3lWRRtCYIsjPB6klLA\/aviao2.png 600w\" alt=\"Monomotor perdeu sustenta\u00e7\u00e3o por conta de uma falha no motor, segundo piloto relatou aos bombeiros \u2014 Foto: TV TEM\/Reprodu\u00e7\u00e3o\" \/><\/figure>\n<p class=\"content-media__description \">Monomotor perdeu sustenta\u00e7\u00e3o por conta de uma falha no motor, segundo piloto relatou aos bombeiros \u2014 Foto: TV TEM\/Reprodu\u00e7\u00e3o<\/p>\n<\/div>\n<\/div>\n<div class=\"mc-column content-text active-extra-styles \" style=\"text-align: justify;\" data-block-type=\"unstyled\" data-block-weight=\"36\" data-block-id=\"6\">\n<p class=\"content-text__container \" data-track-category=\"Link no Texto\" data-track-links=\"\">A aeronave foi parar no canteiro central da via. O piloto de 57 anos e o aluno, de 20, j\u00e1 estavam fora da aeronave quando os bombeiros chegaram no local e tiveram apenas ferimentos leves.<\/p>\n<\/div>\n<div class=\"mc-column content-text active-extra-styles \" style=\"text-align: justify;\" data-block-type=\"unstyled\" data-block-weight=\"32\" data-block-id=\"8\">\n<p class=\"content-text__container \" data-track-category=\"Link no Texto\" data-track-links=\"\">De acordo com a Ag\u00eancia Nacional de Avia\u00e7\u00e3o Civil (ANAC), dados do Registro Aeron\u00e1utico Brasileiro (RAB) mostram que a aeronave de matr\u00edcula PP-FLJ estava em dia, ou seja, apta a voar.<\/p>\n<\/div>\n<div class=\"mc-column content-text active-extra-styles\" style=\"text-align: justify;\" data-block-type=\"raw\" data-block-weight=\"3\" data-block-id=\"9\">\n<div class=\"content-intertitle\">\n<h2>Atendimento da ocorr\u00eancia<\/h2>\n<\/div>\n<\/div>\n<div class=\"row medium-uncollapsed content-media content-photo\" style=\"text-align: justify;\" data-block-type=\"backstage-photo\" data-block-id=\"10\">\n<div class=\"mc-column content-media__container\">\n<figure><img decoding=\"async\" class=\"i-amphtml-fill-content i-amphtml-replaced-content\" src=\"https:\/\/s2.glbimg.com\/rAOtgUiWkDYxXzZoVywoik0l6j4=\/0x0:788x472\/984x0\/smart\/filters:strip_icc()\/i.s3.glbimg.com\/v1\/AUTH_59edd422c0c84a879bd37670ae4f538a\/internal_photos\/bs\/2020\/K\/c\/gfUnweRWqUsmITbzD7Vg\/aviao3.png\" sizes=\"(max-width: 1366px) 648px, 100vw\" srcset=\"https:\/\/s2.glbimg.com\/Dp3MRE-KqeYwtY3IPF2bPtUdDlM=\/0x0:788x472\/1000x0\/smart\/filters:strip_icc()\/i.s3.glbimg.com\/v1\/AUTH_59edd422c0c84a879bd37670ae4f538a\/internal_photos\/bs\/2020\/K\/c\/gfUnweRWqUsmITbzD7Vg\/aviao3.png 1000w, https:\/\/s2.glbimg.com\/rAOtgUiWkDYxXzZoVywoik0l6j4=\/0x0:788x472\/984x0\/smart\/filters:strip_icc()\/i.s3.glbimg.com\/v1\/AUTH_59edd422c0c84a879bd37670ae4f538a\/internal_photos\/bs\/2020\/K\/c\/gfUnweRWqUsmITbzD7Vg\/aviao3.png 984w, https:\/\/s2.glbimg.com\/MELAkAEOnENXWtoBJZTix9L1AHk=\/0x0:788x472\/640x0\/smart\/filters:strip_icc()\/i.s3.glbimg.com\/v1\/AUTH_59edd422c0c84a879bd37670ae4f538a\/internal_photos\/bs\/2020\/K\/c\/gfUnweRWqUsmITbzD7Vg\/aviao3.png 640w, https:\/\/s2.glbimg.com\/FzWZhbEIgZeVTMzNgW9eNG98nmk=\/0x0:788x472\/600x0\/smart\/filters:strip_icc()\/i.s3.glbimg.com\/v1\/AUTH_59edd422c0c84a879bd37670ae4f538a\/internal_photos\/bs\/2020\/K\/c\/gfUnweRWqUsmITbzD7Vg\/aviao3.png 600w\" alt=\"Bombeiros trabalham em local de queda da aeronave para evitar princ\u00edpio de inc\u00eandio em Bauru \u2014 Foto: TV TEM\/Reprodu\u00e7\u00e3o\" \/><\/figure>\n<p class=\"content-media__description \">Bombeiros trabalham em local de queda da aeronave para evitar princ\u00edpio de inc\u00eandio em Bauru \u2014 Foto: TV TEM\/Reprodu\u00e7\u00e3o<\/p>\n<\/div>\n<\/div>\n<div class=\"mc-column content-text active-extra-styles \" style=\"text-align: justify;\" data-block-type=\"unstyled\" data-block-weight=\"37\" data-block-id=\"11\">\n<p class=\"content-text__container \" data-track-category=\"Link no Texto\" data-track-links=\"\">De acordo com o capit\u00e3o M\u00e1rio Augusto Damiati, do Corpo de Bombeiros, os trabalhos da equipe foram concentrados em garantir a seguran\u00e7a dos pilotos e dos moradores que estavam passando pela rodovia, que \u00e9 bastante movimentada.<\/p>\n<\/div>\n<div class=\"mc-column content-text active-extra-styles \" style=\"text-align: justify;\" data-block-type=\"unstyled\" data-block-weight=\"35\" data-block-id=\"12\">\n<p class=\"content-text__container \" data-track-category=\"Link no Texto\" data-track-links=\"\">\u201cRecebemos a chamada e em menos de 5 minutos est\u00e1vamos no local, contendo vazamento de combust\u00edvel, garantindo a seguran\u00e7a, isolando, e montando um sistema de espuma para evitar princ\u00edpio de inc\u00eandio\u201d, explica o capit\u00e3o.<\/p>\n<\/div>\n<div class=\"mc-column content-text active-extra-styles \" style=\"text-align: justify;\" data-block-type=\"unstyled\" data-block-weight=\"36\" data-block-id=\"13\">\n<p class=\"content-text__container \" data-track-category=\"Link no Texto\" data-track-links=\"\">A aeronave n\u00e3o atingiu carros nem pessoas que estavam na rodovia no momento do acidente. Segundo o capit\u00e3o, o piloto tentou pousar no local mais seguro poss\u00edvel que visualizou quando percebeu a falha no avi\u00e3o.<\/p>\n<\/div>\n<div class=\"mc-column content-text active-extra-styles \" style=\"text-align: justify;\" data-block-type=\"unstyled\" data-block-weight=\"47\" data-block-id=\"14\">\n<p class=\"content-text__container \" data-track-category=\"Link no Texto\" data-track-links=\"\">A partir de agora, o 4\u00ba Servi\u00e7o Regional de Investiga\u00e7\u00e3o e Preven\u00e7\u00e3o de Acidentes Aeron\u00e1uticos (Seripa) vai fazer a per\u00edcia na aeronave para tentar desvendar o que de fato ocorreu. A Pol\u00edcia Federal tamb\u00e9m est\u00e1 no local, o que \u00e9 procedimento padr\u00e3o neste tipo de ocorr\u00eancia.<\/p>\n<\/div>\n<div class=\"mc-column content-text active-extra-styles \" data-block-type=\"unstyled\" data-block-weight=\"20\" data-block-id=\"15\">\n<p class=\"content-text__container \" style=\"text-align: justify;\" data-track-category=\"Link no Texto\" data-track-links=\"\">N\u00e3o h\u00e1 previs\u00e3o para o monomotor ser retirado da pista e uma faixa da rodovia, sentido capital-interior, est\u00e1 interditada.<\/p>\n<p style=\"text-align: justify;\" data-track-category=\"Link no Texto\" data-track-links=\"\">Fonte: G1<\/p>\n<p style=\"text-align: justify;\" data-track-category=\"Link no Texto\" data-track-links=\"\">VEJA V\u00cdDEOS DE INTERNAUTAS:<\/p>\n<div style=\"width: 640px;\" class=\"wp-video\"><video class=\"wp-video-shortcode\" id=\"video-34673-1\" width=\"640\" height=\"352\" preload=\"metadata\" controls=\"controls\"><source type=\"video\/mp4\" src=\"https:\/\/jorgezanoni.com.br\/2019\/wp-content\/uploads\/2020\/09\/WhatsApp-Video-2020-09-11-at-13.46.52.mp4?_=1\" \/><a href=\"https:\/\/jorgezanoni.com.br\/2019\/wp-content\/uploads\/2020\/09\/WhatsApp-Video-2020-09-11-at-13.46.52.mp4\">https:\/\/jorgezanoni.com.br\/2019\/wp-content\/uploads\/2020\/09\/WhatsApp-Video-2020-09-11-at-13.46.52.mp4<\/a><\/video><\/div>\n<div style=\"width: 640px;\" class=\"wp-video\"><video class=\"wp-video-shortcode\" id=\"video-34673-2\" width=\"640\" height=\"352\" preload=\"metadata\" controls=\"controls\"><source type=\"video\/mp4\" src=\"https:\/\/jorgezanoni.com.br\/2019\/wp-content\/uploads\/2020\/09\/WhatsApp-Video-2020-09-11-at-13.46.48-1.mp4?_=2\" \/><a href=\"https:\/\/jorgezanoni.com.br\/2019\/wp-content\/uploads\/2020\/09\/WhatsApp-Video-2020-09-11-at-13.46.48-1.mp4\">https:\/\/jorgezanoni.com.br\/2019\/wp-content\/uploads\/2020\/09\/WhatsApp-Video-2020-09-11-at-13.46.48-1.mp4<\/a><\/video><\/div>\n<div style=\"width: 696px;\" class=\"wp-video\"><video class=\"wp-video-shortcode\" id=\"video-34673-3\" width=\"696\" height=\"394\" preload=\"metadata\" controls=\"controls\"><source type=\"video\/mp4\" src=\"https:\/\/jorgezanoni.com.br\/2019\/wp-content\/uploads\/2020\/09\/WhatsApp-Video-2020-09-11-at-13.46.45.mp4?_=3\" \/><a href=\"https:\/\/jorgezanoni.com.br\/2019\/wp-content\/uploads\/2020\/09\/WhatsApp-Video-2020-09-11-at-13.46.45.mp4\">https:\/\/jorgezanoni.com.br\/2019\/wp-content\/uploads\/2020\/09\/WhatsApp-Video-2020-09-11-at-13.46.45.mp4<\/a><\/video><\/div>\n<div style=\"width: 696px;\" class=\"wp-video\"><video class=\"wp-video-shortcode\" id=\"video-34673-4\" width=\"696\" height=\"394\" preload=\"metadata\" controls=\"controls\"><source type=\"video\/mp4\" src=\"https:\/\/jorgezanoni.com.br\/2019\/wp-content\/uploads\/2020\/09\/WhatsApp-Video-2020-09-11-at-13.45.37.mp4?_=4\" \/><a href=\"https:\/\/jorgezanoni.com.br\/2019\/wp-content\/uploads\/2020\/09\/WhatsApp-Video-2020-09-11-at-13.45.37.mp4\">https:\/\/jorgezanoni.com.br\/2019\/wp-content\/uploads\/2020\/09\/WhatsApp-Video-2020-09-11-at-13.45.37.mp4<\/a><\/video><\/div>\n<\/div>\n<\/div>\n","protected":false},"excerpt":{"rendered":"<p>Segundo os bombeiros, piloto e aluno estavam no monomotor que pertence ao aeroclube. V\u00edtimas tiveram ferimentos leves e a aeronave foi parar no canteiro central da Rodovia Marechal Rondon. Um avi\u00e3o monomotor caiu na manh\u00e3 desta sexta-feira (11) na Rodovia Marechal Rondon (SP-300), em Bauru (SP). Segundo o Corpo de Bombeiros, o avi\u00e3o modelo modelo [&hellip;]<\/p>\n","protected":false},"author":1,"featured_media":34679,"comment_status":"closed","ping_status":"open","sticky":false,"template":"","format":"video","meta":{"footnotes":""},"categories":[170,110,169],"tags":[],"class_list":["post-34673","post","type-post","status-publish","format-video","has-post-thumbnail","hentry","category-acidentes","category-noticiasdestaque","category-videos","post_format-post-format-video"],"_links":{"self":[{"href":"https:\/\/jorgezanoni.com.br\/2019\/wp-json\/wp\/v2\/posts\/34673","targetHints":{"allow":["GET"]}}],"collection":[{"href":"https:\/\/jorgezanoni.com.br\/2019\/wp-json\/wp\/v2\/posts"}],"about":[{"href":"https:\/\/jorgezanoni.com.br\/2019\/wp-json\/wp\/v2\/types\/post"}],"author":[{"embeddable":true,"href":"https:\/\/jorgezanoni.com.br\/2019\/wp-json\/wp\/v2\/users\/1"}],"replies":[{"embeddable":true,"href":"https:\/\/jorgezanoni.com.br\/2019\/wp-json\/wp\/v2\/comments?post=34673"}],"version-history":[{"count":0,"href":"https:\/\/jorgezanoni.com.br\/2019\/wp-json\/wp\/v2\/posts\/34673\/revisions"}],"wp:featuredmedia":[{"embeddable":true,"href":"https:\/\/jorgezanoni.com.br\/2019\/wp-json\/wp\/v2\/media\/34679"}],"wp:attachment":[{"href":"https:\/\/jorgezanoni.com.br\/2019\/wp-json\/wp\/v2\/media?parent=34673"}],"wp:term":[{"taxonomy":"category","embeddable":true,"href":"https:\/\/jorgezanoni.com.br\/2019\/wp-json\/wp\/v2\/categories?post=34673"},{"taxonomy":"post_tag","embeddable":true,"href":"https:\/\/jorgezanoni.com.br\/2019\/wp-json\/wp\/v2\/tags?post=34673"}],"curies":[{"name":"wp","href":"https:\/\/api.w.org\/{rel}","templated":true}]}}