{"id":34670,"date":"2020-09-11T16:27:10","date_gmt":"2020-09-11T16:27:10","guid":{"rendered":"https:\/\/jorgezanoni.com.br\/2019\/?p=34670"},"modified":"2020-09-11T16:27:10","modified_gmt":"2020-09-11T16:27:10","slug":"acidente-deixa-jovem-de-20-anos-gravemente-ferido","status":"publish","type":"post","link":"https:\/\/jorgezanoni.com.br\/2019\/acidente-deixa-jovem-de-20-anos-gravemente-ferido\/","title":{"rendered":"Acidente deixa jovem de 20 anos gravemente ferido"},"content":{"rendered":"<p style=\"text-align: justify;\"><strong>Um acidente ocorrido por volta das 23h30 desta quinta-feira (10) em Fl\u00f3rida Paulista, deixou um jovem de 20 anos gravemente ferido.<\/strong><\/p>\n<div id=\"attachment_25151\" class=\"wp-caption aligncenter\" style=\"text-align: justify;\"><a href=\"https:\/\/i2.wp.com\/ifolharegional.com.br\/wp-content\/uploads\/2020\/09\/foto-folharegional-2.jpg?ssl=1\"><img loading=\"lazy\" decoding=\"async\" class=\"wp-image-25151 size-full\" src=\"https:\/\/i2.wp.com\/ifolharegional.com.br\/wp-content\/uploads\/2020\/09\/foto-folharegional-2.jpg?resize=602%2C400&amp;ssl=1\" sizes=\"auto, (max-width: 602px) 100vw, 602px\" srcset=\"https:\/\/i2.wp.com\/ifolharegional.com.br\/wp-content\/uploads\/2020\/09\/foto-folharegional-2.jpg?w=602&amp;ssl=1 602w, https:\/\/i2.wp.com\/ifolharegional.com.br\/wp-content\/uploads\/2020\/09\/foto-folharegional-2.jpg?resize=300%2C199&amp;ssl=1 300w\" alt=\"\" width=\"602\" height=\"400\" aria-describedby=\"caption-attachment-25151\" data-attachment-id=\"25151\" data-permalink=\"https:\/\/ifolharegional.com.br\/2020\/09\/11\/florida-acidente-deixa-jovem-de-20-anos-gravemente-ferido\/foto-folharegional-2-2\/\" data-orig-file=\"https:\/\/i2.wp.com\/ifolharegional.com.br\/wp-content\/uploads\/2020\/09\/foto-folharegional-2.jpg?fit=602%2C400&amp;ssl=1\" data-orig-size=\"602,400\" data-comments-opened=\"0\" data-image-meta=\"{&quot;aperture&quot;:&quot;5&quot;,&quot;credit&quot;:&quot;&quot;,&quot;camera&quot;:&quot;NIKON D90&quot;,&quot;caption&quot;:&quot;????????????????????????????????????&quot;,&quot;created_timestamp&quot;:&quot;1599698654&quot;,&quot;copyright&quot;:&quot;&quot;,&quot;focal_length&quot;:&quot;18&quot;,&quot;iso&quot;:&quot;1600&quot;,&quot;shutter_speed&quot;:&quot;0.016666666666667&quot;,&quot;title&quot;:&quot;&quot;,&quot;orientation&quot;:&quot;1&quot;}\" data-image-title=\"foto-folharegional (2)\" data-image-description=\"\" data-medium-file=\"https:\/\/i2.wp.com\/ifolharegional.com.br\/wp-content\/uploads\/2020\/09\/foto-folharegional-2.jpg?fit=300%2C199&amp;ssl=1\" data-large-file=\"https:\/\/i2.wp.com\/ifolharegional.com.br\/wp-content\/uploads\/2020\/09\/foto-folharegional-2.jpg?fit=602%2C400&amp;ssl=1\" \/><\/a><\/p>\n<p id=\"caption-attachment-25151\" class=\"wp-caption-text\">FOTO: Diego Fernandes Silva \/ Folha Regional<\/p>\n<\/div>\n<p style=\"text-align: justify;\">Segundo apurado pelo N\u00facleo de Jornalismo do Grupo Folha Regional \u2013 (Jornal TV e Site) no local dos fatos, um GM Astra com placas de Adamantina, conduzido por um morador da Cidade Amizade, colidiu contra \u00e1rvores e tamb\u00e9m atingiu a coluna de um muro de alvenaria na Rua Wilson Fr\u00f3io (antiga Avenida Independ\u00eancia) na Vila Monteiro.<\/p>\n<p style=\"text-align: justify;\">Uma equipe da For\u00e7a T\u00e1tica da Pol\u00edcia Militar que realizava patrulhamento nas imedia\u00e7\u00f5es daquele bairro chegou ao local momentos ap\u00f3s o ocorrido e prestou os primeiros atendimentos acionando o socorro para o condutor que aparentava estar bastante ferido. A viatura de \u00e1rea de Fl\u00f3rida Paulista tamb\u00e9m prestou apoio nesta ocorr\u00eancia.<\/p>\n<p style=\"text-align: justify;\">\n<div id=\"attachment_25162\" class=\"wp-caption aligncenter\" style=\"text-align: justify;\"><a href=\"https:\/\/i2.wp.com\/ifolharegional.com.br\/wp-content\/uploads\/2020\/09\/foto-folharegional-14.jpg?ssl=1\"><img loading=\"lazy\" decoding=\"async\" class=\"wp-image-25162 size-full\" src=\"https:\/\/i2.wp.com\/ifolharegional.com.br\/wp-content\/uploads\/2020\/09\/foto-folharegional-14.jpg?resize=602%2C400&amp;ssl=1\" sizes=\"auto, (max-width: 602px) 100vw, 602px\" srcset=\"https:\/\/i2.wp.com\/ifolharegional.com.br\/wp-content\/uploads\/2020\/09\/foto-folharegional-14.jpg?w=602&amp;ssl=1 602w, https:\/\/i2.wp.com\/ifolharegional.com.br\/wp-content\/uploads\/2020\/09\/foto-folharegional-14.jpg?resize=300%2C199&amp;ssl=1 300w\" alt=\"\" width=\"602\" height=\"400\" aria-describedby=\"caption-attachment-25162\" data-attachment-id=\"25162\" data-permalink=\"https:\/\/ifolharegional.com.br\/2020\/09\/11\/florida-acidente-deixa-jovem-de-20-anos-gravemente-ferido\/foto-folharegional-14\/\" data-orig-file=\"https:\/\/i2.wp.com\/ifolharegional.com.br\/wp-content\/uploads\/2020\/09\/foto-folharegional-14.jpg?fit=602%2C400&amp;ssl=1\" data-orig-size=\"602,400\" data-comments-opened=\"0\" data-image-meta=\"{&quot;aperture&quot;:&quot;5&quot;,&quot;credit&quot;:&quot;&quot;,&quot;camera&quot;:&quot;NIKON D90&quot;,&quot;caption&quot;:&quot;????????????????????????????????????&quot;,&quot;created_timestamp&quot;:&quot;1599698245&quot;,&quot;copyright&quot;:&quot;&quot;,&quot;focal_length&quot;:&quot;25&quot;,&quot;iso&quot;:&quot;1600&quot;,&quot;shutter_speed&quot;:&quot;0.016666666666667&quot;,&quot;title&quot;:&quot;&quot;,&quot;orientation&quot;:&quot;1&quot;}\" data-image-title=\"foto-folharegional (14)\" data-image-description=\"\" data-medium-file=\"https:\/\/i2.wp.com\/ifolharegional.com.br\/wp-content\/uploads\/2020\/09\/foto-folharegional-14.jpg?fit=300%2C199&amp;ssl=1\" data-large-file=\"https:\/\/i2.wp.com\/ifolharegional.com.br\/wp-content\/uploads\/2020\/09\/foto-folharegional-14.jpg?fit=602%2C400&amp;ssl=1\" data-recalc-dims=\"1\" \/><\/a><\/p>\n<p id=\"caption-attachment-25162\" class=\"wp-caption-text\">FOTO: Diego Fernandes Silva \/ Folha Regional<\/p>\n<\/div>\n<p style=\"text-align: justify;\">Com a chegada da Unidade de Resgate do Corpo de Bombeiros, a v\u00edtima foi retirada do interior do ve\u00edculo, recebeu os primeiros socorros, foi estabilizada e conduzida direto para o Pronto Socorro de Adamantina.<\/p>\n<p style=\"text-align: justify;\">A Pol\u00edcia Cient\u00edfica foi acionada e compareceu ao local para a coleta de dados, imagens e detalhes que poder\u00e3o apontar as causas do acidente.<\/p>\n<div id=\"attachment_25158\" class=\"wp-caption aligncenter\" style=\"text-align: justify;\"><a href=\"https:\/\/i2.wp.com\/ifolharegional.com.br\/wp-content\/uploads\/2020\/09\/foto-folharegional-9.jpg?ssl=1\"><img loading=\"lazy\" decoding=\"async\" class=\"wp-image-25158 size-full\" src=\"https:\/\/i2.wp.com\/ifolharegional.com.br\/wp-content\/uploads\/2020\/09\/foto-folharegional-9.jpg?resize=602%2C400&amp;ssl=1\" sizes=\"auto, (max-width: 602px) 100vw, 602px\" srcset=\"https:\/\/i2.wp.com\/ifolharegional.com.br\/wp-content\/uploads\/2020\/09\/foto-folharegional-9.jpg?w=602&amp;ssl=1 602w, https:\/\/i2.wp.com\/ifolharegional.com.br\/wp-content\/uploads\/2020\/09\/foto-folharegional-9.jpg?resize=300%2C199&amp;ssl=1 300w\" alt=\"\" width=\"602\" height=\"400\" aria-describedby=\"caption-attachment-25158\" data-attachment-id=\"25158\" data-permalink=\"https:\/\/ifolharegional.com.br\/2020\/09\/11\/florida-acidente-deixa-jovem-de-20-anos-gravemente-ferido\/foto-folharegional-9\/\" data-orig-file=\"https:\/\/i2.wp.com\/ifolharegional.com.br\/wp-content\/uploads\/2020\/09\/foto-folharegional-9.jpg?fit=602%2C400&amp;ssl=1\" data-orig-size=\"602,400\" data-comments-opened=\"0\" data-image-meta=\"{&quot;aperture&quot;:&quot;5&quot;,&quot;credit&quot;:&quot;&quot;,&quot;camera&quot;:&quot;NIKON D90&quot;,&quot;caption&quot;:&quot;????????????????????????????????????&quot;,&quot;created_timestamp&quot;:&quot;1599698748&quot;,&quot;copyright&quot;:&quot;&quot;,&quot;focal_length&quot;:&quot;18&quot;,&quot;iso&quot;:&quot;1600&quot;,&quot;shutter_speed&quot;:&quot;0.016666666666667&quot;,&quot;title&quot;:&quot;&quot;,&quot;orientation&quot;:&quot;1&quot;}\" data-image-title=\"foto-folharegional (9)\" data-image-description=\"\" data-medium-file=\"https:\/\/i2.wp.com\/ifolharegional.com.br\/wp-content\/uploads\/2020\/09\/foto-folharegional-9.jpg?fit=300%2C199&amp;ssl=1\" data-large-file=\"https:\/\/i2.wp.com\/ifolharegional.com.br\/wp-content\/uploads\/2020\/09\/foto-folharegional-9.jpg?fit=602%2C400&amp;ssl=1\" data-recalc-dims=\"1\" \/><\/a><\/p>\n<p id=\"caption-attachment-25158\" class=\"wp-caption-text\">FOTO: Diego Fernandes Silva \/ Folha Regional<\/p>\n<\/div>\n<p style=\"text-align: justify;\">Por sorte, a via que \u00e9 bastante movimentada com a presen\u00e7a de adultos, idosos e at\u00e9 mesmo com um grande fluxo de ve\u00edculos, n\u00e3o possu\u00eda nenhum pedestre no local no momento do ocorrido.<\/p>\n<div id=\"attachment_25157\" class=\"wp-caption aligncenter\" style=\"text-align: justify;\"><a href=\"https:\/\/i0.wp.com\/ifolharegional.com.br\/wp-content\/uploads\/2020\/09\/foto-folharegional-8.jpg?ssl=1\"><img loading=\"lazy\" decoding=\"async\" class=\"wp-image-25157 size-full\" src=\"https:\/\/i0.wp.com\/ifolharegional.com.br\/wp-content\/uploads\/2020\/09\/foto-folharegional-8.jpg?resize=617%2C350&amp;ssl=1\" sizes=\"auto, (max-width: 617px) 100vw, 617px\" srcset=\"https:\/\/i0.wp.com\/ifolharegional.com.br\/wp-content\/uploads\/2020\/09\/foto-folharegional-8.jpg?w=617&amp;ssl=1 617w, https:\/\/i0.wp.com\/ifolharegional.com.br\/wp-content\/uploads\/2020\/09\/foto-folharegional-8.jpg?resize=300%2C170&amp;ssl=1 300w\" alt=\"\" width=\"617\" height=\"350\" aria-describedby=\"caption-attachment-25157\" data-attachment-id=\"25157\" data-permalink=\"https:\/\/ifolharegional.com.br\/2020\/09\/11\/florida-acidente-deixa-jovem-de-20-anos-gravemente-ferido\/foto-folharegional-8\/\" data-orig-file=\"https:\/\/i0.wp.com\/ifolharegional.com.br\/wp-content\/uploads\/2020\/09\/foto-folharegional-8.jpg?fit=617%2C350&amp;ssl=1\" data-orig-size=\"617,350\" data-comments-opened=\"0\" data-image-meta=\"{&quot;aperture&quot;:&quot;5&quot;,&quot;credit&quot;:&quot;&quot;,&quot;camera&quot;:&quot;NIKON D90&quot;,&quot;caption&quot;:&quot;????????????????????????????????????&quot;,&quot;created_timestamp&quot;:&quot;1599698734&quot;,&quot;copyright&quot;:&quot;&quot;,&quot;focal_length&quot;:&quot;18&quot;,&quot;iso&quot;:&quot;1600&quot;,&quot;shutter_speed&quot;:&quot;0.016666666666667&quot;,&quot;title&quot;:&quot;&quot;,&quot;orientation&quot;:&quot;1&quot;}\" data-image-title=\"foto-folharegional (8)\" data-image-description=\"\" data-medium-file=\"https:\/\/i0.wp.com\/ifolharegional.com.br\/wp-content\/uploads\/2020\/09\/foto-folharegional-8.jpg?fit=300%2C170&amp;ssl=1\" data-large-file=\"https:\/\/i0.wp.com\/ifolharegional.com.br\/wp-content\/uploads\/2020\/09\/foto-folharegional-8.jpg?fit=617%2C350&amp;ssl=1\" data-recalc-dims=\"1\" \/><\/a><\/p>\n<p id=\"caption-attachment-25157\" class=\"wp-caption-text\">FOTO: Diego Fernandes Silva \/ Folha Regional<\/p>\n<\/div>\n<p style=\"text-align: justify;\">Ap\u00f3s os trabalhos da Pol\u00edcia, o ve\u00edculo foi liberado e deixado sob a responsabilidade dos familiares da v\u00edtima. Na manh\u00e3 desta sexta-feira (11), o carro ainda estava no local e seria removido com o auxilio de uma m\u00e1quina da Prefeitura.<\/p>\n<p style=\"text-align: justify;\">\n<div id=\"attachment_25156\" class=\"wp-caption aligncenter\" style=\"text-align: justify;\"><a href=\"https:\/\/i2.wp.com\/ifolharegional.com.br\/wp-content\/uploads\/2020\/09\/foto-folharegional-7.jpg?ssl=1\"><img loading=\"lazy\" decoding=\"async\" class=\"wp-image-25156 size-full\" src=\"https:\/\/i2.wp.com\/ifolharegional.com.br\/wp-content\/uploads\/2020\/09\/foto-folharegional-7.jpg?resize=602%2C400&amp;ssl=1\" sizes=\"auto, (max-width: 602px) 100vw, 602px\" srcset=\"https:\/\/i2.wp.com\/ifolharegional.com.br\/wp-content\/uploads\/2020\/09\/foto-folharegional-7.jpg?w=602&amp;ssl=1 602w, https:\/\/i2.wp.com\/ifolharegional.com.br\/wp-content\/uploads\/2020\/09\/foto-folharegional-7.jpg?resize=300%2C199&amp;ssl=1 300w\" alt=\"\" width=\"602\" height=\"400\" aria-describedby=\"caption-attachment-25156\" data-attachment-id=\"25156\" data-permalink=\"https:\/\/ifolharegional.com.br\/2020\/09\/11\/florida-acidente-deixa-jovem-de-20-anos-gravemente-ferido\/foto-folharegional-7\/\" data-orig-file=\"https:\/\/i2.wp.com\/ifolharegional.com.br\/wp-content\/uploads\/2020\/09\/foto-folharegional-7.jpg?fit=602%2C400&amp;ssl=1\" data-orig-size=\"602,400\" data-comments-opened=\"0\" data-image-meta=\"{&quot;aperture&quot;:&quot;5&quot;,&quot;credit&quot;:&quot;&quot;,&quot;camera&quot;:&quot;NIKON D90&quot;,&quot;caption&quot;:&quot;????????????????????????????????????&quot;,&quot;created_timestamp&quot;:&quot;1599698726&quot;,&quot;copyright&quot;:&quot;&quot;,&quot;focal_length&quot;:&quot;18&quot;,&quot;iso&quot;:&quot;1600&quot;,&quot;shutter_speed&quot;:&quot;0.016666666666667&quot;,&quot;title&quot;:&quot;&quot;,&quot;orientation&quot;:&quot;1&quot;}\" data-image-title=\"foto-folharegional (7)\" data-image-description=\"\" data-medium-file=\"https:\/\/i2.wp.com\/ifolharegional.com.br\/wp-content\/uploads\/2020\/09\/foto-folharegional-7.jpg?fit=300%2C199&amp;ssl=1\" data-large-file=\"https:\/\/i2.wp.com\/ifolharegional.com.br\/wp-content\/uploads\/2020\/09\/foto-folharegional-7.jpg?fit=602%2C400&amp;ssl=1\" data-recalc-dims=\"1\" \/><\/a><\/p>\n<p id=\"caption-attachment-25156\" class=\"wp-caption-text\">FOTO: Diego Fernandes Silva \/ Folha Regional<\/p>\n<\/div>\n<p style=\"text-align: justify;\"><strong>DEVE SER TRANSFERIDO<\/strong><\/p>\n<p style=\"text-align: justify;\">Ainda na manh\u00e3 de hoje, momentos antes da postagem desta reportagem, nossa reportagem apurou que o jovem foi atendido em Adamantina no Pronto Socorro e ap\u00f3s a avalia\u00e7\u00e3o m\u00e9dica, decidiu-se por sua transfer\u00eancia para uma unidade de sa\u00fade de suporte avan\u00e7ado, provavelmente em Mar\u00edlia, uma vez que seu estado de sa\u00fade necessita de maiores cuidados.<\/p>\n<p style=\"text-align: justify;\">A transfer\u00eancia da v\u00edtima deve ocorrer nas pr\u00f3ximas horas.<\/p>\n<p style=\"text-align: justify;\">A nossa reportagem segue acompanhando o estado de sa\u00fade do jovem e a atualiza\u00e7\u00e3o desta reportagem pode acontecer a qualquer momento.<\/p>\n<p style=\"text-align: justify;\">Fonte: Folha Regional<\/p>\n","protected":false},"excerpt":{"rendered":"<p>Um acidente ocorrido por volta das 23h30 desta quinta-feira (10) em Fl\u00f3rida Paulista, deixou um jovem de 20 anos gravemente ferido. FOTO: Diego Fernandes Silva \/ Folha Regional Segundo apurado pelo N\u00facleo de Jornalismo do Grupo Folha Regional \u2013 (Jornal TV e Site) no local dos fatos, um GM Astra com placas de Adamantina, conduzido [&hellip;]<\/p>\n","protected":false},"author":1,"featured_media":34671,"comment_status":"closed","ping_status":"open","sticky":false,"template":"","format":"standard","meta":{"footnotes":""},"categories":[170,110],"tags":[],"class_list":["post-34670","post","type-post","status-publish","format-standard","has-post-thumbnail","hentry","category-acidentes","category-noticiasdestaque"],"_links":{"self":[{"href":"https:\/\/jorgezanoni.com.br\/2019\/wp-json\/wp\/v2\/posts\/34670","targetHints":{"allow":["GET"]}}],"collection":[{"href":"https:\/\/jorgezanoni.com.br\/2019\/wp-json\/wp\/v2\/posts"}],"about":[{"href":"https:\/\/jorgezanoni.com.br\/2019\/wp-json\/wp\/v2\/types\/post"}],"author":[{"embeddable":true,"href":"https:\/\/jorgezanoni.com.br\/2019\/wp-json\/wp\/v2\/users\/1"}],"replies":[{"embeddable":true,"href":"https:\/\/jorgezanoni.com.br\/2019\/wp-json\/wp\/v2\/comments?post=34670"}],"version-history":[{"count":0,"href":"https:\/\/jorgezanoni.com.br\/2019\/wp-json\/wp\/v2\/posts\/34670\/revisions"}],"wp:featuredmedia":[{"embeddable":true,"href":"https:\/\/jorgezanoni.com.br\/2019\/wp-json\/wp\/v2\/media\/34671"}],"wp:attachment":[{"href":"https:\/\/jorgezanoni.com.br\/2019\/wp-json\/wp\/v2\/media?parent=34670"}],"wp:term":[{"taxonomy":"category","embeddable":true,"href":"https:\/\/jorgezanoni.com.br\/2019\/wp-json\/wp\/v2\/categories?post=34670"},{"taxonomy":"post_tag","embeddable":true,"href":"https:\/\/jorgezanoni.com.br\/2019\/wp-json\/wp\/v2\/tags?post=34670"}],"curies":[{"name":"wp","href":"https:\/\/api.w.org\/{rel}","templated":true}]}}