{"id":34667,"date":"2020-09-11T16:12:28","date_gmt":"2020-09-11T16:12:28","guid":{"rendered":"https:\/\/jorgezanoni.com.br\/2019\/?p=34667"},"modified":"2020-09-11T16:12:28","modified_gmt":"2020-09-11T16:12:28","slug":"duas-pessoas-ficam-feridas-apos-carro-colidir-em-poste","status":"publish","type":"post","link":"https:\/\/jorgezanoni.com.br\/2019\/duas-pessoas-ficam-feridas-apos-carro-colidir-em-poste\/","title":{"rendered":"Duas pessoas ficam feridas ap\u00f3s carro colidir em poste"},"content":{"rendered":"<p style=\"text-align: justify;\">Duas pessoas, que seriam adolescentes, sofreram ferimentos em acidente ocorrido na Rua Marechal do Ar Eduardo Gomes, em Tup\u00e3, na madrugada dessa quinta-feira, dia 10. A colis\u00e3o de carro contra poste de ilumina\u00e7\u00e3o p\u00fablica aconteceu quase por volta das 06h00 da manh\u00e3 e uma das v\u00edtimas teria ficado ferido gravemente.<\/p>\n<p style=\"text-align: justify;\">Consta que os jovens estavam em um ve\u00edculo Gol que trafegava pela Rua Marechal do Ar Eduardo Gomes e no local, por motivos a serem esclarecidos, o carro descontrolado subiu no canteiro central e chocou-se contra um poste de energia el\u00e9trica. O condutor e passageiro com ferimentos foram socorridos pela unidade resgate do Corpo de Bombeiros para a Santa Casa de Tup\u00e3.<\/p>\n<p style=\"text-align: justify;\">Informa\u00e7\u00f5es d\u00e3o conta que o jovem que conduzia o ve\u00edculo teria sofrido ferimentos de maior gravidade e que seria menor de idade, a exemplo do passageiro. O Gol teria sido recolhido para o p\u00e1tio da Ciretran devido o licenciamento estar em atraso.<\/p>\n<p style=\"text-align: justify;\">Fonte: Bastos J\u00e1<\/p>\n","protected":false},"excerpt":{"rendered":"<p>Duas pessoas, que seriam adolescentes, sofreram ferimentos em acidente ocorrido na Rua Marechal do Ar Eduardo Gomes, em Tup\u00e3, na madrugada dessa quinta-feira, dia 10. A colis\u00e3o de carro contra poste de ilumina\u00e7\u00e3o p\u00fablica aconteceu quase por volta das 06h00 da manh\u00e3 e uma das v\u00edtimas teria ficado ferido gravemente. Consta que os jovens estavam [&hellip;]<\/p>\n","protected":false},"author":1,"featured_media":34668,"comment_status":"closed","ping_status":"open","sticky":false,"template":"","format":"standard","meta":{"footnotes":""},"categories":[170,110],"tags":[],"class_list":["post-34667","post","type-post","status-publish","format-standard","has-post-thumbnail","hentry","category-acidentes","category-noticiasdestaque"],"_links":{"self":[{"href":"https:\/\/jorgezanoni.com.br\/2019\/wp-json\/wp\/v2\/posts\/34667","targetHints":{"allow":["GET"]}}],"collection":[{"href":"https:\/\/jorgezanoni.com.br\/2019\/wp-json\/wp\/v2\/posts"}],"about":[{"href":"https:\/\/jorgezanoni.com.br\/2019\/wp-json\/wp\/v2\/types\/post"}],"author":[{"embeddable":true,"href":"https:\/\/jorgezanoni.com.br\/2019\/wp-json\/wp\/v2\/users\/1"}],"replies":[{"embeddable":true,"href":"https:\/\/jorgezanoni.com.br\/2019\/wp-json\/wp\/v2\/comments?post=34667"}],"version-history":[{"count":0,"href":"https:\/\/jorgezanoni.com.br\/2019\/wp-json\/wp\/v2\/posts\/34667\/revisions"}],"wp:featuredmedia":[{"embeddable":true,"href":"https:\/\/jorgezanoni.com.br\/2019\/wp-json\/wp\/v2\/media\/34668"}],"wp:attachment":[{"href":"https:\/\/jorgezanoni.com.br\/2019\/wp-json\/wp\/v2\/media?parent=34667"}],"wp:term":[{"taxonomy":"category","embeddable":true,"href":"https:\/\/jorgezanoni.com.br\/2019\/wp-json\/wp\/v2\/categories?post=34667"},{"taxonomy":"post_tag","embeddable":true,"href":"https:\/\/jorgezanoni.com.br\/2019\/wp-json\/wp\/v2\/tags?post=34667"}],"curies":[{"name":"wp","href":"https:\/\/api.w.org\/{rel}","templated":true}]}}