{"id":34664,"date":"2020-09-11T15:56:28","date_gmt":"2020-09-11T15:56:28","guid":{"rendered":"https:\/\/jorgezanoni.com.br\/2019\/?p=34664"},"modified":"2020-09-11T15:56:28","modified_gmt":"2020-09-11T15:56:28","slug":"caminhao-pega-fogo-apos-passar-ao-lado-de-incendio","status":"publish","type":"post","link":"https:\/\/jorgezanoni.com.br\/2019\/caminhao-pega-fogo-apos-passar-ao-lado-de-incendio\/","title":{"rendered":"Caminh\u00e3o pega fogo ap\u00f3s passar ao lado de inc\u00eandio"},"content":{"rendered":"<div class=\"mc-column content-text active-extra-styles \" data-block-type=\"unstyled\" data-block-weight=\"23\" data-block-id=\"2\">\n<p class=\"content-text__container \" style=\"text-align: justify;\" data-track-category=\"Link no Texto\" data-track-links=\"\">Um caminh\u00e3o carregado de estruturas de ferro pegou fogo na tarde desta quinta-feira (10) na Rodovia Deputado Victor Maida (SP-331), em Ibitinga (SP).<\/p>\n<\/div>\n<div class=\"wall protected-content\">\n<div class=\"mc-column content-text active-extra-styles \" style=\"text-align: justify;\" data-block-type=\"unstyled\" data-block-weight=\"32\" data-block-id=\"3\">\n<p class=\"content-text__container \" data-track-category=\"Link no Texto\" data-track-links=\"\">O caminhoneiro disse aos bombeiros que havia passado por um trecho da rodovia em que havia uma queimada no mato pr\u00f3ximo \u00e0 pista e que as chamas podem ter atingido o ve\u00edculo.<\/p>\n<\/div>\n<div class=\"mc-column content-text active-extra-styles \" data-block-type=\"unstyled\" data-block-weight=\"34\" data-block-id=\"4\">\n<p class=\"content-text__container \" style=\"text-align: justify;\" data-track-category=\"Link no Texto\" data-track-links=\"\">O motorista do caminh\u00e3o disse que n\u00e3o notou que o ve\u00edculo estava em chamas e s\u00f3 percebeu o problema quando foi avisado por outros motoristas. Ele conseguiu sair a tempo e chamar os bombeiros.<\/p>\n<p style=\"text-align: justify;\">De acordo com os bombeiros, a ocorr\u00eancia aconteceu no km 50 da rodovia que liga Ibitinga a Tabatinga. O trabalho para conter as chamas durou cerca de uma hora. As chamas atingiram tamb\u00e9m \u00e1rea de mata ao lado do acostamento.<\/p>\n<div class=\"mc-column content-text active-extra-styles \" data-block-type=\"unstyled\" data-block-weight=\"9\" data-block-id=\"8\">\n<p class=\"content-text__container \" style=\"text-align: justify;\" data-track-category=\"Link no Texto\" data-track-links=\"\">Ningu\u00e9m ficou ferido e a pista j\u00e1 foi liberada.<\/p>\n<p style=\"text-align: justify;\"><img loading=\"lazy\" decoding=\"async\" src=\"https:\/\/i1.wp.com\/s2.glbimg.com\/yLUbtdKjVguPVlKgAh2Z4s3W7kg=\/0x0:1280x960\/1000x0\/smart\/filters:strip_icc()\/i.s3.glbimg.com\/v1\/AUTH_59edd422c0c84a879bd37670ae4f538a\/internal_photos\/bs\/2020\/N\/A\/PeCujTRbGSh9UsxaIOKA\/fogo-camihao3.jpeg?w=740&amp;ssl=1\" width=\"740\" height=\"555\" \/><\/p>\n<p>Fonte: G1<\/p>\n<\/div>\n<\/div>\n<\/div>\n","protected":false},"excerpt":{"rendered":"<p>Um caminh\u00e3o carregado de estruturas de ferro pegou fogo na tarde desta quinta-feira (10) na Rodovia Deputado Victor Maida (SP-331), em Ibitinga (SP). O caminhoneiro disse aos bombeiros que havia passado por um trecho da rodovia em que havia uma queimada no mato pr\u00f3ximo \u00e0 pista e que as chamas podem ter atingido o ve\u00edculo. [&hellip;]<\/p>\n","protected":false},"author":1,"featured_media":34665,"comment_status":"closed","ping_status":"open","sticky":false,"template":"","format":"standard","meta":{"footnotes":""},"categories":[170,110],"tags":[],"class_list":["post-34664","post","type-post","status-publish","format-standard","has-post-thumbnail","hentry","category-acidentes","category-noticiasdestaque"],"_links":{"self":[{"href":"https:\/\/jorgezanoni.com.br\/2019\/wp-json\/wp\/v2\/posts\/34664","targetHints":{"allow":["GET"]}}],"collection":[{"href":"https:\/\/jorgezanoni.com.br\/2019\/wp-json\/wp\/v2\/posts"}],"about":[{"href":"https:\/\/jorgezanoni.com.br\/2019\/wp-json\/wp\/v2\/types\/post"}],"author":[{"embeddable":true,"href":"https:\/\/jorgezanoni.com.br\/2019\/wp-json\/wp\/v2\/users\/1"}],"replies":[{"embeddable":true,"href":"https:\/\/jorgezanoni.com.br\/2019\/wp-json\/wp\/v2\/comments?post=34664"}],"version-history":[{"count":0,"href":"https:\/\/jorgezanoni.com.br\/2019\/wp-json\/wp\/v2\/posts\/34664\/revisions"}],"wp:featuredmedia":[{"embeddable":true,"href":"https:\/\/jorgezanoni.com.br\/2019\/wp-json\/wp\/v2\/media\/34665"}],"wp:attachment":[{"href":"https:\/\/jorgezanoni.com.br\/2019\/wp-json\/wp\/v2\/media?parent=34664"}],"wp:term":[{"taxonomy":"category","embeddable":true,"href":"https:\/\/jorgezanoni.com.br\/2019\/wp-json\/wp\/v2\/categories?post=34664"},{"taxonomy":"post_tag","embeddable":true,"href":"https:\/\/jorgezanoni.com.br\/2019\/wp-json\/wp\/v2\/tags?post=34664"}],"curies":[{"name":"wp","href":"https:\/\/api.w.org\/{rel}","templated":true}]}}