{"id":34647,"date":"2020-09-11T13:19:18","date_gmt":"2020-09-11T13:19:18","guid":{"rendered":"https:\/\/jorgezanoni.com.br\/2019\/?p=34647"},"modified":"2020-09-11T13:19:18","modified_gmt":"2020-09-11T13:19:18","slug":"tres-pessoas-ficam-feridas-em-acidente-com-onibus-que-viria-para-adamantina","status":"publish","type":"post","link":"https:\/\/jorgezanoni.com.br\/2019\/tres-pessoas-ficam-feridas-em-acidente-com-onibus-que-viria-para-adamantina\/","title":{"rendered":"Tr\u00eas pessoas ficam feridas em acidente com \u00f4nibus que viria para Adamantina"},"content":{"rendered":"<p style=\"text-align: justify;\">Tr\u00eas pessoas ficaram feridas em decorr\u00eancia de um acidente envolvendo um \u00f4nibus que fazia o itiner\u00e1rio Campinas\/SP para Adamantina.<\/p>\n<p style=\"text-align: justify;\">Segundo informa\u00e7\u00f5es enviadas ao N\u00facleo de Jornalismo do Adamantina Net por um passageiro que estava no interior do \u00f4nibus, foram vividos momentos de p\u00e2nico no acidente que envolveu o ve\u00edculo e um caminh\u00e3o carregado com toras de madeira.<\/p>\n<p style=\"text-align: justify;\"><img loading=\"lazy\" decoding=\"async\" class=\"aligncenter size-full wp-image-75478 jetpack-lazy-image jetpack-lazy-image--handled\" src=\"https:\/\/i1.wp.com\/adamantinanet.com.br\/wp-content\/uploads\/2020\/09\/119124429_344005350128305_4530770000071747870_n.jpg?resize=640%2C480&amp;ssl=1\" sizes=\"auto, (max-width: 640px) 100vw, 640px\" srcset=\"https:\/\/i1.wp.com\/adamantinanet.com.br\/wp-content\/uploads\/2020\/09\/119124429_344005350128305_4530770000071747870_n.jpg?w=640&amp;ssl=1 640w, https:\/\/i1.wp.com\/adamantinanet.com.br\/wp-content\/uploads\/2020\/09\/119124429_344005350128305_4530770000071747870_n.jpg?resize=300%2C225&amp;ssl=1 300w\" alt=\"\" width=\"640\" height=\"480\" data-recalc-dims=\"1\" data-lazy-loaded=\"1\" \/><\/p>\n<p style=\"text-align: justify;\">O acidente ocorreu na Rodovia Geraldo de Barros (SP-191), no trecho pr\u00f3ximo \u00e0 S\u00e3o Manuel\/SP.<\/p>\n<p style=\"text-align: justify;\">O internauta relatou que o os ve\u00edculos se cruzaram na rodovia e que o caminh\u00e3o estava com algumas toras de madeira em excesso na carroceria, o que pode ter ocasionado a colis\u00e3o. O motorista do caminh\u00e3o n\u00e3o parou no local do acidente.<\/p>\n<p style=\"text-align: justify;\"><img loading=\"lazy\" decoding=\"async\" class=\"aligncenter size-full wp-image-75477 jetpack-lazy-image jetpack-lazy-image--handled\" src=\"https:\/\/i1.wp.com\/adamantinanet.com.br\/wp-content\/uploads\/2020\/09\/119123590_629196838035206_3736972556462341715_n.jpg?resize=640%2C480&amp;ssl=1\" sizes=\"auto, (max-width: 640px) 100vw, 640px\" srcset=\"https:\/\/i1.wp.com\/adamantinanet.com.br\/wp-content\/uploads\/2020\/09\/119123590_629196838035206_3736972556462341715_n.jpg?w=640&amp;ssl=1 640w, https:\/\/i1.wp.com\/adamantinanet.com.br\/wp-content\/uploads\/2020\/09\/119123590_629196838035206_3736972556462341715_n.jpg?resize=300%2C225&amp;ssl=1 300w\" alt=\"\" width=\"640\" height=\"480\" data-recalc-dims=\"1\" data-lazy-loaded=\"1\" \/><\/p>\n<p style=\"text-align: justify;\">Entre as v\u00edtimas, uma senhora de 70 anos, uma mulher com problemas no joelho e uma passageira de 65 anos foram socorridas pelas equipes de resgate e encaminhadas para unidades de sa\u00fade da regi\u00e3o. Apesar do susto, outros passageiros n\u00e3o sofreram ferimentos.<\/p>\n<p style=\"text-align: justify;\"><img loading=\"lazy\" decoding=\"async\" class=\"aligncenter size-full wp-image-75476 jetpack-lazy-image jetpack-lazy-image--handled\" src=\"https:\/\/i0.wp.com\/adamantinanet.com.br\/wp-content\/uploads\/2020\/09\/119240810_371014903904169_833518111820715612_n.jpg?resize=640%2C480&amp;ssl=1\" sizes=\"auto, (max-width: 640px) 100vw, 640px\" srcset=\"https:\/\/i0.wp.com\/adamantinanet.com.br\/wp-content\/uploads\/2020\/09\/119240810_371014903904169_833518111820715612_n.jpg?w=640&amp;ssl=1 640w, https:\/\/i0.wp.com\/adamantinanet.com.br\/wp-content\/uploads\/2020\/09\/119240810_371014903904169_833518111820715612_n.jpg?resize=300%2C225&amp;ssl=1 300w\" alt=\"\" width=\"640\" height=\"480\" data-recalc-dims=\"1\" data-lazy-loaded=\"1\" \/><\/p>\n<p style=\"text-align: justify;\">O motorista do \u00f4nibus contou com a ajuda de uma enfermeira e de um passageiro com no\u00e7\u00f5es em primeiros socorros para dar o primeiro suporte \u00e0s v\u00edtimas.<\/p>\n<p style=\"text-align: justify;\">Cerca de tr\u00eas horas ap\u00f3s o ocorrido os passageiros puderam seguir viagem em um novo \u00f4nibus enviado pela empresa.<\/p>\n<p style=\"text-align: justify;\">Fonte: adamantinanet.com.br<\/p>\n","protected":false},"excerpt":{"rendered":"<p>Tr\u00eas pessoas ficaram feridas em decorr\u00eancia de um acidente envolvendo um \u00f4nibus que fazia o itiner\u00e1rio Campinas\/SP para Adamantina. Segundo informa\u00e7\u00f5es enviadas ao N\u00facleo de Jornalismo do Adamantina Net por um passageiro que estava no interior do \u00f4nibus, foram vividos momentos de p\u00e2nico no acidente que envolveu o ve\u00edculo e um caminh\u00e3o carregado com toras [&hellip;]<\/p>\n","protected":false},"author":1,"featured_media":34648,"comment_status":"closed","ping_status":"open","sticky":false,"template":"","format":"standard","meta":{"footnotes":""},"categories":[170,110],"tags":[],"class_list":["post-34647","post","type-post","status-publish","format-standard","has-post-thumbnail","hentry","category-acidentes","category-noticiasdestaque"],"_links":{"self":[{"href":"https:\/\/jorgezanoni.com.br\/2019\/wp-json\/wp\/v2\/posts\/34647","targetHints":{"allow":["GET"]}}],"collection":[{"href":"https:\/\/jorgezanoni.com.br\/2019\/wp-json\/wp\/v2\/posts"}],"about":[{"href":"https:\/\/jorgezanoni.com.br\/2019\/wp-json\/wp\/v2\/types\/post"}],"author":[{"embeddable":true,"href":"https:\/\/jorgezanoni.com.br\/2019\/wp-json\/wp\/v2\/users\/1"}],"replies":[{"embeddable":true,"href":"https:\/\/jorgezanoni.com.br\/2019\/wp-json\/wp\/v2\/comments?post=34647"}],"version-history":[{"count":0,"href":"https:\/\/jorgezanoni.com.br\/2019\/wp-json\/wp\/v2\/posts\/34647\/revisions"}],"wp:featuredmedia":[{"embeddable":true,"href":"https:\/\/jorgezanoni.com.br\/2019\/wp-json\/wp\/v2\/media\/34648"}],"wp:attachment":[{"href":"https:\/\/jorgezanoni.com.br\/2019\/wp-json\/wp\/v2\/media?parent=34647"}],"wp:term":[{"taxonomy":"category","embeddable":true,"href":"https:\/\/jorgezanoni.com.br\/2019\/wp-json\/wp\/v2\/categories?post=34647"},{"taxonomy":"post_tag","embeddable":true,"href":"https:\/\/jorgezanoni.com.br\/2019\/wp-json\/wp\/v2\/tags?post=34647"}],"curies":[{"name":"wp","href":"https:\/\/api.w.org\/{rel}","templated":true}]}}