{"id":34643,"date":"2020-09-11T13:04:16","date_gmt":"2020-09-11T13:04:16","guid":{"rendered":"https:\/\/jorgezanoni.com.br\/2019\/?p=34643"},"modified":"2020-09-11T13:04:16","modified_gmt":"2020-09-11T13:04:16","slug":"pernilongos-tiram-sossego-de-moradores-de-dracena","status":"publish","type":"post","link":"https:\/\/jorgezanoni.com.br\/2019\/pernilongos-tiram-sossego-de-moradores-de-dracena\/","title":{"rendered":"Pernilongos tiram sossego de moradores de Dracena"},"content":{"rendered":"<p style=\"text-align: justify;\">A reportagem do <strong>Site Jorge Zanoni, <\/strong>tem recebido in\u00fameras reclama\u00e7\u00f5es de moradores de Dracena de diversos pontos da cidade, dizendo que est\u00e1 imposs\u00edvel conviver com a grande quantidade de Pernilongos que tem aparecido nos \u00faltimos dias.<\/p>\n<p style=\"text-align: justify;\">\u00c9 sabido que na \u00e9poca certa n\u00e3o foi feito o trabalho de preven\u00e7\u00e3o, que aliado a falta de chuvas causa todo esse problema.<\/p>\n<p style=\"text-align: justify;\">N\u00e3o basta o calor que est\u00e1 cada vez mais forte (e \u00e1rvores sendo cortadas por todo canto), ainda temos que conviver com um problema que poderia ter sido melhor cuidado.<\/p>\n<p style=\"text-align: justify;\">Veja V\u00eddeo de Internauta feito em resid\u00eancia nas imedia\u00e7\u00f5es do Jardim Kenedy e Foto pr\u00f3ximo ao Celebrit\u00e1.<\/p>\n<div style=\"width: 640px;\" class=\"wp-video\"><video class=\"wp-video-shortcode\" id=\"video-34643-1\" width=\"640\" height=\"352\" preload=\"metadata\" controls=\"controls\"><source type=\"video\/mp4\" src=\"https:\/\/jorgezanoni.com.br\/2019\/wp-content\/uploads\/2020\/09\/WhatsApp-Video-2020-09-11-at-08.26.54.mp4?_=1\" \/><a href=\"https:\/\/jorgezanoni.com.br\/2019\/wp-content\/uploads\/2020\/09\/WhatsApp-Video-2020-09-11-at-08.26.54.mp4\">https:\/\/jorgezanoni.com.br\/2019\/wp-content\/uploads\/2020\/09\/WhatsApp-Video-2020-09-11-at-08.26.54.mp4<\/a><\/video><\/div>\n<p>&nbsp;<\/p>\n","protected":false},"excerpt":{"rendered":"<p>A reportagem do Site Jorge Zanoni, tem recebido in\u00fameras reclama\u00e7\u00f5es de moradores de Dracena de diversos pontos da cidade, dizendo que est\u00e1 imposs\u00edvel conviver com a grande quantidade de Pernilongos que tem aparecido nos \u00faltimos dias. \u00c9 sabido que na \u00e9poca certa n\u00e3o foi feito o trabalho de preven\u00e7\u00e3o, que aliado a falta de chuvas [&hellip;]<\/p>\n","protected":false},"author":1,"featured_media":34645,"comment_status":"closed","ping_status":"open","sticky":false,"template":"","format":"video","meta":{"footnotes":""},"categories":[110,169],"tags":[],"class_list":["post-34643","post","type-post","status-publish","format-video","has-post-thumbnail","hentry","category-noticiasdestaque","category-videos","post_format-post-format-video"],"_links":{"self":[{"href":"https:\/\/jorgezanoni.com.br\/2019\/wp-json\/wp\/v2\/posts\/34643","targetHints":{"allow":["GET"]}}],"collection":[{"href":"https:\/\/jorgezanoni.com.br\/2019\/wp-json\/wp\/v2\/posts"}],"about":[{"href":"https:\/\/jorgezanoni.com.br\/2019\/wp-json\/wp\/v2\/types\/post"}],"author":[{"embeddable":true,"href":"https:\/\/jorgezanoni.com.br\/2019\/wp-json\/wp\/v2\/users\/1"}],"replies":[{"embeddable":true,"href":"https:\/\/jorgezanoni.com.br\/2019\/wp-json\/wp\/v2\/comments?post=34643"}],"version-history":[{"count":0,"href":"https:\/\/jorgezanoni.com.br\/2019\/wp-json\/wp\/v2\/posts\/34643\/revisions"}],"wp:featuredmedia":[{"embeddable":true,"href":"https:\/\/jorgezanoni.com.br\/2019\/wp-json\/wp\/v2\/media\/34645"}],"wp:attachment":[{"href":"https:\/\/jorgezanoni.com.br\/2019\/wp-json\/wp\/v2\/media?parent=34643"}],"wp:term":[{"taxonomy":"category","embeddable":true,"href":"https:\/\/jorgezanoni.com.br\/2019\/wp-json\/wp\/v2\/categories?post=34643"},{"taxonomy":"post_tag","embeddable":true,"href":"https:\/\/jorgezanoni.com.br\/2019\/wp-json\/wp\/v2\/tags?post=34643"}],"curies":[{"name":"wp","href":"https:\/\/api.w.org\/{rel}","templated":true}]}}