{"id":34618,"date":"2020-09-10T23:29:17","date_gmt":"2020-09-10T23:29:17","guid":{"rendered":"https:\/\/jorgezanoni.com.br\/2019\/?p=34618"},"modified":"2020-09-10T23:29:17","modified_gmt":"2020-09-10T23:29:17","slug":"motorista-perde-controle-da-direcao-e-carro-cai-em-ribanceira-em-presidente-prudente","status":"publish","type":"post","link":"https:\/\/jorgezanoni.com.br\/2019\/motorista-perde-controle-da-direcao-e-carro-cai-em-ribanceira-em-presidente-prudente\/","title":{"rendered":"Motorista perde controle da dire\u00e7\u00e3o e carro cai em ribanceira em Presidente Prudente"},"content":{"rendered":"<div class=\"row content-head non-featured \">\n<div class=\"medium-centered subtitle\">\n<h2 class=\"content-head__subtitle\" style=\"text-align: justify;\"><strong>Condutor, de 61 anos, sofreu ferimentos leves e foi socorrido pelo Corpo de Bombeiros, na manh\u00e3 desta quinta-feira (10).<\/strong><\/h2>\n<div class=\"mc-column content-text active-extra-styles \" data-block-type=\"unstyled\" data-block-weight=\"38\" data-block-id=\"2\">\n<p class=\"content-text__container \" style=\"text-align: justify;\" data-track-category=\"Link no Texto\" data-track-links=\"\">Um homem, de 61 anos, sofreu ferimentos leves na manh\u00e3 desta quinta-feira (10), ap\u00f3s perder o controle de dire\u00e7\u00e3o do ve\u00edculo que conduzia e o carro cair em uma ribanceira, na Estrada Raimundo Maiolini, em\u00a0<a href=\"https:\/\/g1.globo.com\/sp\/presidente-prudente-regiao\/cidade\/presidente-prudente\/\">Presidente Prudente<\/a>.<\/p>\n<\/div>\n<div class=\"wall protected-content\" style=\"text-align: justify;\">\n<div class=\"mc-column content-text active-extra-styles \" data-block-type=\"unstyled\" data-block-weight=\"41\" data-block-id=\"3\">\n<p class=\"content-text__container \" data-track-category=\"Link no Texto\" data-track-links=\"\">De acordo com a Pol\u00edcia Militar, o motorista estava sozinho no carro e transitava sentido Presidente Prudente. Ao chegar na Estrada Raimundo Maiolini, depois de uma curva, perdeu o controle da dire\u00e7\u00e3o e caiu com o carro em uma ribanceira.<\/p>\n<\/div>\n<div class=\"mc-column content-text active-extra-styles \" data-block-type=\"unstyled\" data-block-weight=\"17\" data-block-id=\"4\">\n<p class=\"content-text__container \" data-track-category=\"Link no Texto\" data-track-links=\"\">A v\u00edtima sofreu ferimentos leves, foi socorrida pelo Corpo de Bombeiros e levada ao Hospital Regional (HR).<\/p>\n<\/div>\n<div class=\"row medium-uncollapsed content-media content-photo\" data-block-type=\"backstage-photo\" data-block-id=\"5\">\n<div class=\"mc-column content-media__container\">\n<figure><img decoding=\"async\" class=\"i-amphtml-fill-content i-amphtml-replaced-content\" src=\"https:\/\/s2.glbimg.com\/HpAqmmtHbKVE9K4l0Zh9kDChsmI=\/0x0:1280x605\/984x0\/smart\/filters:strip_icc()\/i.s3.glbimg.com\/v1\/AUTH_59edd422c0c84a879bd37670ae4f538a\/internal_photos\/bs\/2020\/T\/x\/WBk1FxT7ObzmjY9ojA5Q\/whatsapp-image-2020-09-10-at-11.10.10.jpeg\" sizes=\"(max-width: 1366px) 648px, 100vw\" srcset=\"https:\/\/s2.glbimg.com\/wv0E4pUTpnki1nKfjv8oW3f4WuA=\/0x0:1280x605\/1000x0\/smart\/filters:strip_icc()\/i.s3.glbimg.com\/v1\/AUTH_59edd422c0c84a879bd37670ae4f538a\/internal_photos\/bs\/2020\/T\/x\/WBk1FxT7ObzmjY9ojA5Q\/whatsapp-image-2020-09-10-at-11.10.10.jpeg 1000w, https:\/\/s2.glbimg.com\/HpAqmmtHbKVE9K4l0Zh9kDChsmI=\/0x0:1280x605\/984x0\/smart\/filters:strip_icc()\/i.s3.glbimg.com\/v1\/AUTH_59edd422c0c84a879bd37670ae4f538a\/internal_photos\/bs\/2020\/T\/x\/WBk1FxT7ObzmjY9ojA5Q\/whatsapp-image-2020-09-10-at-11.10.10.jpeg 984w, https:\/\/s2.glbimg.com\/FI-BDKvq0H4HnO8G0BuT2WMNGyI=\/0x0:1280x605\/640x0\/smart\/filters:strip_icc()\/i.s3.glbimg.com\/v1\/AUTH_59edd422c0c84a879bd37670ae4f538a\/internal_photos\/bs\/2020\/T\/x\/WBk1FxT7ObzmjY9ojA5Q\/whatsapp-image-2020-09-10-at-11.10.10.jpeg 640w, https:\/\/s2.glbimg.com\/UKWj3YfcLfLlqms9QVKEyUfDkQo=\/0x0:1280x605\/600x0\/smart\/filters:strip_icc()\/i.s3.glbimg.com\/v1\/AUTH_59edd422c0c84a879bd37670ae4f538a\/internal_photos\/bs\/2020\/T\/x\/WBk1FxT7ObzmjY9ojA5Q\/whatsapp-image-2020-09-10-at-11.10.10.jpeg 600w\" alt=\"Acidente foi na manh\u00e3 desta quinta-feira (10), em Presidente Prudente \u2014 Foto: Pol\u00edcia Militar\" \/><\/figure>\n<p class=\"content-media__description \">Acidente foi na manh\u00e3 desta quinta-feira (10), em Presidente Prudente \u2014 Foto: Pol\u00edcia Militar<\/p>\n<\/div>\n<\/div>\n<div class=\"row medium-uncollapsed content-media content-photo\" data-block-type=\"backstage-photo\" data-block-id=\"6\">\n<div class=\"mc-column content-media__container\">\n<figure><img decoding=\"async\" class=\"i-amphtml-fill-content i-amphtml-replaced-content\" src=\"https:\/\/s2.glbimg.com\/wLKan7wTxR3gki1j-Ok7VzZQFWo=\/0x0:1280x605\/984x0\/smart\/filters:strip_icc()\/i.s3.glbimg.com\/v1\/AUTH_59edd422c0c84a879bd37670ae4f538a\/internal_photos\/bs\/2020\/Q\/U\/fQaz00Ro2jrJtdAM1LoA\/whatsapp-image-2020-09-10-at-11.10.08.jpeg\" sizes=\"(max-width: 1366px) 648px, 100vw\" srcset=\"https:\/\/s2.glbimg.com\/CWCQrTRyLX1lWGOpGNcaakZNAk0=\/0x0:1280x605\/1000x0\/smart\/filters:strip_icc()\/i.s3.glbimg.com\/v1\/AUTH_59edd422c0c84a879bd37670ae4f538a\/internal_photos\/bs\/2020\/Q\/U\/fQaz00Ro2jrJtdAM1LoA\/whatsapp-image-2020-09-10-at-11.10.08.jpeg 1000w, https:\/\/s2.glbimg.com\/wLKan7wTxR3gki1j-Ok7VzZQFWo=\/0x0:1280x605\/984x0\/smart\/filters:strip_icc()\/i.s3.glbimg.com\/v1\/AUTH_59edd422c0c84a879bd37670ae4f538a\/internal_photos\/bs\/2020\/Q\/U\/fQaz00Ro2jrJtdAM1LoA\/whatsapp-image-2020-09-10-at-11.10.08.jpeg 984w, https:\/\/s2.glbimg.com\/9GvDTtIje7Twjpc5oiB4PLDtmUs=\/0x0:1280x605\/640x0\/smart\/filters:strip_icc()\/i.s3.glbimg.com\/v1\/AUTH_59edd422c0c84a879bd37670ae4f538a\/internal_photos\/bs\/2020\/Q\/U\/fQaz00Ro2jrJtdAM1LoA\/whatsapp-image-2020-09-10-at-11.10.08.jpeg 640w, https:\/\/s2.glbimg.com\/JxVEhOf9X0jPuXdN6cv7XDhZOgo=\/0x0:1280x605\/600x0\/smart\/filters:strip_icc()\/i.s3.glbimg.com\/v1\/AUTH_59edd422c0c84a879bd37670ae4f538a\/internal_photos\/bs\/2020\/Q\/U\/fQaz00Ro2jrJtdAM1LoA\/whatsapp-image-2020-09-10-at-11.10.08.jpeg 600w\" alt=\"Acidente foi na manh\u00e3 desta quinta-feira (10), em Presidente Prudente \u2014 Foto: Pol\u00edcia Militar\" \/><\/figure>\n<p class=\"content-media__description \">Acidente foi na manh\u00e3 desta quinta-feira (10), em Presidente Prudente \u2014 Foto: Pol\u00edcia Militar<\/p>\n<\/div>\n<\/div>\n<div class=\"row medium-uncollapsed content-media content-photo\" data-block-type=\"backstage-photo\" data-block-id=\"8\">\n<div class=\"mc-column content-media__container\">\n<figure><img decoding=\"async\" class=\"i-amphtml-fill-content i-amphtml-replaced-content\" src=\"https:\/\/s2.glbimg.com\/TIAy77a2CiK111Bd1CC-Hl84RQU=\/0x0:1280x605\/984x0\/smart\/filters:strip_icc()\/i.s3.glbimg.com\/v1\/AUTH_59edd422c0c84a879bd37670ae4f538a\/internal_photos\/bs\/2020\/Y\/0\/0d2pK4SQuSRNkdIvBPJQ\/whatsapp-image-2020-09-10-at-11.10.09-1-.jpeg\" sizes=\"(max-width: 1366px) 648px, 100vw\" srcset=\"https:\/\/s2.glbimg.com\/1nKRkf4qIE6_LtCznca4-aN14wg=\/0x0:1280x605\/1000x0\/smart\/filters:strip_icc()\/i.s3.glbimg.com\/v1\/AUTH_59edd422c0c84a879bd37670ae4f538a\/internal_photos\/bs\/2020\/Y\/0\/0d2pK4SQuSRNkdIvBPJQ\/whatsapp-image-2020-09-10-at-11.10.09-1-.jpeg 1000w, https:\/\/s2.glbimg.com\/TIAy77a2CiK111Bd1CC-Hl84RQU=\/0x0:1280x605\/984x0\/smart\/filters:strip_icc()\/i.s3.glbimg.com\/v1\/AUTH_59edd422c0c84a879bd37670ae4f538a\/internal_photos\/bs\/2020\/Y\/0\/0d2pK4SQuSRNkdIvBPJQ\/whatsapp-image-2020-09-10-at-11.10.09-1-.jpeg 984w, https:\/\/s2.glbimg.com\/s7h4J-9wJNpwlfS-9DYGXY-2xzo=\/0x0:1280x605\/640x0\/smart\/filters:strip_icc()\/i.s3.glbimg.com\/v1\/AUTH_59edd422c0c84a879bd37670ae4f538a\/internal_photos\/bs\/2020\/Y\/0\/0d2pK4SQuSRNkdIvBPJQ\/whatsapp-image-2020-09-10-at-11.10.09-1-.jpeg 640w, https:\/\/s2.glbimg.com\/k46w4f3ehDsMTGSm2gkj-k8cGOk=\/0x0:1280x605\/600x0\/smart\/filters:strip_icc()\/i.s3.glbimg.com\/v1\/AUTH_59edd422c0c84a879bd37670ae4f538a\/internal_photos\/bs\/2020\/Y\/0\/0d2pK4SQuSRNkdIvBPJQ\/whatsapp-image-2020-09-10-at-11.10.09-1-.jpeg 600w\" alt=\"Acidente foi na manh\u00e3 desta quinta-feira (10), em Presidente Prudente \u2014 Foto: Pol\u00edcia Militar\" \/><\/figure>\n<p class=\"content-media__description \">Acidente foi na manh\u00e3 desta quinta-feira (10), em Presidente Prudente \u2014 Foto: Pol\u00edcia Militar<\/p>\n<\/div>\n<\/div>\n<div class=\"row medium-uncollapsed content-media content-photo\" data-block-type=\"backstage-photo\" data-block-id=\"9\">\n<div class=\"mc-column content-media__container\">\n<figure><img decoding=\"async\" class=\"i-amphtml-fill-content i-amphtml-replaced-content\" src=\"https:\/\/s2.glbimg.com\/t3cmjN96Bb5ClhMwblYKuBTmnw4=\/0x0:1280x605\/984x0\/smart\/filters:strip_icc()\/i.s3.glbimg.com\/v1\/AUTH_59edd422c0c84a879bd37670ae4f538a\/internal_photos\/bs\/2020\/J\/h\/XkW8Z8RAAZW1WXTnBB6w\/whatsapp-image-2020-09-10-at-11.10.09.jpeg\" sizes=\"(max-width: 1366px) 648px, 100vw\" srcset=\"https:\/\/s2.glbimg.com\/brcuw-3BTcL8KEUPVfhGuFsoZPY=\/0x0:1280x605\/1000x0\/smart\/filters:strip_icc()\/i.s3.glbimg.com\/v1\/AUTH_59edd422c0c84a879bd37670ae4f538a\/internal_photos\/bs\/2020\/J\/h\/XkW8Z8RAAZW1WXTnBB6w\/whatsapp-image-2020-09-10-at-11.10.09.jpeg 1000w, https:\/\/s2.glbimg.com\/t3cmjN96Bb5ClhMwblYKuBTmnw4=\/0x0:1280x605\/984x0\/smart\/filters:strip_icc()\/i.s3.glbimg.com\/v1\/AUTH_59edd422c0c84a879bd37670ae4f538a\/internal_photos\/bs\/2020\/J\/h\/XkW8Z8RAAZW1WXTnBB6w\/whatsapp-image-2020-09-10-at-11.10.09.jpeg 984w, https:\/\/s2.glbimg.com\/mMnKgticF7iyt2qjfD4bx5Sl138=\/0x0:1280x605\/640x0\/smart\/filters:strip_icc()\/i.s3.glbimg.com\/v1\/AUTH_59edd422c0c84a879bd37670ae4f538a\/internal_photos\/bs\/2020\/J\/h\/XkW8Z8RAAZW1WXTnBB6w\/whatsapp-image-2020-09-10-at-11.10.09.jpeg 640w, https:\/\/s2.glbimg.com\/ZOR4NhBEieHs6J88wSgl3okZ18U=\/0x0:1280x605\/600x0\/smart\/filters:strip_icc()\/i.s3.glbimg.com\/v1\/AUTH_59edd422c0c84a879bd37670ae4f538a\/internal_photos\/bs\/2020\/J\/h\/XkW8Z8RAAZW1WXTnBB6w\/whatsapp-image-2020-09-10-at-11.10.09.jpeg 600w\" alt=\"Acidente foi na manh\u00e3 desta quinta-feira (10), em Presidente Prudente \u2014 Foto: Pol\u00edcia Militar\" \/><\/figure>\n<p class=\"content-media__description \">Acidente foi na manh\u00e3 desta quinta-feira (10), em Presidente Prudente \u2014 Foto: Pol\u00edcia Militar<\/p>\n<p>Fonte: G1<\/p>\n<\/div>\n<\/div>\n<\/div>\n<\/div>\n<\/div>\n<div class=\"content__signa-share\">\n<div class=\"content__signature\">\n<div class=\"content-publication-data\">\n<div class=\"content-publication-data__text\" style=\"text-align: justify;\"><\/div>\n<\/div>\n<\/div>\n<\/div>\n","protected":false},"excerpt":{"rendered":"<p>Condutor, de 61 anos, sofreu ferimentos leves e foi socorrido pelo Corpo de Bombeiros, na manh\u00e3 desta quinta-feira (10). Um homem, de 61 anos, sofreu ferimentos leves na manh\u00e3 desta quinta-feira (10), ap\u00f3s perder o controle de dire\u00e7\u00e3o do ve\u00edculo que conduzia e o carro cair em uma ribanceira, na Estrada Raimundo Maiolini, em\u00a0Presidente Prudente. [&hellip;]<\/p>\n","protected":false},"author":1,"featured_media":34619,"comment_status":"closed","ping_status":"open","sticky":false,"template":"","format":"standard","meta":{"footnotes":""},"categories":[170,110],"tags":[],"class_list":["post-34618","post","type-post","status-publish","format-standard","has-post-thumbnail","hentry","category-acidentes","category-noticiasdestaque"],"_links":{"self":[{"href":"https:\/\/jorgezanoni.com.br\/2019\/wp-json\/wp\/v2\/posts\/34618","targetHints":{"allow":["GET"]}}],"collection":[{"href":"https:\/\/jorgezanoni.com.br\/2019\/wp-json\/wp\/v2\/posts"}],"about":[{"href":"https:\/\/jorgezanoni.com.br\/2019\/wp-json\/wp\/v2\/types\/post"}],"author":[{"embeddable":true,"href":"https:\/\/jorgezanoni.com.br\/2019\/wp-json\/wp\/v2\/users\/1"}],"replies":[{"embeddable":true,"href":"https:\/\/jorgezanoni.com.br\/2019\/wp-json\/wp\/v2\/comments?post=34618"}],"version-history":[{"count":0,"href":"https:\/\/jorgezanoni.com.br\/2019\/wp-json\/wp\/v2\/posts\/34618\/revisions"}],"wp:featuredmedia":[{"embeddable":true,"href":"https:\/\/jorgezanoni.com.br\/2019\/wp-json\/wp\/v2\/media\/34619"}],"wp:attachment":[{"href":"https:\/\/jorgezanoni.com.br\/2019\/wp-json\/wp\/v2\/media?parent=34618"}],"wp:term":[{"taxonomy":"category","embeddable":true,"href":"https:\/\/jorgezanoni.com.br\/2019\/wp-json\/wp\/v2\/categories?post=34618"},{"taxonomy":"post_tag","embeddable":true,"href":"https:\/\/jorgezanoni.com.br\/2019\/wp-json\/wp\/v2\/tags?post=34618"}],"curies":[{"name":"wp","href":"https:\/\/api.w.org\/{rel}","templated":true}]}}