{"id":34599,"date":"2020-09-10T22:07:56","date_gmt":"2020-09-10T22:07:56","guid":{"rendered":"https:\/\/jorgezanoni.com.br\/2019\/?p=34599"},"modified":"2020-09-10T22:10:10","modified_gmt":"2020-09-10T22:10:10","slug":"no-distrito-federal-o-dracena-tempersul-enfrenta-o-real-brasilia-pela-liga-nacional","status":"publish","type":"post","link":"https:\/\/jorgezanoni.com.br\/2019\/no-distrito-federal-o-dracena-tempersul-enfrenta-o-real-brasilia-pela-liga-nacional\/","title":{"rendered":"No Distrito Federal, o Dracena Tempersul enfrenta o Real Bras\u00edlia pela Liga Nacional"},"content":{"rendered":"<p style=\"font-weight: 400; text-align: justify;\">O Dracena Tempersul Intelli j\u00e1 est\u00e1 em Ceil\u00e2ndia, no Distrito Federal, para sua terceira partida na Liga Nacional de Futsal, dessa vez frente ao Real Bras\u00edlia. A bola rola nesta sexta-feira (11), a partir das 14h, com transmiss\u00e3o da LNF TV.<\/p>\n<p style=\"font-weight: 400; text-align: justify;\">Com o empate conquistado frente ao S\u00e3o Jos\u00e9 na rodada anterior, a equipe dracenense tem um ponto na competi\u00e7\u00e3o e est\u00e1 na 6\u00aa coloca\u00e7\u00e3o do grupo A. J\u00e1 o Bras\u00edlia soma dois, com empates diante de Praia Clube e Minas T\u00eanis Clube, e est\u00e1 na 5\u00aa posi\u00e7\u00e3o.<\/p>\n<p style=\"font-weight: 400; text-align: justify;\">Para este duelo, o t\u00e9cnico Bruno Silva poder\u00e1 repetir as principais forma\u00e7\u00f5es trabalhadas nos treinamentos. A exce\u00e7\u00e3o \u00e9 o ala Marcelinho, que sofreu uma entorse no tornozelo esquerdo e n\u00e3o viajou com a equipe.<\/p>\n<p style=\"font-weight: 400; text-align: justify;\">&#8220;N\u00f3s tivemos uma semana de treinos muito intensa e acredito que esse trabalho se refletir\u00e1 no desempenho da equipe&#8221;, analisou Bruno. &#8220;Al\u00e9m disso, o Bras\u00edlia chega bastante pressionado, pois jogou tr\u00eas vezes e ainda n\u00e3o venceu, inclusive na \u00faltima partida estava vencendo por 5 a 0 e acabou sofrendo o empate&#8221;, completou o comandante.<\/p>\n<p style=\"font-weight: 400; text-align: justify;\">Bruno tamb\u00e9m comentou que &#8220;o hor\u00e1rio at\u00edpico da partida, \u00e0s 14h, com o forte calor e aliado \u00e0 baixa umidade nesta \u00e9poca do ano no Distrito Federal do certamente ser\u00e3o fatores a serem superados para voltarmos a Dracena com os tr\u00eas pontos, que \u00e9 o grande objetivo&#8221;.<\/p>\n<p style=\"font-weight: 400; text-align: justify;\">Para o goleiro Pedrinho, &#8220;a equipe fez uma excelente prepara\u00e7\u00e3o para este duelo contra o Bras\u00edlia. Estamos confiantes para desenvolver nosso jogo e conquistar a primeira vit\u00f3ria na Liga Nacional&#8221;.<\/p>\n<p style=\"font-weight: 400; text-align: justify;\">\u00a0<strong>Amigos da LNF<\/strong><\/p>\n<p style=\"font-weight: 400; text-align: justify;\">Na temporada 2020 a Liga Nacional de Futsal ter\u00e1 transmiss\u00e3o na TV Brasil, Sportv e LNFTV.<\/p>\n<p style=\"font-weight: 400; text-align: justify;\">Na plataforma virtual da LNFTV o acesso ser\u00e1 mediante cadastro e assinatura, com parcela \u00fanica de R$ 99,90 e parte do montante ser\u00e1 repassado ao clube. Para aderir ao plano \u00e9 preciso acessar o site da LNF (<a href=\"https:\/\/ligafutsal.com.br\/\">https:\/\/ligafutsal.com.br\/<\/a>)<\/p>\n<p><img loading=\"lazy\" decoding=\"async\" class=\"alignnone size-full wp-image-34600\" src=\"https:\/\/jorgezanoni.com.br\/2019\/wp-content\/uploads\/2020\/09\/temper.jpg\" alt=\"\" width=\"240\" height=\"160\" \/><\/p>\n<p>Fonte: Assessoria de Imprensa<\/p>\n<p style=\"font-weight: 400; text-align: justify;\"><strong>\u00a0<\/strong><\/p>\n","protected":false},"excerpt":{"rendered":"<p>O Dracena Tempersul Intelli j\u00e1 est\u00e1 em Ceil\u00e2ndia, no Distrito Federal, para sua terceira partida na Liga Nacional de Futsal, dessa vez frente ao Real Bras\u00edlia. A bola rola nesta sexta-feira (11), a partir das 14h, com transmiss\u00e3o da LNF TV. Com o empate conquistado frente ao S\u00e3o Jos\u00e9 na rodada anterior, a equipe dracenense [&hellip;]<\/p>\n","protected":false},"author":1,"featured_media":34603,"comment_status":"closed","ping_status":"open","sticky":false,"template":"","format":"standard","meta":{"footnotes":""},"categories":[111,110],"tags":[],"class_list":["post-34599","post","type-post","status-publish","format-standard","has-post-thumbnail","hentry","category-esporteecultura","category-noticiasdestaque"],"_links":{"self":[{"href":"https:\/\/jorgezanoni.com.br\/2019\/wp-json\/wp\/v2\/posts\/34599","targetHints":{"allow":["GET"]}}],"collection":[{"href":"https:\/\/jorgezanoni.com.br\/2019\/wp-json\/wp\/v2\/posts"}],"about":[{"href":"https:\/\/jorgezanoni.com.br\/2019\/wp-json\/wp\/v2\/types\/post"}],"author":[{"embeddable":true,"href":"https:\/\/jorgezanoni.com.br\/2019\/wp-json\/wp\/v2\/users\/1"}],"replies":[{"embeddable":true,"href":"https:\/\/jorgezanoni.com.br\/2019\/wp-json\/wp\/v2\/comments?post=34599"}],"version-history":[{"count":0,"href":"https:\/\/jorgezanoni.com.br\/2019\/wp-json\/wp\/v2\/posts\/34599\/revisions"}],"wp:featuredmedia":[{"embeddable":true,"href":"https:\/\/jorgezanoni.com.br\/2019\/wp-json\/wp\/v2\/media\/34603"}],"wp:attachment":[{"href":"https:\/\/jorgezanoni.com.br\/2019\/wp-json\/wp\/v2\/media?parent=34599"}],"wp:term":[{"taxonomy":"category","embeddable":true,"href":"https:\/\/jorgezanoni.com.br\/2019\/wp-json\/wp\/v2\/categories?post=34599"},{"taxonomy":"post_tag","embeddable":true,"href":"https:\/\/jorgezanoni.com.br\/2019\/wp-json\/wp\/v2\/tags?post=34599"}],"curies":[{"name":"wp","href":"https:\/\/api.w.org\/{rel}","templated":true}]}}