{"id":34593,"date":"2020-09-10T21:18:54","date_gmt":"2020-09-10T21:18:54","guid":{"rendered":"https:\/\/jorgezanoni.com.br\/2019\/?p=34593"},"modified":"2020-09-10T21:18:54","modified_gmt":"2020-09-10T21:18:54","slug":"banco-itau-agencia-de-dracena-esta-fechado-temporariamente-por-suspeita-de-covid-19-em-funcionario","status":"publish","type":"post","link":"https:\/\/jorgezanoni.com.br\/2019\/banco-itau-agencia-de-dracena-esta-fechado-temporariamente-por-suspeita-de-covid-19-em-funcionario\/","title":{"rendered":"Banco Ita\u00fa Ag\u00eancia de Dracena est\u00e1 fechado temporariamente por suspeita de COVID-19 em funcion\u00e1rio"},"content":{"rendered":"<p style=\"text-align: justify;\">A reportagem verificou informa\u00e7\u00e3o quanto ao fechamento da ag\u00eancia do Banco Ita\u00fa em Dracena, cujos coment\u00e1rios chegaram \u00e0 reda\u00e7\u00e3o. Na manh\u00e3 desta quinta-feira, fizemos contato com a assessoria do banco e foi nos encaminhado a seguinte informa\u00e7\u00e3o. Confira na \u00edntegra:<\/p>\n<p style=\"text-align: justify;\">\u201cO Ita\u00fa Unibanco informa que a ag\u00eancia 0596, em Dracena, foi fechada temporariamente por suspeita de covid-19 e todos os funcion\u00e1rios da unidade foram afastados de suas fun\u00e7\u00f5es. A ag\u00eancia foi fechada para higieniza\u00e7\u00e3o, seguindo todos os protocolos de limpeza e o uso de antiss\u00e9pticos adequados. Clientes que necessitarem de atendimento presencial poder\u00e3o se redirecionar \u00e0 ag\u00eancia 0492, em Adamantina. O Ita\u00fa refor\u00e7a, contudo, a orienta\u00e7\u00e3o para que os clientes usem os canais digitais para efetuar opera\u00e7\u00f5es que podem ser realizadas por meio destes, como pagamento de t\u00edtulos e boletos, contrata\u00e7\u00e3o de cr\u00e9dito, solicita\u00e7\u00e3o de segunda via de cart\u00e3o e outros servi\u00e7os dispon\u00edveis em <a href=\"https:\/\/urldefense.com\/v3\/__https:\/www.itau.com.br\/coronavirus\/__;!!N96JrnIq8IfO5w!xYrC_r-L42AmCFYTqNFkmlKHHigMQ0KoBM2vs8ywb4_bKQojbtuHUw2ZsPaZCVtt7xNeoA$\" data-saferedirecturl=\"https:\/\/www.google.com\/url?q=https:\/\/urldefense.com\/v3\/__https:\/www.itau.com.br\/coronavirus\/__;!!N96JrnIq8IfO5w!xYrC_r-L42AmCFYTqNFkmlKHHigMQ0KoBM2vs8ywb4_bKQojbtuHUw2ZsPaZCVtt7xNeoA$&amp;source=gmail&amp;ust=1599837239233000&amp;usg=AFQjCNEXXAdu_VUpN_w0bftdsA8VxMlZJA\">https:\/\/www.itau.com.br\/coronavirus\/<\/a>.\u201d<\/p>\n<p>Fonte: Portal Regional<\/p>\n","protected":false},"excerpt":{"rendered":"<p>A reportagem verificou informa\u00e7\u00e3o quanto ao fechamento da ag\u00eancia do Banco Ita\u00fa em Dracena, cujos coment\u00e1rios chegaram \u00e0 reda\u00e7\u00e3o. Na manh\u00e3 desta quinta-feira, fizemos contato com a assessoria do banco e foi nos encaminhado a seguinte informa\u00e7\u00e3o. Confira na \u00edntegra: \u201cO Ita\u00fa Unibanco informa que a ag\u00eancia 0596, em Dracena, foi fechada temporariamente por suspeita [&hellip;]<\/p>\n","protected":false},"author":1,"featured_media":34594,"comment_status":"closed","ping_status":"open","sticky":false,"template":"","format":"standard","meta":{"footnotes":""},"categories":[110,116],"tags":[],"class_list":["post-34593","post","type-post","status-publish","format-standard","has-post-thumbnail","hentry","category-noticiasdestaque","category-politicaeeconomia"],"_links":{"self":[{"href":"https:\/\/jorgezanoni.com.br\/2019\/wp-json\/wp\/v2\/posts\/34593","targetHints":{"allow":["GET"]}}],"collection":[{"href":"https:\/\/jorgezanoni.com.br\/2019\/wp-json\/wp\/v2\/posts"}],"about":[{"href":"https:\/\/jorgezanoni.com.br\/2019\/wp-json\/wp\/v2\/types\/post"}],"author":[{"embeddable":true,"href":"https:\/\/jorgezanoni.com.br\/2019\/wp-json\/wp\/v2\/users\/1"}],"replies":[{"embeddable":true,"href":"https:\/\/jorgezanoni.com.br\/2019\/wp-json\/wp\/v2\/comments?post=34593"}],"version-history":[{"count":0,"href":"https:\/\/jorgezanoni.com.br\/2019\/wp-json\/wp\/v2\/posts\/34593\/revisions"}],"wp:featuredmedia":[{"embeddable":true,"href":"https:\/\/jorgezanoni.com.br\/2019\/wp-json\/wp\/v2\/media\/34594"}],"wp:attachment":[{"href":"https:\/\/jorgezanoni.com.br\/2019\/wp-json\/wp\/v2\/media?parent=34593"}],"wp:term":[{"taxonomy":"category","embeddable":true,"href":"https:\/\/jorgezanoni.com.br\/2019\/wp-json\/wp\/v2\/categories?post=34593"},{"taxonomy":"post_tag","embeddable":true,"href":"https:\/\/jorgezanoni.com.br\/2019\/wp-json\/wp\/v2\/tags?post=34593"}],"curies":[{"name":"wp","href":"https:\/\/api.w.org\/{rel}","templated":true}]}}