{"id":34535,"date":"2020-09-10T00:31:07","date_gmt":"2020-09-10T00:31:07","guid":{"rendered":"https:\/\/jorgezanoni.com.br\/2019\/?p=34535"},"modified":"2020-09-10T00:31:07","modified_gmt":"2020-09-10T00:31:07","slug":"a-midia-no-contexto-da-metacomunicacao","status":"publish","type":"post","link":"https:\/\/jorgezanoni.com.br\/2019\/a-midia-no-contexto-da-metacomunicacao\/","title":{"rendered":"A M\u00eddia no contexto da Metacomunica\u00e7\u00e3o"},"content":{"rendered":"<p><strong>A M\u00cdDIA NO CONTEXTO DA METACOMUNICA\u00c7\u00c3O&#8230;<\/strong><\/p>\n<p style=\"text-align: justify;\"><em>\u201cA massa mant\u00e9m a marca, a marca mant\u00e9m a m\u00eddia e a m\u00eddia controla a massa.\u201d (<\/em><a href=\"https:\/\/www.pensador.com\/autor\/george_orwell\/\"><em>George Orwell<\/em><\/a><em>)<\/em><\/p>\n<p style=\"text-align: justify;\"><strong><em>S\u00e9rgio Barbosa (*)<\/em><\/strong><\/p>\n<p style=\"text-align: justify;\">A m\u00eddia deste PA\u00cdS DO FAZ DE CONTA continua divulgando fatos relacionados com as novas propostas do atual governo BOZZONARO, bem como, diversos desencontros patrocinados e mediados pelo cen\u00e1rio mundial em tempo de PANDEMIA&#8230;<\/p>\n<p style=\"text-align: justify;\">Interessante acompanhar os meios de comunica\u00e7\u00e3o nesta empreitada, pois, os fatos acabam enrolando as not\u00edcias e vice-versa, ainda bem que neste caso espec\u00edfico, sempre aparece algum interlocutor para amenizar o impacto da reportagem em meio aos desencontros de uma mesma informa\u00e7\u00e3o&#8230;<\/p>\n<p style=\"text-align: justify;\">Para tentar entender os c\u00f3digos desta metacomunica\u00e7\u00e3o \u00e9 preciso estar em dia com a hist\u00f3ria dos velhos tempos, principalmente no caos desta verdadeira batalha pelo furo jornal\u00edstico em tempo de p\u00f3s-globaliza\u00e7\u00e3o midi\u00e1tica&#8230;<\/p>\n<p style=\"text-align: justify;\">A denominada grande imprensa continua buscando alternativas para comercializar a mat\u00e9ria prima do jornalismo como meio e n\u00e3o fim do processo, criando desta forma, um sistema viciado e perigoso para o receptor em tempo de REDES SOCIAIS e FAKE NEWS&#8230;<\/p>\n<p style=\"text-align: justify;\">Os processos midi\u00e1ticos contempor\u00e2neos est\u00e3o na pauta das grandes corpora\u00e7\u00f5es de m\u00eddia em n\u00edvel mundial, proporcionando todas as ALIAN\u00c7AS ou ACORDOS poss\u00edveis pelas denominadas ORGANIZA\u00c7\u00d5ES que atuam na \u00e1rea da M\u00cdDIA em n\u00edvel GLOCAL, ou seja, do GLOBAL para o LOCAL&#8230;<\/p>\n<p style=\"text-align: justify;\">No final dos anos 90, o pesquisador Denis Moraes, denominou como PLANETA M\u00cdDIA tais atividades relacionadas com a M\u00cdDIA, assim, os meios acabaram se transformando pelas descobertas decorrentes da inform\u00e1tica na \u00e1rea comunicacional, quando tudo se transforma em segundos pelas fibras \u00f3ticas ou um toque no teclado disto ou daquilo com apoio AMPLO, GERAL e IRRESTRITO das REDES SOCIAIS&#8230;<\/p>\n<p style=\"text-align: justify;\">\u00c9 preciso estar em conex\u00e3o com a REDE, se poss\u00edvel em sintonia com as altera\u00e7\u00f5es que ocorrem sem mais e sem menos para todos os lados e \u00e1reas do MERCADO ORGANIZACIONAL como IN\u00cdCIO e MEIO, por\u00e9m, sem aquele FINAL ou FIM disto ou daquilo&#8230;<\/p>\n<p style=\"text-align: justify;\">Neste cen\u00e1rio da METACOMUNICA\u00c7\u00c3O ou METAM\u00cdDIA, depende de cada escolha entre uma \u00fanica alternativa, pode-se registrar que tudo \u00e9 permitido e n\u00e3o existe um padr\u00e3o moral ou \u00c9TICO para tais considera\u00e7\u00f5es, haja vista os interesses ECON\u00d4MICOS que atuam no MERCADO ORGANIZACIONAL&#8230;<\/p>\n<p style=\"text-align: justify;\">Entretanto, as centenas de descobertas do outro e do in\u00edcio deste NOVO S\u00c9CULO continuam manipulando todas as possibilidades em nome desta ou daquela BANDEIRA (sic) e o SENSO COMUM acaba predominando frente aos ocasos de um talvez e ponto quase final&#8230;<\/p>\n<p style=\"text-align: justify;\">No caso em especial deste PA\u00cdS DO FAZ DE CONTA em tempo de COISO com suas COISAS, ainda, seguindo o PADR\u00c3O SEM NO\u00c7\u00c3O das MENTES BOVINAS, pode-se escrever que continua valendo aquela frase m\u00e1xima da \u00e1rea da PUBLICIDADE, ou seja, NADA SE CRIA, TUDO SE COPIA ou ent\u00e3o um outro posicionamento um tanto quanto controvertido, a saber: OS FINS JUSTIFICAM OS MEIOS&#8230;<\/p>\n<p style=\"text-align: justify;\">A imprensa deste PA\u00cdS DO FAZ DE CONTA com suas pautas direcionadas e manipuladas continuam sob as ASAS de uma PSEUDO-LIBERDADE, tamb\u00e9m, est\u00e3o distante da REALIDADE em todas as \u00e1reas das denominadas POL\u00cdTICAS P\u00daBLICAS em tempo de DESGOVERNO BOZZONARO&#8230;<\/p>\n<p style=\"text-align: justify;\">As propostas mediadas pela METACOMUNIC\u00c7\u00c3O est\u00e3o em C\u00d3DIGO para as MENTES BOVINAS que continuam seguindo o BERRANTE de sempre neste PA\u00cdS DO FAZ DE CONTA&#8230;<\/p>\n<p style=\"text-align: justify;\"><em>_____________________________________<\/em><\/p>\n<p style=\"text-align: justify;\"><em>(*) Jornalista diplomado e professor universit\u00e1rio.<\/em><\/p>\n","protected":false},"excerpt":{"rendered":"<p>A M\u00cdDIA NO CONTEXTO DA METACOMUNICA\u00c7\u00c3O&#8230; \u201cA massa mant\u00e9m a marca, a marca mant\u00e9m a m\u00eddia e a m\u00eddia controla a massa.\u201d (George Orwell) S\u00e9rgio Barbosa (*) A m\u00eddia deste PA\u00cdS DO FAZ DE CONTA continua divulgando fatos relacionados com as novas propostas do atual governo BOZZONARO, bem como, diversos desencontros patrocinados e mediados pelo [&hellip;]<\/p>\n","protected":false},"author":1,"featured_media":34536,"comment_status":"closed","ping_status":"open","sticky":false,"template":"","format":"standard","meta":{"footnotes":""},"categories":[175],"tags":[],"class_list":["post-34535","post","type-post","status-publish","format-standard","has-post-thumbnail","hentry","category-artigos"],"_links":{"self":[{"href":"https:\/\/jorgezanoni.com.br\/2019\/wp-json\/wp\/v2\/posts\/34535","targetHints":{"allow":["GET"]}}],"collection":[{"href":"https:\/\/jorgezanoni.com.br\/2019\/wp-json\/wp\/v2\/posts"}],"about":[{"href":"https:\/\/jorgezanoni.com.br\/2019\/wp-json\/wp\/v2\/types\/post"}],"author":[{"embeddable":true,"href":"https:\/\/jorgezanoni.com.br\/2019\/wp-json\/wp\/v2\/users\/1"}],"replies":[{"embeddable":true,"href":"https:\/\/jorgezanoni.com.br\/2019\/wp-json\/wp\/v2\/comments?post=34535"}],"version-history":[{"count":0,"href":"https:\/\/jorgezanoni.com.br\/2019\/wp-json\/wp\/v2\/posts\/34535\/revisions"}],"wp:featuredmedia":[{"embeddable":true,"href":"https:\/\/jorgezanoni.com.br\/2019\/wp-json\/wp\/v2\/media\/34536"}],"wp:attachment":[{"href":"https:\/\/jorgezanoni.com.br\/2019\/wp-json\/wp\/v2\/media?parent=34535"}],"wp:term":[{"taxonomy":"category","embeddable":true,"href":"https:\/\/jorgezanoni.com.br\/2019\/wp-json\/wp\/v2\/categories?post=34535"},{"taxonomy":"post_tag","embeddable":true,"href":"https:\/\/jorgezanoni.com.br\/2019\/wp-json\/wp\/v2\/tags?post=34535"}],"curies":[{"name":"wp","href":"https:\/\/api.w.org\/{rel}","templated":true}]}}