{"id":34532,"date":"2020-09-10T00:02:27","date_gmt":"2020-09-10T00:02:27","guid":{"rendered":"https:\/\/jorgezanoni.com.br\/2019\/?p=34532"},"modified":"2020-09-10T00:02:27","modified_gmt":"2020-09-10T00:02:27","slug":"ace-sincomerciarios-e-prefeitura-regulamentam-horario-do-comercio-aos-sabados-em-dracena","status":"publish","type":"post","link":"https:\/\/jorgezanoni.com.br\/2019\/ace-sincomerciarios-e-prefeitura-regulamentam-horario-do-comercio-aos-sabados-em-dracena\/","title":{"rendered":"ACE, Sincomerci\u00e1rios e Prefeitura regulamentam hor\u00e1rio do com\u00e9rcio aos s\u00e1bados em Dracena"},"content":{"rendered":"<div style=\"text-align: justify;\">Ap\u00f3s reuni\u00e3o na tarde de ter\u00e7a-feira (8), entre Associa\u00e7\u00e3o Comercial e Empresarial de Dracena (ACE), representada pelo tesoureiro Luciano Gerlin da Silva; Sindicato dos Empregados no Com\u00e9rcio de Dracena (Sincomerci\u00e1rios), representado pelo presidente S\u00e9rgio Manoel, e Prefeitura, representada pelo Secret\u00e1rio Municipal de Gabinete, Governo e Desenvolvimento Econ\u00f4mico, S\u00edlvio Aparecido Rodrigues, foi definido em comum acordo, a regulamenta\u00e7\u00e3o do hor\u00e1rio do com\u00e9rcio n\u00e3o essencial aos s\u00e1bados, durante a Fase Amarela, do Plano S\u00e3o Paulo de retomada da economia.<\/div>\n<div>\n<p style=\"text-align: justify;\">Hor\u00e1rio definido<\/p>\n<p style=\"text-align: justify;\">Em Dracena, o com\u00e9rcio funcionar\u00e1 aos s\u00e1bados, das 9h \u00e0s 13h, com exce\u00e7\u00e3o, do segundo s\u00e1bado de cada m\u00eas, que ter\u00e1 hor\u00e1rio de atendimento estendido, das 9h \u00e0s 15h.<\/p>\n<p style=\"text-align: justify;\">A ACE informa ainda, que o hor\u00e1rio do com\u00e9rcio n\u00e3o essencial (lojas e prestadores de servi\u00e7os) para atendimento presencial, de acordo com o \u00faltimo Decreto Municipal, \u00e9 das 9h \u00e0s 17h, respeitando o intervalo para almo\u00e7o de 2 horas. No per\u00edodo das 8h \u00e0s 9h e das 17h \u00e0s 18h, continua os atendimentos delivery e drive\u00a0thru.<\/p>\n<p style=\"text-align: justify;\">Com\u00e9rcio essencial<\/p>\n<p style=\"text-align: justify;\">O atendimento do com\u00e9rcio essencial (farm\u00e1cia, materiais de constru\u00e7\u00e3o, refrigera\u00e7\u00e3o, \u00f3ticas, mec\u00e2nicas, etc) continua como estava: das 8h \u00e0s 18h, tamb\u00e9m com intervalo de 2 horas para o almo\u00e7o. Aos s\u00e1bados, das 9h \u00e0s 13h e no segundo s\u00e1bado de cada m\u00eas, segue o hor\u00e1rio do novo acordo, com atendimento estendido das 9h \u00e0s 15h.<\/p>\n<p style=\"text-align: justify;\">Hor\u00e1rio estendido<\/p>\n<p style=\"text-align: justify;\">Portanto, no pr\u00f3ximo s\u00e1bado, 12 de setembro, o com\u00e9rcio de Dracena, funcionar\u00e1 at\u00e9 \u00e0s 15 horas. Com abertura das lojas, a partir das 9 horas, com intervalo de 1 hora para almo\u00e7o. A compensa\u00e7\u00e3o do hor\u00e1rio extra, ser\u00e1 na segunda e na ter\u00e7a-feira seguinte (14 e 15\/09), com abertura do com\u00e9rcio as 9 horas. A ACE lembra ainda, que este ACORDO ser\u00e1 v\u00e1lido para as empresas que aderirem ao hor\u00e1rio especial do segundo s\u00e1bado de cada m\u00eas.<\/p>\n<p style=\"text-align: justify;\">Preven\u00e7\u00e3o continua<\/p>\n<p style=\"text-align: justify;\">Reafirmamos a import\u00e2ncia da preven\u00e7\u00e3o e higieniza\u00e7\u00e3o do ambiente da empresa e o uso da m\u00e1scara como preven\u00e7\u00e3o contra a Covid 19. Empres\u00e1rio deve continuar exigindo o uso de m\u00e1scara ao consumidor, al\u00e9m de fornecer \u00e1lcool em gel. O consumidor, deve ter consci\u00eancia da import\u00e2ncia do uso da m\u00e1scara, al\u00e9m de respeitar o distanciamento social, para continuarmos avan\u00e7ando nas pr\u00f3ximas fases do Plano S\u00e3o Paulo.<\/p>\n<p style=\"text-align: justify;\"><em>Assessoria de Imprensa<\/em><\/p>\n<\/div>\n","protected":false},"excerpt":{"rendered":"<p>Ap\u00f3s reuni\u00e3o na tarde de ter\u00e7a-feira (8), entre Associa\u00e7\u00e3o Comercial e Empresarial de Dracena (ACE), representada pelo tesoureiro Luciano Gerlin da Silva; Sindicato dos Empregados no Com\u00e9rcio de Dracena (Sincomerci\u00e1rios), representado pelo presidente S\u00e9rgio Manoel, e Prefeitura, representada pelo Secret\u00e1rio Municipal de Gabinete, Governo e Desenvolvimento Econ\u00f4mico, S\u00edlvio Aparecido Rodrigues, foi definido em comum acordo, [&hellip;]<\/p>\n","protected":false},"author":1,"featured_media":34533,"comment_status":"closed","ping_status":"open","sticky":false,"template":"","format":"standard","meta":{"footnotes":""},"categories":[179,184,110],"tags":[],"class_list":["post-34532","post","type-post","status-publish","format-standard","has-post-thumbnail","hentry","category-cidadeseregiao","category-dracena","category-noticiasdestaque"],"_links":{"self":[{"href":"https:\/\/jorgezanoni.com.br\/2019\/wp-json\/wp\/v2\/posts\/34532","targetHints":{"allow":["GET"]}}],"collection":[{"href":"https:\/\/jorgezanoni.com.br\/2019\/wp-json\/wp\/v2\/posts"}],"about":[{"href":"https:\/\/jorgezanoni.com.br\/2019\/wp-json\/wp\/v2\/types\/post"}],"author":[{"embeddable":true,"href":"https:\/\/jorgezanoni.com.br\/2019\/wp-json\/wp\/v2\/users\/1"}],"replies":[{"embeddable":true,"href":"https:\/\/jorgezanoni.com.br\/2019\/wp-json\/wp\/v2\/comments?post=34532"}],"version-history":[{"count":0,"href":"https:\/\/jorgezanoni.com.br\/2019\/wp-json\/wp\/v2\/posts\/34532\/revisions"}],"wp:featuredmedia":[{"embeddable":true,"href":"https:\/\/jorgezanoni.com.br\/2019\/wp-json\/wp\/v2\/media\/34533"}],"wp:attachment":[{"href":"https:\/\/jorgezanoni.com.br\/2019\/wp-json\/wp\/v2\/media?parent=34532"}],"wp:term":[{"taxonomy":"category","embeddable":true,"href":"https:\/\/jorgezanoni.com.br\/2019\/wp-json\/wp\/v2\/categories?post=34532"},{"taxonomy":"post_tag","embeddable":true,"href":"https:\/\/jorgezanoni.com.br\/2019\/wp-json\/wp\/v2\/tags?post=34532"}],"curies":[{"name":"wp","href":"https:\/\/api.w.org\/{rel}","templated":true}]}}