{"id":34529,"date":"2020-09-09T23:35:12","date_gmt":"2020-09-09T23:35:12","guid":{"rendered":"https:\/\/jorgezanoni.com.br\/2019\/?p=34529"},"modified":"2020-09-09T23:35:12","modified_gmt":"2020-09-09T23:35:12","slug":"motorista-morre-apos-capotamento-de-carro-na-rodovia-assis-chateaubriand-em-martinopolis","status":"publish","type":"post","link":"https:\/\/jorgezanoni.com.br\/2019\/motorista-morre-apos-capotamento-de-carro-na-rodovia-assis-chateaubriand-em-martinopolis\/","title":{"rendered":"Motorista morre ap\u00f3s capotamento de carro na Rodovia Assis Chateaubriand, em Martin\u00f3polis"},"content":{"rendered":"<h2 class=\"content-head__subtitle\" style=\"text-align: justify;\"><strong>Condutor, de 67 anos, estava sozinho no ve\u00edculo e chegou a ser levado ao hospital, mas n\u00e3o resistiu aos ferimentos, na manh\u00e3 desta quarta-feira (9).<\/strong><\/h2>\n<div class=\"mc-column content-text active-extra-styles \" data-block-type=\"unstyled\" data-block-weight=\"24\" data-block-id=\"2\">\n<p class=\"content-text__container \" style=\"text-align: justify;\" data-track-category=\"Link no Texto\" data-track-links=\"\">Um homem, de 67 anos, morreu ap\u00f3s capotar o ve\u00edculo que ele conduzia nesta quarta-feira (9), na Rodovia Assis Chateaubriand (SP-425), em\u00a0<a href=\"https:\/\/g1.globo.com\/sp\/presidente-prudente-regiao\/cidade\/martinopolis-sp\/\">Martin\u00f3polis<\/a>.<\/p>\n<\/div>\n<div class=\"wall protected-content\">\n<div class=\"mc-column content-text active-extra-styles \" style=\"text-align: justify;\" data-block-type=\"unstyled\" data-block-weight=\"37\" data-block-id=\"3\">\n<p class=\"content-text__container \" data-track-category=\"Link no Texto\" data-track-links=\"\">De acordo com informa\u00e7\u00f5es da Pol\u00edcia Militar Rodovi\u00e1ria, o motorista, que \u00e9 morador de\u00a0<a href=\"https:\/\/g1.globo.com\/sp\/presidente-prudente-regiao\/cidade\/adamantina\/\">Adamantina<\/a>, estava sozinho no autom\u00f3vel e seguia sentido\u00a0<a href=\"https:\/\/g1.globo.com\/sp\/presidente-prudente-regiao\/cidade\/parapua\/\">Parapu\u00e3<\/a><a href=\"https:\/\/g1.globo.com\/sp\/presidente-prudente-regiao\/cidade\/osvaldo-cruz\/\">&#8211;<\/a><a href=\"https:\/\/g1.globo.com\/sp\/presidente-prudente-regiao\/cidade\/regente-feijo\/\">Regente Feij\u00f3<\/a>, quando se envolveu no acidente. O ve\u00edculo capotou no acostamento da rodovia.<\/p>\n<\/div>\n<div class=\"mc-column content-text active-extra-styles \" style=\"text-align: justify;\" data-block-type=\"unstyled\" data-block-weight=\"30\" data-block-id=\"4\">\n<p class=\"content-text__container \" data-track-category=\"Link no Texto\" data-track-links=\"\">O condutor foi socorrido em estado de sa\u00fade grave e levado \u00e0 Santa Casa local. Conforme informa\u00e7\u00f5es do hospital, a v\u00edtima j\u00e1 chegou sem vida na unidade de sa\u00fade.<\/p>\n<\/div>\n<div class=\"mc-column content-text active-extra-styles \" style=\"text-align: justify;\" data-block-type=\"unstyled\" data-block-weight=\"6\" data-block-id=\"5\">\n<p class=\"content-text__container \" data-track-category=\"Link no Texto\" data-track-links=\"\">A causa do acidente ser\u00e1 investigada.<\/p>\n<\/div>\n<div class=\"mc-column content-text active-extra-styles \" data-block-type=\"unstyled\" data-block-weight=\"19\" data-block-id=\"6\">\n<p class=\"content-text__container \" style=\"text-align: justify;\" data-track-category=\"Link no Texto\" data-track-links=\"\">O tr\u00e2nsito sofreu interrup\u00e7\u00f5es parciais, para socorro da v\u00edtima e retirada do ve\u00edculo, sendo controlado pela Pol\u00edcia Rodovi\u00e1ria.<\/p>\n<\/div>\n<div class=\"row medium-uncollapsed content-media content-photo\" data-block-type=\"backstage-photo\" data-block-id=\"7\">\n<div class=\"mc-column content-media__container\">\n<figure><img decoding=\"async\" class=\"i-amphtml-fill-content i-amphtml-replaced-content\" src=\"https:\/\/s2.glbimg.com\/7dkUJC1DU_4GTbiEbmjmAsQIeck=\/0x0:1280x853\/984x0\/smart\/filters:strip_icc()\/i.s3.glbimg.com\/v1\/AUTH_59edd422c0c84a879bd37670ae4f538a\/internal_photos\/bs\/2020\/Q\/r\/6R9DxBS0O5KxLRu0iu1Q\/whatsapp-image-2020-09-09-at-10.56.42.jpeg\" sizes=\"(max-width: 1366px) 648px, 100vw\" srcset=\"https:\/\/s2.glbimg.com\/6cRYcrLt7ly2RTyPjiX0vMFXoYk=\/0x0:1280x853\/1000x0\/smart\/filters:strip_icc()\/i.s3.glbimg.com\/v1\/AUTH_59edd422c0c84a879bd37670ae4f538a\/internal_photos\/bs\/2020\/Q\/r\/6R9DxBS0O5KxLRu0iu1Q\/whatsapp-image-2020-09-09-at-10.56.42.jpeg 1000w, https:\/\/s2.glbimg.com\/7dkUJC1DU_4GTbiEbmjmAsQIeck=\/0x0:1280x853\/984x0\/smart\/filters:strip_icc()\/i.s3.glbimg.com\/v1\/AUTH_59edd422c0c84a879bd37670ae4f538a\/internal_photos\/bs\/2020\/Q\/r\/6R9DxBS0O5KxLRu0iu1Q\/whatsapp-image-2020-09-09-at-10.56.42.jpeg 984w, https:\/\/s2.glbimg.com\/4GEmMCo2qbKeykouYQPcHwt3IiI=\/0x0:1280x853\/640x0\/smart\/filters:strip_icc()\/i.s3.glbimg.com\/v1\/AUTH_59edd422c0c84a879bd37670ae4f538a\/internal_photos\/bs\/2020\/Q\/r\/6R9DxBS0O5KxLRu0iu1Q\/whatsapp-image-2020-09-09-at-10.56.42.jpeg 640w, https:\/\/s2.glbimg.com\/CqzoTBo60xUv-tFsQLg7UHhJ58I=\/0x0:1280x853\/600x0\/smart\/filters:strip_icc()\/i.s3.glbimg.com\/v1\/AUTH_59edd422c0c84a879bd37670ae4f538a\/internal_photos\/bs\/2020\/Q\/r\/6R9DxBS0O5KxLRu0iu1Q\/whatsapp-image-2020-09-09-at-10.56.42.jpeg 600w\" alt=\"Capotamento foi na SP-425, em Martin\u00f3polis \u2014 Foto: Murilo Antunes \" \/><\/figure>\n<p class=\"content-media__description \">Capotamento foi na SP-425, em Martin\u00f3polis \u2014 Foto: Murilo Antunes<\/p>\n<\/div>\n<\/div>\n<div class=\"row medium-uncollapsed content-media content-photo\" data-block-type=\"backstage-photo\" data-block-id=\"9\">\n<div class=\"mc-column content-media__container\">\n<figure><img decoding=\"async\" class=\"i-amphtml-fill-content i-amphtml-replaced-content\" src=\"https:\/\/s2.glbimg.com\/dTsCMowfqiSBtLopYxcgt1TllbY=\/0x0:1280x853\/984x0\/smart\/filters:strip_icc()\/i.s3.glbimg.com\/v1\/AUTH_59edd422c0c84a879bd37670ae4f538a\/internal_photos\/bs\/2020\/x\/s\/UM5iRtQGALuCh0OAfBbQ\/whatsapp-image-2020-09-09-at-10.56.41-1-.jpeg\" sizes=\"(max-width: 1366px) 648px, 100vw\" srcset=\"https:\/\/s2.glbimg.com\/oJtPDYOOYQ4lpjzb5tDztqo3Mnk=\/0x0:1280x853\/1000x0\/smart\/filters:strip_icc()\/i.s3.glbimg.com\/v1\/AUTH_59edd422c0c84a879bd37670ae4f538a\/internal_photos\/bs\/2020\/x\/s\/UM5iRtQGALuCh0OAfBbQ\/whatsapp-image-2020-09-09-at-10.56.41-1-.jpeg 1000w, https:\/\/s2.glbimg.com\/dTsCMowfqiSBtLopYxcgt1TllbY=\/0x0:1280x853\/984x0\/smart\/filters:strip_icc()\/i.s3.glbimg.com\/v1\/AUTH_59edd422c0c84a879bd37670ae4f538a\/internal_photos\/bs\/2020\/x\/s\/UM5iRtQGALuCh0OAfBbQ\/whatsapp-image-2020-09-09-at-10.56.41-1-.jpeg 984w, https:\/\/s2.glbimg.com\/sIXRcZcugSEVegMU9yM1Rx3Co3c=\/0x0:1280x853\/640x0\/smart\/filters:strip_icc()\/i.s3.glbimg.com\/v1\/AUTH_59edd422c0c84a879bd37670ae4f538a\/internal_photos\/bs\/2020\/x\/s\/UM5iRtQGALuCh0OAfBbQ\/whatsapp-image-2020-09-09-at-10.56.41-1-.jpeg 640w, https:\/\/s2.glbimg.com\/R5DNm9fLD43Khd2d5UBdW2c9-XU=\/0x0:1280x853\/600x0\/smart\/filters:strip_icc()\/i.s3.glbimg.com\/v1\/AUTH_59edd422c0c84a879bd37670ae4f538a\/internal_photos\/bs\/2020\/x\/s\/UM5iRtQGALuCh0OAfBbQ\/whatsapp-image-2020-09-09-at-10.56.41-1-.jpeg 600w\" alt=\"Capotamento foi na SP-425, em Martin\u00f3polis \u2014 Foto: Murilo Antunes \" \/><\/figure>\n<p class=\"content-media__description \">Capotamento foi na SP-425, em Martin\u00f3polis \u2014 Foto: Murilo Antunes<\/p>\n<p>Fonte: G1<\/p>\n<\/div>\n<\/div>\n<\/div>\n","protected":false},"excerpt":{"rendered":"<p>Condutor, de 67 anos, estava sozinho no ve\u00edculo e chegou a ser levado ao hospital, mas n\u00e3o resistiu aos ferimentos, na manh\u00e3 desta quarta-feira (9). Um homem, de 67 anos, morreu ap\u00f3s capotar o ve\u00edculo que ele conduzia nesta quarta-feira (9), na Rodovia Assis Chateaubriand (SP-425), em\u00a0Martin\u00f3polis. De acordo com informa\u00e7\u00f5es da Pol\u00edcia Militar Rodovi\u00e1ria, [&hellip;]<\/p>\n","protected":false},"author":1,"featured_media":34530,"comment_status":"closed","ping_status":"open","sticky":false,"template":"","format":"standard","meta":{"footnotes":""},"categories":[170,110],"tags":[],"class_list":["post-34529","post","type-post","status-publish","format-standard","has-post-thumbnail","hentry","category-acidentes","category-noticiasdestaque"],"_links":{"self":[{"href":"https:\/\/jorgezanoni.com.br\/2019\/wp-json\/wp\/v2\/posts\/34529","targetHints":{"allow":["GET"]}}],"collection":[{"href":"https:\/\/jorgezanoni.com.br\/2019\/wp-json\/wp\/v2\/posts"}],"about":[{"href":"https:\/\/jorgezanoni.com.br\/2019\/wp-json\/wp\/v2\/types\/post"}],"author":[{"embeddable":true,"href":"https:\/\/jorgezanoni.com.br\/2019\/wp-json\/wp\/v2\/users\/1"}],"replies":[{"embeddable":true,"href":"https:\/\/jorgezanoni.com.br\/2019\/wp-json\/wp\/v2\/comments?post=34529"}],"version-history":[{"count":0,"href":"https:\/\/jorgezanoni.com.br\/2019\/wp-json\/wp\/v2\/posts\/34529\/revisions"}],"wp:featuredmedia":[{"embeddable":true,"href":"https:\/\/jorgezanoni.com.br\/2019\/wp-json\/wp\/v2\/media\/34530"}],"wp:attachment":[{"href":"https:\/\/jorgezanoni.com.br\/2019\/wp-json\/wp\/v2\/media?parent=34529"}],"wp:term":[{"taxonomy":"category","embeddable":true,"href":"https:\/\/jorgezanoni.com.br\/2019\/wp-json\/wp\/v2\/categories?post=34529"},{"taxonomy":"post_tag","embeddable":true,"href":"https:\/\/jorgezanoni.com.br\/2019\/wp-json\/wp\/v2\/tags?post=34529"}],"curies":[{"name":"wp","href":"https:\/\/api.w.org\/{rel}","templated":true}]}}